{"id":3754,"date":"2023-04-05T19:59:26","date_gmt":"2023-04-06T00:59:26","guid":{"rendered":"https:\/\/kuriercodziennychicago.com\/?p=3754"},"modified":"2023-04-05T19:59:27","modified_gmt":"2023-04-06T00:59:27","slug":"kard-cantalamessa-odwagi-janie-pawle-ii-ja-jestem-z-wami","status":"publish","type":"post","link":"https:\/\/kuriercodziennychicago.com\/index.php\/2023\/04\/05\/kard-cantalamessa-odwagi-janie-pawle-ii-ja-jestem-z-wami\/","title":{"rendered":"Kard. Cantalamessa: Odwagi, Janie Pawle II, Ja jestem z wami"},"content":{"rendered":"\n<p><strong>W s\u0142owach na po\u017cegnanie Jezus wzywa uczni\u00f3w do odwagi, bo to On zwyci\u0119\u017cy\u0142 \u015bwiat i pozostanie z nimi ka\u017cdego dnia, a\u017c do ko\u0144ca. Kto tego nie rozumie, nie pojmuje te\u017c prawdziwej natury Ko\u015bcio\u0142a \u2013 m\u00f3wi\u0142 w rozwa\u017caniu wielkopostnym kard. Raniero Cantalamessa. Zapewni\u0142, \u017ce przy ka\u017cdej kolejnej burzy, kt\u00f3r\u0105 przechodzi Ko\u015bci\u00f3\u0142, Jezus m\u00f3wi to samo, co powiedzia\u0142 aposto\u0142om podczas sztormu na jeziorze: dlaczego si\u0119 l\u0119kacie ma\u0142ej wiary, czy\u017c nie jestem z wami, czy\u017c m\u00f3g\u0142bym zaton\u0105\u0107 w morzu Ja, Stworzyciel?<\/strong><\/p>\n\n\n\n<p>Papieski kaznodzieja przyzna\u0142, \u017ce niekiedy wci\u0105\u017c pokutuje deistyczna wizja Ko\u015bcio\u0142a, w kt\u00f3rej Chrystus jest tylko u pocz\u0105tk\u00f3w jako jego za\u0142o\u017cyciel, ten kt\u00f3ry ustanawia sakramenty i hierarchi\u0119, a potem kieruje nim przez swego namiestnika jakby by\u0142 nieobecny. \u015aw. Pawe\u0142 uczy nas tymczasem, \u017ce to Chrystus jest g\u0142ow\u0105 cia\u0142a, kt\u00f3rym jest Ko\u015bci\u00f3\u0142. I b\u0119dzie tak na zawsze. On jest jedynym prawdziwym Panem Ko\u015bcio\u0142a.<\/p>\n\n\n\n<figure class=\"wp-block-image size-full\"><img decoding=\"async\" width=\"750\" height=\"422\" src=\"https:\/\/kuriercodziennychicago.com\/wp-content\/uploads\/2023\/04\/cq5dam.thumbnail.cropped.750.422.jpeg\" alt=\"\" class=\"wp-image-3755\" srcset=\"https:\/\/kuriercodziennychicago.com\/wp-content\/uploads\/2023\/04\/cq5dam.thumbnail.cropped.750.422.jpeg 750w, https:\/\/kuriercodziennychicago.com\/wp-content\/uploads\/2023\/04\/cq5dam.thumbnail.cropped.750.422-300x169.jpeg 300w\" sizes=\"(max-width: 750px) 100vw, 750px\" \/><\/figure>\n\n\n\n<p>&nbsp;&nbsp;&nbsp;&nbsp;&nbsp;&nbsp;&nbsp;&nbsp;&nbsp;Kard. Cantalamessa zauwa\u017cy\u0142, \u017ce starotestamentalnym odpowiednikiem obietnicy Jezusa, s\u0105 s\u0142owa Aggeusza, kt\u00f3ry prorokuje nad ruinami \u015bwi\u0105tyni.<\/p>\n\n\n\n<p>\u201eCzy\u017c te s\u0142owa Aggeusza nie opisuj\u0105 te\u017c aktualnej sytuacji Ko\u015bcio\u0142a katolickiego, a pod wieloma wzgl\u0119dami tak\u017ce ca\u0142ego chrze\u015bcija\u0144stwa? Ten, kto w\u015br\u00f3d nas jest wystarczaj\u0105co stary, wspomina jeszcze z t\u0119sknot\u0105 te czasy, zaraz po zako\u0144czeniu II wojny \u015bwiatowej, kiedy ko\u015bcio\u0142y zape\u0142nia\u0142y si\u0119 w niedziele wiernymi, w parafiach nast\u0119powa\u0142y po sobie chrzty i \u015bluby, seminaria i nowicjaty obfitowa\u0142y w nowe powo\u0142ania\u2026 A dzi\u015b w jakim stanie si\u0119 to wszystko znajduje? \u2013 mogliby\u015bmy zapyta\u0107 wraz z Aggeuszem. Szkoda czasu na ponowne wyliczanie ca\u0142ego z\u0142a, kt\u00f3re sprawia, \u017ce niekt\u00f3rzy widz\u0105 ju\u017c tylko ruiny, co niewiele r\u00f3\u017cni\u0105 si\u0119 od ruin antycznego Rzymu, kt\u00f3re widzimy wsz\u0119dzie woko\u0142o w tym mie\u015bcie.\u201c<\/p>\n\n\n\n<p>Kard. Cantalamessa przyzna\u0142, \u017ce i w dawnym Ko\u015bciele nie wszystko by\u0142o idealne, bo gdyby rzeczywi\u015bcie tak by\u0142o, to i dzi\u015b nie mieliby\u015bmy tak wielu problem\u00f3w. Wa\u017cne jest jednak, aby us\u0142ysze\u0107 na nowo s\u0142owo Aggeusza, kt\u00f3ry, prorokuj\u0105c nad ruinami \u015bwi\u0105tyni i wspominaj\u0105c jej dawny splendor, nie wzywa do lamentu, lecz od odwagi i odbudowy, zapewniaj\u0105c jak Jezus swych aposto\u0142\u00f3w, \u017ce Pan b\u0119dzie z nami. Papieski kaznodzieja podzieli\u0142 si\u0119 w tym kontek\u015bcie osobistym \u015bwiadectwem, odnosz\u0105cym si\u0119 w\u0142a\u015bnie do tego proroctwa i jego zwi\u0105zk\u00f3w ze Janem Paw\u0142em II.<\/p>\n\n\n\n<p>\u201eW dniu, w kt\u00f3rym prze\u0142o\u017cony generalny pozwoli\u0142 mi zako\u0144czy\u0107 nauczanie na uniwersytecie katolickim, abym w pe\u0142ni m\u00f3g\u0142 po\u015bwi\u0119ci\u0107 si\u0119 kaznodziejstwu, w Liturgii Godzin by\u0142o w\u0142a\u015bnie to proroctwo Aggeusza. Po odm\u00f3wieniu brewiarza przyszed\u0142em do Bazyliki \u015bw. Piotra. Chcia\u0142em poprosi\u0107 Aposto\u0142a, aby pob\u0142ogos\u0142awi\u0142 moj\u0105 now\u0105 pos\u0142ug\u0119. W pewnej chwili, kiedy by\u0142em na placu \u015bw. Piotra, to s\u0142owo odezwa\u0142o si\u0119 we mnie z wielk\u0105 moc\u0105. Zwr\u00f3ci\u0142em si\u0119 do papieskiego okna w Pa\u0142acu Apostolskim i m\u00f3wi\u0142em na g\u0142os: \u201eOdwagi, Janie Pawle II, odwagi, kardyna\u0142owie, biskupi i ca\u0142y ludu Ko\u015bcio\u0142a. I do pracy, bo Ja jestem z wami, m\u00f3wi Pan\u201d. \u0141atwo by\u0142o mi to m\u00f3wi\u0107, bo pada\u0142 deszcz i nie by\u0142o tam nikogo. Dopiero kilka miesi\u0119cy p\u00f3\u017aniej w 1980 r. zosta\u0142em mianowany kaznodziej\u0105 Domu Papieskiego i znalaz\u0142em si\u0119 w obecno\u015bci Papie\u017ca, by zainicjowa\u0107 pierwsze rozwa\u017canie na Wielki Post. To S\u0142owo zn\u00f3w we mnie rozbrzmiewa\u0142o, nie jak cytat czy wspomnienie, lecz jako S\u0142owo \u017cywe na t\u0119 chwil\u0119. Opowiedzia\u0142em wi\u0119c o tym, co robi\u0142em wtedy na placu \u015bw. Piotra, a potem zwr\u00f3ci\u0142em si\u0119 do Papie\u017ca, kt\u00f3ry s\u0142ucha\u0142 kazania z bocznej kaplicy i powt\u00f3rzy\u0142em z moc\u0105 s\u0142owa Aggeusza: \u201eOdwagi, Janie Pawle II, odwagi, wy kardyna\u0142owie, biskupi i ludu Bo\u017cy, i do pracy, bo Ja jestem z wami, m\u00f3wi Pan. M\u00f3j Duch b\u0119dzie z wami\u201d. I po spojrzeniach widzia\u0142em, \u017ce s\u0142owo to wype\u0142nia to, co obiecuje, daje odwag\u0119. Cho\u0107 Jan Pawe\u0142 II by\u0142 chyba ostatnim cz\u0142owiekiem na \u015bwiecie, kt\u00f3rego trzeba by zach\u0119ca\u0107 do odwagi.\u201c<\/p>\n\n\n\n<p>&nbsp;&nbsp;&nbsp;&nbsp;&nbsp;&nbsp;&nbsp;&nbsp;&nbsp;Na zako\u0144czenie wielkopostnego rozwa\u017cania kard. Cantalamessa powt\u00f3rzy\u0142 to samo proroctwo, adresuj\u0105c je tym razem do przebywaj\u0105cego w szpitalu Papie\u017ca oraz dzisiejszych kardyna\u0142\u00f3w i biskup\u00f3w, podkre\u015blaj\u0105c, \u017ce nie jest to cytat, lecz s\u0142owo \u017cywe, kt\u00f3re spe\u0142nia to, co obiecuje.<\/p>\n\n\n\n<blockquote class=\"wp-block-quote is-layout-flow wp-block-quote-is-layout-flow\">\n<p><em>Krzysztof Bronk &#8211; Watykan\/vaticannews.va<\/em><\/p>\n<\/blockquote>\n","protected":false},"excerpt":{"rendered":"<p>W s\u0142owach na po\u017cegnanie Jezus wzywa uczni\u00f3w do odwagi, bo to On zwyci\u0119\u017cy\u0142 \u015bwiat i pozostanie z nimi<\/p>\n","protected":false},"author":1,"featured_media":3755,"comment_status":"closed","ping_status":"closed","sticky":false,"template":"","format":"standard","meta":{"footnotes":""},"categories":[3,9],"tags":[],"class_list":["post-3754","post","type-post","status-publish","format-standard","has-post-thumbnail","hentry","category-religia","category-start"],"_links":{"self":[{"href":"https:\/\/kuriercodziennychicago.com\/index.php\/wp-json\/wp\/v2\/posts\/3754","targetHints":{"allow":["GET"]}}],"collection":[{"href":"https:\/\/kuriercodziennychicago.com\/index.php\/wp-json\/wp\/v2\/posts"}],"about":[{"href":"https:\/\/kuriercodziennychicago.com\/index.php\/wp-json\/wp\/v2\/types\/post"}],"author":[{"embeddable":true,"href":"https:\/\/kuriercodziennychicago.com\/index.php\/wp-json\/wp\/v2\/users\/1"}],"replies":[{"embeddable":true,"href":"https:\/\/kuriercodziennychicago.com\/index.php\/wp-json\/wp\/v2\/comments?post=3754"}],"version-history":[{"count":1,"href":"https:\/\/kuriercodziennychicago.com\/index.php\/wp-json\/wp\/v2\/posts\/3754\/revisions"}],"predecessor-version":[{"id":3756,"href":"https:\/\/kuriercodziennychicago.com\/index.php\/wp-json\/wp\/v2\/posts\/3754\/revisions\/3756"}],"wp:featuredmedia":[{"embeddable":true,"href":"https:\/\/kuriercodziennychicago.com\/index.php\/wp-json\/wp\/v2\/media\/3755"}],"wp:attachment":[{"href":"https:\/\/kuriercodziennychicago.com\/index.php\/wp-json\/wp\/v2\/media?parent=3754"}],"wp:term":[{"taxonomy":"category","embeddable":true,"href":"https:\/\/kuriercodziennychicago.com\/index.php\/wp-json\/wp\/v2\/categories?post=3754"},{"taxonomy":"post_tag","embeddable":true,"href":"https:\/\/kuriercodziennychicago.com\/index.php\/wp-json\/wp\/v2\/tags?post=3754"}],"curies":[{"name":"wp","href":"https:\/\/api.w.org\/{rel}","templated":true}]}}