{"id":3757,"date":"2023-04-05T20:00:54","date_gmt":"2023-04-06T01:00:54","guid":{"rendered":"https:\/\/kuriercodziennychicago.com\/?p=3757"},"modified":"2023-04-05T20:00:55","modified_gmt":"2023-04-06T01:00:55","slug":"opozycyjni-europoslowie-ciagle-zadowoleni-z-blokowania-srodkow-dla-polski","status":"publish","type":"post","link":"https:\/\/kuriercodziennychicago.com\/index.php\/2023\/04\/05\/opozycyjni-europoslowie-ciagle-zadowoleni-z-blokowania-srodkow-dla-polski\/","title":{"rendered":"Opozycyjni europos\u0142owie ci\u0105gle zadowoleni z blokowania \u015brodk\u00f3w dla Polski"},"content":{"rendered":"<div class=\"wp-block-image is-style-rounded\">\n<figure class=\"alignleft size-full is-resized\"><img decoding=\"async\" src=\"https:\/\/kuriercodziennychicago.com\/wp-content\/uploads\/2022\/09\/Zbigniew_Kuzmiuk-e1674519588646.jpg\" alt=\"\" class=\"wp-image-1480\" width=\"51\" height=\"53\"\/><\/figure>\n<\/div>\n\n\n<blockquote class=\"wp-block-quote is-layout-flow wp-block-quote-is-layout-flow\">\n<h3 class=\"wp-block-heading\"><a href=\"https:\/\/wpolityce.pl\/autorzy\/274-zbigniew-kuzmiuk\">Zbigniew Ku\u017amiuk<\/a><\/h3>\n<\/blockquote>\n\n\n\n<p><strong>W&nbsp;tym tygodniu na&nbsp;tzw. minisesji PE&nbsp;w&nbsp;Brukseli odby\u0142a kolejna debata na&nbsp;temat rz\u0105d\u00f3w prawa w&nbsp;krajach Unii Europejskiej i&nbsp;znowu g\u0142osowania nad sprawozdaniem na&nbsp;ten temat pokazuj\u0105, \u017ce&nbsp;opozycyjni europos\u0142owie z&nbsp;Platformy, PSL, Lewicy i&nbsp;Polski 2050 s\u0105&nbsp;zadowoleni z&nbsp;blokowania \u015brodk\u00f3w z&nbsp;Krajowego Planu Odbudowy dla naszego&nbsp;kraju.<\/strong><\/p>\n\n\n\n<p>W&nbsp;czasie czwartkowej debaty najmocniej uderza\u0142a w&nbsp;Polsk\u0119 pose\u0142 R\u00f3\u017ca Thun, kt\u00f3ra kandydowa\u0142a do&nbsp;PE&nbsp;z&nbsp;list Koalicji Europejskiej, a&nbsp;obecnie nale\u017cy do&nbsp;trzeciej pod wzgl\u0119dem liczby pos\u0142\u00f3w frakcji Renew, zdominowanej przez europos\u0142\u00f3w z&nbsp;ugrupowania prezydenta&nbsp;Macrona.<\/p>\n\n\n\n<p>Wt\u00f3rowa\u0142 jej europose\u0142 z&nbsp;niemieckich Zielonych Daniel Freud, kt\u00f3ry powiedzia\u0142 wprost, \u017ce&nbsp;cieszy si\u0119, i\u017c&nbsp;to&nbsp;w\u0142a\u015bnie dzi\u0119ki presji Parlamentu Europejskiego uda\u0142o si\u0119 zamrozi\u0107 140 mld euro dla Polski i&nbsp;W\u0119gier, co&nbsp;wi\u0119cej powiedzia\u0142 tak\u017ce, \u017ce&nbsp;wiedz\u0119 na&nbsp;temat tego co&nbsp;dzieje si\u0119 w&nbsp;Polsce, czerpie od&nbsp;opozycji w&nbsp;naszym&nbsp;kraju.<\/p>\n\n\n\n<p>Po&nbsp;tym przem\u00f3wieniu podszed\u0142 u\u015bmiechni\u0119ty do&nbsp;siedz\u0105cej na&nbsp;sali wspomnianej R\u00f3\u017cy Thun, a&nbsp;ta&nbsp;jak wida\u0107 by\u0142o z&nbsp;aprobat\u0105 przyj\u0119\u0142a jego wyst\u0105pienie, zreszt\u0105 wpisywa\u0142o si\u0119 ono w&nbsp;to, co&nbsp;ona powiedzia\u0142a wcze\u015bniej w&nbsp;tej&nbsp;debacie.<\/p>\n\n\n\n<figure class=\"wp-block-image size-full\"><img decoding=\"async\" width=\"768\" height=\"283\" src=\"https:\/\/kuriercodziennychicago.com\/wp-content\/uploads\/2023\/04\/t4_ktkuTURBXy9mMGEyYzI4ZC0wMmJlLTQ3NDgtOGYwOC1iNDEzMjJmZGNhMDcuanBlZ5GVAs0DAADCww.jpg\" alt=\"\" class=\"wp-image-3758\" srcset=\"https:\/\/kuriercodziennychicago.com\/wp-content\/uploads\/2023\/04\/t4_ktkuTURBXy9mMGEyYzI4ZC0wMmJlLTQ3NDgtOGYwOC1iNDEzMjJmZGNhMDcuanBlZ5GVAs0DAADCww.jpg 768w, https:\/\/kuriercodziennychicago.com\/wp-content\/uploads\/2023\/04\/t4_ktkuTURBXy9mMGEyYzI4ZC0wMmJlLTQ3NDgtOGYwOC1iNDEzMjJmZGNhMDcuanBlZ5GVAs0DAADCww-300x111.jpg 300w\" sizes=\"(max-width: 768px) 100vw, 768px\" \/><\/figure>\n\n\n\n<p>Zreszt\u0105 g\u0142osowania nad tre\u015bci\u0105 rezolucji, a&nbsp;szczeg\u00f3lnie nad licznymi poprawkami zg\u0142oszonymi przez nasz\u0105 frakcj\u0119 ECR, do&nbsp;kt\u00f3rej nale\u017cy Prawo i&nbsp;Sprawiedliwo\u015b\u0107, dobitnie pokazuj\u0105, \u017ce&nbsp;w&nbsp;zasadzie wszyscy europos\u0142owie z&nbsp;opozycji z&nbsp;PO, PSL, Lewicy, Polska 2050, ci\u0105gle realizuj\u0105 strategi\u0119 walki z&nbsp;polskim rz\u0105dem, przyj\u0119t\u0105 jeszcze ko\u0144cu 2015 roku przez \u00f3wczesnego przewodnicz\u0105cego PO&nbsp;Grzegorza Schetyn\u0119 \u201eulica i&nbsp;zagranica\u201d (wszystkie g\u0142osowania przeciw tym&nbsp;poprawkom).<\/p>\n\n\n\n<h3 class=\"wp-block-heading\">Specjalnie si\u0119 z&nbsp;tymi dzia\u0142aniami nie&nbsp;kryj\u0105<\/h3>\n\n\n\n<p>W&nbsp;kraju z&nbsp;kolei wszystkie ugrupowania opozycyjne atakuj\u0105 rz\u0105d za&nbsp;ich zdaniem nieudolno\u015b\u0107 w&nbsp;staraniach o&nbsp;odblokowanie \u015brodk\u00f3w z&nbsp;KPO, natomiast ich reprezentanci w&nbsp;PE&nbsp;robi\u0105 wszystko, \u017ceby polityczna blokada zarz\u0105dzona przez KE&nbsp;ci\u0105gle&nbsp;trwa\u0142a.<\/p>\n\n\n\n<p>I&nbsp;specjalnie si\u0119 z&nbsp;tymi dzia\u0142aniami nie kryj\u0105, s\u0142ycha\u0107 to&nbsp;w&nbsp;ich wyst\u0105pieniach, je\u017celi jest jaka\u015b debata, w&nbsp;kt\u00f3rej mo\u017cna oczerni\u0107 obecny rz\u0105d i&nbsp;nasz kraj, to&nbsp;bez skr\u0119powania to&nbsp;robi\u0105, wida\u0107 to&nbsp;tak\u017ce w&nbsp;licznych imiennych g\u0142osowaniach nad r\u00f3\u017cnego rodzaju dokumentami, sprawozdaniami czy&nbsp;rezolucjami.<\/p>\n\n\n\n<p>Ba&nbsp;cz\u0119sto sekunduj\u0105 europos\u0142om z&nbsp;zagranicy, kt\u00f3rzy atakuj\u0105 Polsk\u0119 na&nbsp;podstawie \u201ewsadu informacyjnego\u201d, kt\u00f3ry im&nbsp;dostarczyli, a&nbsp;ci&nbsp;po&nbsp;zej\u015bciu z&nbsp;m\u00f3wnicy przychodz\u0105 do&nbsp;nich, \u017ceby odebra\u0107 podzi\u0119kowania \u201eza&nbsp;dobrze zrobion\u0105 robot\u0119\u201d, dok\u0142adnie tak, jak by\u0142o w&nbsp;przypadku europos\u0142\u00f3w Daniela Freuda i&nbsp;R\u00f3\u017cy&nbsp;Thun.<\/p>\n\n\n\n<h3 class=\"wp-block-heading\">38&nbsp;rezolucji szkaluj\u0105cych nasz&nbsp;kraj<\/h3>\n\n\n\n<p>Przypomnijmy tak\u017ce, \u017ce&nbsp;w\u0142a\u015bnie przy udziale europos\u0142\u00f3w Platformy i&nbsp;Lewicy przygotowano i&nbsp;przeg\u0142osowano a\u017c&nbsp;38&nbsp;rezolucji szkaluj\u0105cych nasz kraj, cz\u0119sto przy u\u017cyciu p\u00f3\u0142prawd i&nbsp;fake news\u00f3w, dostarczonych przez polskich&nbsp;polityk\u00f3w.<\/p>\n\n\n\n<p>To&nbsp;w\u0142a\u015bnie te&nbsp;g\u0142osowania, a&nbsp;tak\u017ce inne dzia\u0142ania europos\u0142\u00f3w Platformy i&nbsp;Lewicy i&nbsp;innych ugrupowa\u0144 opozycyjnych, spowodowa\u0142y, \u017ce&nbsp;do&nbsp;tej pory Komisja Europejska politycznie blokuje \u015brodki z&nbsp;Krajowego Planu Odbudowy, cho\u0107 makiawelicznie twierdz\u0105 oni, \u017ce&nbsp;to&nbsp;wina rz\u0105du Zjednoczonej&nbsp;Prawicy.<\/p>\n\n\n\n<h3 class=\"wp-block-heading\">Tak szkodzili, gdy rz\u0105dzili&nbsp;Polsk\u0105<\/h3>\n\n\n\n<p>Tych dzia\u0142a\u0144 ewidentnie szkodz\u0105cych Polsce za&nbsp;granic\u0105 ale i&nbsp;w&nbsp;kraju na&nbsp;przestrzeni lat rz\u0105dzenia Polsk\u0105 przez Lewic\u0119 i&nbsp;Platform\u0119 by\u0142o znacznie wi\u0119cej, od&nbsp;masowej wyprzeda\u017cy maj\u0105tku narodowego, jak to&nbsp;prze\u015bmiewczo okre\u015blono \u201eza&nbsp;darmo i&nbsp;na&nbsp;raty\u201d, po&nbsp;realizacj\u0119 polityki proniemieckiej, a&nbsp;w&nbsp;konsekwencji tak\u017ce prorosyjskiej, czego rezultaty, wr\u0119cz \u201ewy\u015bwietli\u0142y si\u0119\u201d, po&nbsp;inwazji Rosji&nbsp;na&nbsp;Ukrain\u0119.<\/p>\n\n\n\n<p>Na&nbsp;szczeg\u00f3lne napi\u0119tnowanie zas\u0142uguje polityczne przyzwolenie Platformy podczas rz\u0105d\u00f3w w&nbsp;latach 2008-2015 na&nbsp;\u201eprywatyzacj\u0119\u201d podatk\u00f3w w&nbsp;tym w&nbsp;szczeg\u00f3lno\u015bci podatku VAT, w&nbsp;kt\u00f3rym luka w&nbsp;szczytowym okresie przekracza\u0142a 25&nbsp;proc. potencjalnych wp\u0142yw\u00f3w, a&nbsp;kwotowo nawet ponad 50&nbsp;mld&nbsp;z\u0142&nbsp;rocznie.<\/p>\n\n\n\n<p>W&nbsp;ten spos\u00f3b znikn\u0105\u0142 przynajmniej jeden bud\u017cet pa\u0144stwa z&nbsp;tamtego okresu, czyli kwota ponad 300 mld z\u0142, co&nbsp;oznacza, \u017ce&nbsp;do&nbsp;prywatnych kieszeni w&nbsp;kraju i&nbsp;za&nbsp;granic\u0105, pow\u0119drowa\u0142o przynajmniej 8&nbsp;lat finansowania programu Rodzina 500 plus, albo 3-letnie finansowanie polskiej armii, czy blisko 2-letnie finansowanie polskiej s\u0142u\u017cby&nbsp;zdrowia.<\/p>\n\n\n\n<h3 class=\"wp-block-heading\">Hipokryzja&nbsp;i&nbsp;cynizm<\/h3>\n\n\n\n<p>Szkodzenie Polsce przy pomocy ci\u0119\u017ckich oskar\u017ce\u0144 za&nbsp;granic\u0105 i&nbsp;atakowanie rz\u0105du o&nbsp;nieudolno\u015b\u0107 w&nbsp;pozyskiwaniu \u015brodk\u00f3w europejskich, to&nbsp;hipokryzja i&nbsp;cynizm opozycji na&nbsp;niespotykan\u0105 skal\u0119 w&nbsp;\u017cadnym innym europejskim&nbsp;kraju.<\/p>\n\n\n\n<p>Tylko os\u0142ona jak\u0105 maj\u0105 ze&nbsp;strony medi\u00f3w wspieraj\u0105cych opozycj\u0119 powoduje, \u017ce&nbsp;do&nbsp;du\u017cej cz\u0119\u015bci polskiego spo\u0142ecze\u0144stwa informacje o&nbsp;takich niecnych dzia\u0142aniach nie docieraj\u0105 i&nbsp;p\u00f3ki co, daje to&nbsp;jeszcze dodatkowe punkty poparcia&nbsp;w&nbsp;sonda\u017cach.<\/p>\n","protected":false},"excerpt":{"rendered":"<p>Zbigniew Ku\u017amiuk W&nbsp;tym tygodniu na&nbsp;tzw. minisesji PE&nbsp;w&nbsp;Brukseli odby\u0142a kolejna debata na&nbsp;temat rz\u0105d\u00f3w prawa w&nbsp;krajach Unii Europejskiej i&nbsp;znowu g\u0142osowania<\/p>\n","protected":false},"author":1,"featured_media":3758,"comment_status":"closed","ping_status":"closed","sticky":false,"template":"","format":"standard","meta":{"footnotes":""},"categories":[2,9],"tags":[],"class_list":["post-3757","post","type-post","status-publish","format-standard","has-post-thumbnail","hentry","category-polityka","category-start"],"_links":{"self":[{"href":"https:\/\/kuriercodziennychicago.com\/index.php\/wp-json\/wp\/v2\/posts\/3757","targetHints":{"allow":["GET"]}}],"collection":[{"href":"https:\/\/kuriercodziennychicago.com\/index.php\/wp-json\/wp\/v2\/posts"}],"about":[{"href":"https:\/\/kuriercodziennychicago.com\/index.php\/wp-json\/wp\/v2\/types\/post"}],"author":[{"embeddable":true,"href":"https:\/\/kuriercodziennychicago.com\/index.php\/wp-json\/wp\/v2\/users\/1"}],"replies":[{"embeddable":true,"href":"https:\/\/kuriercodziennychicago.com\/index.php\/wp-json\/wp\/v2\/comments?post=3757"}],"version-history":[{"count":1,"href":"https:\/\/kuriercodziennychicago.com\/index.php\/wp-json\/wp\/v2\/posts\/3757\/revisions"}],"predecessor-version":[{"id":3759,"href":"https:\/\/kuriercodziennychicago.com\/index.php\/wp-json\/wp\/v2\/posts\/3757\/revisions\/3759"}],"wp:featuredmedia":[{"embeddable":true,"href":"https:\/\/kuriercodziennychicago.com\/index.php\/wp-json\/wp\/v2\/media\/3758"}],"wp:attachment":[{"href":"https:\/\/kuriercodziennychicago.com\/index.php\/wp-json\/wp\/v2\/media?parent=3757"}],"wp:term":[{"taxonomy":"category","embeddable":true,"href":"https:\/\/kuriercodziennychicago.com\/index.php\/wp-json\/wp\/v2\/categories?post=3757"},{"taxonomy":"post_tag","embeddable":true,"href":"https:\/\/kuriercodziennychicago.com\/index.php\/wp-json\/wp\/v2\/tags?post=3757"}],"curies":[{"name":"wp","href":"https:\/\/api.w.org\/{rel}","templated":true}]}}