{"id":379,"date":"2022-05-25T00:28:55","date_gmt":"2022-05-24T22:28:55","guid":{"rendered":"https:\/\/kuriercodziennychicago.com\/?p=379"},"modified":"2022-05-25T00:28:57","modified_gmt":"2022-05-24T22:28:57","slug":"giertych-co-sie-z-nim-stalo","status":"publish","type":"post","link":"https:\/\/kuriercodziennychicago.com\/index.php\/2022\/05\/25\/giertych-co-sie-z-nim-stalo\/","title":{"rendered":"Giertych. Co si\u0119 z nim sta\u0142o?"},"content":{"rendered":"\n<div class=\"wp-block-image\"><figure class=\"alignleft size-full is-resized\"><img decoding=\"async\" src=\"https:\/\/kuriercodziennychicago.com\/wp-content\/uploads\/2022\/05\/czarnecki-ryszard.jpg\" alt=\"\" class=\"wp-image-39\" width=\"109\" height=\"82\"\/><\/figure><\/div>\n\n\n\n<h3 class=\"wp-block-heading\"><a href=\"https:\/\/naszeblogi.pl\/users\/ryszard-czarnecki\">Ryszard Czarnecki<\/a><\/h3>\n\n\n\n<p>Problemem polskiej polityki by\u0142 od dawna brak ci\u0105g\u0142o\u015bci. Syn szed\u0142 do partyzantki jak ojciec i dziadek, walczy\u0142 w powstaniu, a nie by\u0142 pos\u0142em jak antenaci. Z zazdro\u015bci\u0105 obserwowa\u0142em, jak inaczej jest w Anglii, czy Francji, a nawet w Niemczech (sk\u0105din\u0105d von der Leyen &#8211; niemiecka przewodnicz\u0105ca Komisji Europejskiej, to c\u00f3rka premiera landu Dolna Saksonia \u2013 Ernesta Albrechta). Jednym z wyj\u0105tk\u00f3w od tej nieszcz\u0119snej polskiej regu\u0142y jest rodzina Giertych\u00f3w.<\/p>\n\n\n\n<p>Dziadka J\u0119drzeja pozna\u0142em w \u201epolskim Londynie\u201d. Przedwojenny dzia\u0142acz Obozu Narodowego, bardzo p\u0142odny pisarz polityczny, cz\u0142owiek olbrzymiej pracowito\u015bci, pasjonat polityki, z kt\u00f3rym czasem nie spos\u00f3b si\u0119 by\u0142o zgadza\u0107, ale trudno by\u0142o go nie szanowa\u0107 za jego osobist\u0105 uczciwo\u015b\u0107. Na obczy\u017anie potrafi\u0142 pogodzi\u0107 utrzymanie wielodzietnej rodziny z aktywn\u0105 dzia\u0142alno\u015bci\u0105 polityczn\u0105. Jedna z c\u00f3rek zosta\u0142a przewodnicz\u0105c\u0105 Polskiej&nbsp; Macierzy Szkolnej w Anglii, syn &#8211; ksi\u0119dzem (z czasem bardzo wp\u0142ywowym w Watykanie),inny syn \u2013 biolog, profesor dendrologii postanowi\u0142 przysz\u0142o\u015b\u0107 zwi\u0105za\u0107 z Polsk\u0105.<\/p>\n\n\n\n<figure class=\"wp-block-image size-large\"><img decoding=\"async\" width=\"1024\" height=\"771\" src=\"https:\/\/kuriercodziennychicago.com\/wp-content\/uploads\/2022\/05\/roman.giertych-2021-12-14-141435-1024x771.jpg\" alt=\"\" class=\"wp-image-380\" srcset=\"https:\/\/kuriercodziennychicago.com\/wp-content\/uploads\/2022\/05\/roman.giertych-2021-12-14-141435-1024x771.jpg 1024w, https:\/\/kuriercodziennychicago.com\/wp-content\/uploads\/2022\/05\/roman.giertych-2021-12-14-141435-300x226.jpg 300w, https:\/\/kuriercodziennychicago.com\/wp-content\/uploads\/2022\/05\/roman.giertych-2021-12-14-141435-768x578.jpg 768w, https:\/\/kuriercodziennychicago.com\/wp-content\/uploads\/2022\/05\/roman.giertych-2021-12-14-141435-332x250.jpg 332w, https:\/\/kuriercodziennychicago.com\/wp-content\/uploads\/2022\/05\/roman.giertych-2021-12-14-141435.jpg 1360w\" sizes=\"(max-width: 1024px) 100vw, 1024px\" \/><\/figure>\n\n\n\n<p>Maciej Giertych pracowa\u0142 naukowo w Wielkopolsce, ale te\u017c zacz\u0105\u0142 si\u0119 udziela\u0107 politycznie, nie tylko kolportuj\u0105c ksi\u0105\u017cki i czasopisma \u201eOpoka\u201d wydawane przez ojca w Londynie, ale tak\u017ce doradzaj\u0105c prymasowi Polski J\u00f3zefowi Glempowi, by potem niespodziewanie zosta\u0107 cz\u0142onkiem Rady Konsultacyjnej przy generale Jaruzelskim, co dla szeregu narodowc\u00f3w by\u0142o niedopuszczalnym przekroczeniem Rubikonu &#8211; cho\u0107 z drugiej strony by\u0142a w tej decyzji pewna logika: Giertych senior g\u0142osi\u0142 koncepcje w my\u015bl kt\u00f3rej trzeba dzia\u0142a\u0107 pozytywistycznie i \u201eprzejmowa\u0107\u201d pa\u0144stwo, jednocze\u015bnie zwalczaj\u0105c silny kosmopolityczny nurt w opozycji (\u201elewica laicka\u201d). Po latach profesor Giertych zostanie europos\u0142em z listy Ligi Polskich Rodzin i szefem 10-osobowej delegacji LPR, wtedy drugiej polskiej si\u0142y w PE (PO mia\u0142o 15 europos\u0142\u00f3w PiS \u2013 7, Samoobrona \u2013 6).<\/p>\n\n\n\n<p>Maciej Giertych mia\u0142 bardzo zdecydowane pogl\u0105dy, a jednocze\u015bnie by\u0142 cz\u0142owiekiem grzecznym, dobrze wychowanym i dalekim od brutalnego atakowania kogokolwiek. W tym czasie, gdy ojciec kierowa\u0142 europarlamentarnym LPR (kt\u00f3ry zreszt\u0105 do\u015b\u0107 szybko podzieli\u0142 si\u0119 i w du\u017cej mierze zasili\u0142 PiS) syn Roman ju\u017c od paru lat by\u0142 w Sejmie. Ten by\u0142y szef M\u0142odzie\u017cy Wszechpolskiej mia\u0142 niew\u0105tpliwie polityczn\u0105 smyka\u0142k\u0119: wsp\u00f3\u0142tworzy\u0142 LPR, na fali zapa\u015bci AWS wprowadzi\u0142 j\u0105 do Sejmu, a potem umiej\u0119tnie wykorzysta\u0142 referendum akcesyjne w 2003 roku. Wezwa\u0142 do wzi\u0119cia w nim udzia\u0142u (inaczej ni\u017c Antonii Macierewicz, kt\u00f3ry sugerowa\u0142 bojkot) i g\u0142osowania na \u201enie\u201d. Spowodowa\u0142 w ten spos\u00f3b, \u017ce szereg z 23% g\u0142osuj\u0105cych przeciw akcesji uto\u017csami\u0142o si\u0119 z LPR. St\u0105d jego wielki sukces w wyborach europejskich (15,92%),gdzie wyra\u017anie zdystansowa\u0142 PiS (12,67%).<\/p>\n\n\n\n<p>Rok p\u00f3\u017aniej Liga ponownie zameldowa\u0142a si\u0119 w Sejmie, a po kilku miesi\u0105cach funkcjonowania mniejszo\u015bciowego rz\u0105du PiS&nbsp; Giertych obj\u0105\u0142 ju\u017c w rz\u0105dzie koalicyjnym stanowisko wicepremiera i szefa MEN. Od razu stal si\u0119 tarcz\u0105 strzelnicz\u0105 dla \u201eGazety Wyborczej\u201d i medialnego establishmentu. \u201eGW\u201d z lubo\u015bci\u0105 cytowa\u0142a has\u0142a z demonstracji przed gmachem MEN: \u201eGiertych do wora, w\u00f3r do jeziora\u201d. Wydawa\u0142o si\u0119, \u017ce wsp\u00f3lna nienawi\u015b\u0107 TVN i Agory do LPR i PiS b\u0119dzie Giertycha zbli\u017ca\u0107 do Jaros\u0142awa Kaczy\u0144skiego. Tymczasem nagle Giertych si\u0119 zakiwa\u0142, chcia\u0142 obali\u0107 rz\u0105d, w kt\u00f3rym by\u0142, zacz\u0105\u0142 paktowa\u0107 z \u201eSalonem\u201d. Po wyborach wypad\u0142 z polityki , staj\u0105c si\u0119 jedynie (a\u017c?) dy\u017curnym komentatorem TVN 24. Nie wiem czy powodowa\u0142a nim obsesyjna niech\u0119\u0107 do Kaczy\u0144skiego i PiS? By\u0142 politykiem raczej ch\u0142odnym, a nie zak\u0142adnikiem w\u0142asnych emocji. Czy raczej robi\u0142 to z wyrachowania uznaj\u0105c, \u017ce op\u0142aca si\u0119 zagra\u0107 w jednej dru\u017cynie z wrogami ideowymi i politycznymi? I tego w\u0142a\u015bnie nie rozumiem. Dziadek zwalcza\u0142 zaciekle kosmopolit\u00f3w i internacjonalist\u00f3w, ojciec by\u0142 ich przeciwnikiem, syn z nimi paktuje. Co sk\u0142oni\u0142o ekswicepremiera ju\u017c nie do flirtu, nie romansu, ale politycznego ma\u0142\u017ce\u0144stwa z lud\u017ami, kt\u00f3rych przez lata pozycjonowa\u0142 jako wrog\u00f3w Polski.<br>Co si\u0119 z nim sta\u0142o?<\/p>\n","protected":false},"excerpt":{"rendered":"<p>Ryszard Czarnecki Problemem polskiej polityki by\u0142 od dawna brak ci\u0105g\u0142o\u015bci. Syn szed\u0142 do partyzantki jak ojciec i dziadek,<\/p>\n","protected":false},"author":1,"featured_media":380,"comment_status":"closed","ping_status":"closed","sticky":false,"template":"","format":"standard","meta":{"footnotes":""},"categories":[2,9],"tags":[],"class_list":["post-379","post","type-post","status-publish","format-standard","has-post-thumbnail","hentry","category-polityka","category-start"],"_links":{"self":[{"href":"https:\/\/kuriercodziennychicago.com\/index.php\/wp-json\/wp\/v2\/posts\/379","targetHints":{"allow":["GET"]}}],"collection":[{"href":"https:\/\/kuriercodziennychicago.com\/index.php\/wp-json\/wp\/v2\/posts"}],"about":[{"href":"https:\/\/kuriercodziennychicago.com\/index.php\/wp-json\/wp\/v2\/types\/post"}],"author":[{"embeddable":true,"href":"https:\/\/kuriercodziennychicago.com\/index.php\/wp-json\/wp\/v2\/users\/1"}],"replies":[{"embeddable":true,"href":"https:\/\/kuriercodziennychicago.com\/index.php\/wp-json\/wp\/v2\/comments?post=379"}],"version-history":[{"count":1,"href":"https:\/\/kuriercodziennychicago.com\/index.php\/wp-json\/wp\/v2\/posts\/379\/revisions"}],"predecessor-version":[{"id":381,"href":"https:\/\/kuriercodziennychicago.com\/index.php\/wp-json\/wp\/v2\/posts\/379\/revisions\/381"}],"wp:featuredmedia":[{"embeddable":true,"href":"https:\/\/kuriercodziennychicago.com\/index.php\/wp-json\/wp\/v2\/media\/380"}],"wp:attachment":[{"href":"https:\/\/kuriercodziennychicago.com\/index.php\/wp-json\/wp\/v2\/media?parent=379"}],"wp:term":[{"taxonomy":"category","embeddable":true,"href":"https:\/\/kuriercodziennychicago.com\/index.php\/wp-json\/wp\/v2\/categories?post=379"},{"taxonomy":"post_tag","embeddable":true,"href":"https:\/\/kuriercodziennychicago.com\/index.php\/wp-json\/wp\/v2\/tags?post=379"}],"curies":[{"name":"wp","href":"https:\/\/api.w.org\/{rel}","templated":true}]}}