{"id":3879,"date":"2023-04-24T20:34:29","date_gmt":"2023-04-25T01:34:29","guid":{"rendered":"https:\/\/kuriercodziennychicago.com\/?p=3879"},"modified":"2023-04-24T20:34:29","modified_gmt":"2023-04-25T01:34:29","slug":"nie-chcemy-w-europie-hegemonow","status":"publish","type":"post","link":"https:\/\/kuriercodziennychicago.com\/index.php\/2023\/04\/24\/nie-chcemy-w-europie-hegemonow\/","title":{"rendered":"Nie chcemy w Europie hegemon\u00f3w"},"content":{"rendered":"<div class=\"wp-block-image is-style-rounded\">\n<figure class=\"alignleft size-full is-resized\"><img decoding=\"async\" src=\"https:\/\/kuriercodziennychicago.com\/wp-content\/uploads\/2022\/05\/czarnecki-ryszard-e1674519703884.jpg\" alt=\"\" class=\"wp-image-39\" width=\"41\" height=\"41\" srcset=\"https:\/\/kuriercodziennychicago.com\/wp-content\/uploads\/2022\/05\/czarnecki-ryszard-e1674519703884.jpg 164w, https:\/\/kuriercodziennychicago.com\/wp-content\/uploads\/2022\/05\/czarnecki-ryszard-e1674519703884-150x150.jpg 150w\" sizes=\"(max-width: 41px) 100vw, 41px\" \/><\/figure>\n<\/div>\n\n\n<blockquote class=\"wp-block-quote is-layout-flow wp-block-quote-is-layout-flow\">\n<h3 class=\"wp-block-heading\">Ryszard Czarnecki<\/h3>\n<\/blockquote>\n\n\n\n<p>To by\u0142o pierwsze od czterech lat (!) expose ministra spraw zagranicznych RP. Dziwne, ale prawdziwe. Powody? Pandemia, jeszcze pewnie wiele innych jak\u017ce wa\u017cnych, ale w sumie stracili\u015bmy szans\u0119, aby przez par\u0119 lat polskiej opinii publicznej \u2013 bo to ona przecie\u017c jest g\u0142\u00f3wnym adresatem &#8211; zaprezentowa\u0107 to, jak bardzo zmienia\u0142a si\u0119 polityka zagraniczna Rzeczypospolitej pocz\u0105wszy od jesieni 2015 roku. Bo przecie\u017c si\u0119 zmieni\u0142a wyra\u017anie, mimo takich czy innych b\u0142\u0119d\u00f3w i grzech\u00f3w zaniecha\u0144, kt\u00f3re by\u0142y udzia\u0142em tych czy innych szef\u00f3w resortu spraw zagranicznych.<\/p>\n\n\n\n<p>Wyst\u0105pienie profesora Zbigniewa Raua by\u0142o d\u0142ugie \u2013 i dobrze. W lo\u017cy prezydenckiej by\u0142, tak, jak by\u0107 powinien, prezydent Andrzej Duda, by\u0142o te\u017c bardzo wielu ambasador\u00f3w i\u2026 niestety, na sali bardzo niewielu pos\u0142\u00f3w. Na oko mniej ni\u017c co dziesi\u0105ty. Czy rzeczywi\u015bcie w tym samym czasie musi odbywa\u0107 si\u0119 kilkana\u015bcie czy wi\u0119cej posiedze\u0144 komisji i podkomisji? Przecie\u017c expose szefa MSZ jest raz w roku, a w praktyce, jak to ju\u017c wykaza\u0142em &#8211; raz na par\u0119 lat. My\u015bl\u0119, \u017ce w nowej kadencji nale\u017cy tak u\u0142o\u017cy\u0107 prace sejmowe, aby szefa MSZ m\u00f3g\u0142 s\u0142ucha\u0107 ka\u017cdy pose\u0142, kt\u00f3ry b\u0119dzie tego chcia\u0142. Polityka zagraniczna tylko na tym zyska.<\/p>\n\n\n\n<figure class=\"wp-block-image size-full\"><img decoding=\"async\" width=\"960\" height=\"540\" src=\"https:\/\/kuriercodziennychicago.com\/wp-content\/uploads\/2023\/04\/uid_9bf337654393407495fb89d6d420072e_width_960_play_0_pos_0_gs_0_height_540.png\" alt=\"\" class=\"wp-image-3880\" srcset=\"https:\/\/kuriercodziennychicago.com\/wp-content\/uploads\/2023\/04\/uid_9bf337654393407495fb89d6d420072e_width_960_play_0_pos_0_gs_0_height_540.png 960w, https:\/\/kuriercodziennychicago.com\/wp-content\/uploads\/2023\/04\/uid_9bf337654393407495fb89d6d420072e_width_960_play_0_pos_0_gs_0_height_540-300x169.png 300w, https:\/\/kuriercodziennychicago.com\/wp-content\/uploads\/2023\/04\/uid_9bf337654393407495fb89d6d420072e_width_960_play_0_pos_0_gs_0_height_540-768x432.png 768w\" sizes=\"(max-width: 960px) 100vw, 960px\" \/><\/figure>\n\n\n\n<p>Przechodz\u0105c do meritum. Expose to taka fotografia tera\u017aniejszo\u015bci w ewentualnym nawi\u0105zaniu do przesz\u0142o\u015bci i przedstawieniem wizji przysz\u0142o\u015bci takiej, jak\u0105 chcieliby\u015bmy ogl\u0105da\u0107. Pad\u0142y s\u0142owa wa\u017cne: o Unii Europejskiej, o Niemczech, o Rosji, o NATO. Streszczanie przem\u00f3wienia trzeciego w czasie o\u015bmiu lat rz\u0105d\u00f3w Obozu Niepodleg\u0142o\u015bciowego ministra spraw zagranicznych nie ma w tym miejscu sensu. Skupi\u0119 si\u0119 wi\u0119c na tym, co uwa\u017cam za najistotniejsze. By\u0142a wi\u0119c fraza o \u201edemokratyzacji polityki mi\u0119dzynarodowej\u201d i obrony Europy przed tendencjami hegemonistycznymi.&nbsp;<\/p>\n\n\n\n<p>Wspomnia\u0142 minister Rau \u015bp. prezydenta Lecha Kaczy\u0144skiego, kt\u00f3ry przed 15 laty apelowa\u0142 o powstrzymanie rosyjskiego imperializmu. Przypomnienie, \u017ce gdyby Stary Kontynent s\u0142ucha\u0142 prezydenta Polski, dzi\u015b zapewne nie gin\u0119liby ludzie, a po\u0142owa \u015bwiata, w tym Europa nie by\u0142aby uwik\u0142ana w wojn\u0119 w Europie Wschodniej &#8211; by\u0142o zasadne. Nasz minister skrytykowa\u0142 wieloletni\u0105 polityk\u0119 Niemiec wzgl\u0119dem Rosji i wyrazi\u0142 nadziej\u0119, \u017ce w tej kwestii nast\u0105pi\u0142a \u201etrwa\u0142a zmiana\u201d. Jako szef dyplomacji pewnie powinien tak powiedzie\u0107, ale ja jestem realist\u0105 i nie musz\u0119 by\u0107 dyplomat\u0105: nie wierz\u0119 w fundamentaln\u0105 przemian\u0119 Berlina. Wr\u0119cz przeciwnie\u2026<\/p>\n\n\n\n<p>Istotne s\u0142owa pad\u0142y o NATO. Polska opowiada si\u0119 za zmian\u0105 uk\u0142adu NATO-Rosja, kt\u00f3ry wi\u0105\u017ce Zachodowi r\u0119ce \u2013 przynajmniej w wymiarze formalno-prawnym. Gdy chodzi o relacje z Uni\u0105, Polska broni zasady jednomy\u015blno\u015bci UE, czyli weta, co stawia nas w kontrze do propozycji Olafa Scholza.<\/p>\n\n\n\n<p>Wreszcie us\u0142yszeli\u015bmy od szefa polskiego MSZ, \u017ce nie ma w Europie \u201ezapotrzebowania na niemieckie przyw\u00f3dztwo\u201d. Podpisuj\u0119 si\u0119 pod tymi s\u0142owami. Jednocze\u015bnie ci, kt\u00f3rzy dziwili si\u0119, \u017ce Niemcy ingeruj\u0105 w sprawy Polski &#8211; \u0142\u0105cznie z pokazywaniem, kto powinien wygra\u0107 wybory i rz\u0105dzi\u0107 \u2013 pewnie ju\u017c przestali si\u0119 dziwi\u0107&#8230;&nbsp;<\/p>\n","protected":false},"excerpt":{"rendered":"<p>Ryszard Czarnecki To by\u0142o pierwsze od czterech lat (!) expose ministra spraw zagranicznych RP. Dziwne, ale prawdziwe. Powody?<\/p>\n","protected":false},"author":1,"featured_media":3880,"comment_status":"closed","ping_status":"closed","sticky":false,"template":"","format":"standard","meta":{"footnotes":""},"categories":[2,9],"tags":[],"class_list":["post-3879","post","type-post","status-publish","format-standard","has-post-thumbnail","hentry","category-polityka","category-start"],"_links":{"self":[{"href":"https:\/\/kuriercodziennychicago.com\/index.php\/wp-json\/wp\/v2\/posts\/3879","targetHints":{"allow":["GET"]}}],"collection":[{"href":"https:\/\/kuriercodziennychicago.com\/index.php\/wp-json\/wp\/v2\/posts"}],"about":[{"href":"https:\/\/kuriercodziennychicago.com\/index.php\/wp-json\/wp\/v2\/types\/post"}],"author":[{"embeddable":true,"href":"https:\/\/kuriercodziennychicago.com\/index.php\/wp-json\/wp\/v2\/users\/1"}],"replies":[{"embeddable":true,"href":"https:\/\/kuriercodziennychicago.com\/index.php\/wp-json\/wp\/v2\/comments?post=3879"}],"version-history":[{"count":1,"href":"https:\/\/kuriercodziennychicago.com\/index.php\/wp-json\/wp\/v2\/posts\/3879\/revisions"}],"predecessor-version":[{"id":3881,"href":"https:\/\/kuriercodziennychicago.com\/index.php\/wp-json\/wp\/v2\/posts\/3879\/revisions\/3881"}],"wp:featuredmedia":[{"embeddable":true,"href":"https:\/\/kuriercodziennychicago.com\/index.php\/wp-json\/wp\/v2\/media\/3880"}],"wp:attachment":[{"href":"https:\/\/kuriercodziennychicago.com\/index.php\/wp-json\/wp\/v2\/media?parent=3879"}],"wp:term":[{"taxonomy":"category","embeddable":true,"href":"https:\/\/kuriercodziennychicago.com\/index.php\/wp-json\/wp\/v2\/categories?post=3879"},{"taxonomy":"post_tag","embeddable":true,"href":"https:\/\/kuriercodziennychicago.com\/index.php\/wp-json\/wp\/v2\/tags?post=3879"}],"curies":[{"name":"wp","href":"https:\/\/api.w.org\/{rel}","templated":true}]}}