{"id":3899,"date":"2023-04-25T21:05:25","date_gmt":"2023-04-26T02:05:25","guid":{"rendered":"https:\/\/kuriercodziennychicago.com\/?p=3899"},"modified":"2023-04-25T21:05:25","modified_gmt":"2023-04-26T02:05:25","slug":"polityk-po-atakuje-prezydenta-zelenskiego-i-w-sposob-absurdalny-tlumaczy-klamstwa-tuska","status":"publish","type":"post","link":"https:\/\/kuriercodziennychicago.com\/index.php\/2023\/04\/25\/polityk-po-atakuje-prezydenta-zelenskiego-i-w-sposob-absurdalny-tlumaczy-klamstwa-tuska\/","title":{"rendered":"Polityk PO atakuje prezydenta Ze\u0142enskiego i w spos\u00f3b absurdalny t\u0142umaczy k\u0142amstwa Tuska"},"content":{"rendered":"<div class=\"wp-block-image is-style-rounded\">\n<figure class=\"alignleft size-full is-resized\"><img decoding=\"async\" src=\"https:\/\/kuriercodziennychicago.com\/wp-content\/uploads\/2022\/09\/Zbigniew_Kuzmiuk-e1674519588646.jpg\" alt=\"\" class=\"wp-image-1480\" width=\"46\" height=\"48\"\/><\/figure>\n<\/div>\n\n\n<blockquote class=\"wp-block-quote is-layout-flow wp-block-quote-is-layout-flow\">\n<h3 class=\"wp-block-heading\"><a href=\"https:\/\/wpolityce.pl\/autorzy\/274-zbigniew-kuzmiuk\">Zbigniew Ku\u017amiuk<\/a><\/h3>\n<\/blockquote>\n\n\n\n<p><strong>Wczoraj go\u015bciem redaktora Bogdana Rymanowskiego w&nbsp;radiu Zet, by\u0142 rzecznik prasowy Platformy, pose\u0142 Jan Grabiec, a&nbsp;jego wypowiedzi by\u0142y tak kuriozalne, \u017ce&nbsp;spowodowa\u0142y liczne komentarze na&nbsp;portalach spo\u0142eczno\u015bciowych<\/strong>.<\/p>\n\n\n\n<h2 class=\"wp-block-heading\">Rz\u0105d wymusi\u0142 co\u015b&nbsp;na&nbsp;Ze\u0142enskim?<\/h2>\n\n\n\n<p>Ku&nbsp;zaskoczeniu samego prowadz\u0105cego, odpowiadaj\u0105c na&nbsp;pytanie dotycz\u0105ce ju\u017c dwukrotnej wypowiedzi prezydenta Ze\u0142e\u0144skiego, obci\u0105\u017caj\u0105cej Rosj\u0119 odpowiedzialno\u015bci\u0105 za&nbsp;to, co&nbsp;sta\u0142o si\u0119 w&nbsp;Smole\u0144sku 10&nbsp;kwietnia 2010 roku, stwierdzi\u0142, \u017ce&nbsp;musia\u0142 on&nbsp;tak powiedzie\u0107 na&nbsp;\u017c\u0105danie obecnego polskiego&nbsp;rz\u0105du.<\/p>\n\n\n\n<p>Jego zdaniem prezydent Ze\u0142e\u0144ski, by\u0142by w&nbsp;stanie powiedzie\u0107 wszystko, bo&nbsp;zale\u017cy mu&nbsp;na&nbsp;pomocy dla jego kraju, a&nbsp;poniewa\u017c to&nbsp;Polska jest jednym z&nbsp;g\u0142\u00f3wnych dostarczycieli tej pomocy, to&nbsp;chc\u0105c si\u0119 polskiemu rz\u0105dowi przypodoba\u0107, powiedzia\u0142 to, na&nbsp;co&nbsp;ten rz\u0105d&nbsp;oczekiwa\u0142.<\/p>\n\n\n\n<p>Bogu dzi\u0119ki, \u017ce&nbsp;wsp\u00f3\u0142pracownicy prezydenta Ze\u0142e\u0144skiego i&nbsp;on&nbsp;sam nie wiedz\u0105, kto to&nbsp;jest Jan Grabiec i&nbsp;najprawdopodobniej tej jego wypowiedzi nie znaj\u0105, bo&nbsp;gdyby by\u0142o inaczej, mieliby\u015bmy skandal dyplomatyczny na&nbsp;du\u017ca&nbsp;skal\u0119.<\/p>\n\n\n\n<figure class=\"wp-block-image size-large\"><img decoding=\"async\" width=\"1024\" height=\"683\" src=\"https:\/\/kuriercodziennychicago.com\/wp-content\/uploads\/2023\/04\/z22545346AMPJan-Grabiec-1024x683.jpg\" alt=\"\" class=\"wp-image-3900\" srcset=\"https:\/\/kuriercodziennychicago.com\/wp-content\/uploads\/2023\/04\/z22545346AMPJan-Grabiec-1024x683.jpg 1024w, https:\/\/kuriercodziennychicago.com\/wp-content\/uploads\/2023\/04\/z22545346AMPJan-Grabiec-300x200.jpg 300w, https:\/\/kuriercodziennychicago.com\/wp-content\/uploads\/2023\/04\/z22545346AMPJan-Grabiec-768x512.jpg 768w, https:\/\/kuriercodziennychicago.com\/wp-content\/uploads\/2023\/04\/z22545346AMPJan-Grabiec.jpg 1200w\" sizes=\"(max-width: 1024px) 100vw, 1024px\" \/><\/figure>\n\n\n\n<p>Oskar\u017canie prezydenta pa\u0144stwa, kt\u00f3re bohatersko walczy z&nbsp;bandyck\u0105 Rosj\u0105 o&nbsp;to, \u017ce&nbsp;jest gotowy k\u0142ama\u0107 w&nbsp;taki istotnej sprawie, bo&nbsp;inaczej polski rz\u0105d nie przekazywa\u0142by pomocy Ukrainie, jest podw\u00f3jnie&nbsp;skandaliczne.<\/p>\n\n\n\n<h2 class=\"wp-block-heading\">Niebezpieczne oskar\u017cenia&nbsp;Grabca<\/h2>\n\n\n\n<p>Z&nbsp;jednej strony stawia w&nbsp;z\u0142ym \u015bwietle samego prezydenta Ze\u0142enskiego, kt\u00f3ry mia\u0142by m\u00f3wi\u0107 nieprawd\u0119, z&nbsp;drugiej polski rz\u0105d, kt\u00f3ry mia\u0142by uzale\u017cnia\u0107 pomoc dla Ukrainy pod warunkiem, \u017ce&nbsp;prezydent tego kraju oskar\u017cy Putina o&nbsp;odpowiedzialno\u015b\u0107 za&nbsp;to&nbsp;co&nbsp;sta\u0142o si\u0119&nbsp;w&nbsp;Smole\u0144sku.<\/p>\n\n\n\n<p>Ale Grabiec na&nbsp;tym skandalu nie poprzesta\u0142, t\u0142umaczy\u0142 w&nbsp;spos\u00f3b zupe\u0142nie absurdalny k\u0142amstwa Tuska na&nbsp;temat p\u0142otu na&nbsp;granicy z&nbsp;Bia\u0142orusi\u0105, Baltic Pipe, programu Rodzina 500 plus, wieku emerytalnego, OFE, strzelania do&nbsp;g\u00f3rnik\u00f3w, nie wybierania si\u0119 do&nbsp;Brukseli, podwy\u017cek stawek VAT, czy afery Amber&nbsp;Gold.<\/p>\n\n\n\n<p>S\u0142uchaczowi radia Zet, kt\u00f3ry zada\u0142 pytanie o&nbsp;k\u0142amstwach Tuska w&nbsp;wy\u017cej wymienionych sprawach, zasugerowa\u0142, \u017ce&nbsp;za&nbsp;du\u017co naogl\u0105da\u0142 si\u0119 TVP Info i&nbsp;gdyby obejrza\u0142 \u201eniezale\u017cne media\u201d, to&nbsp;mia\u0142by inne&nbsp;zdanie.<\/p>\n\n\n\n<p>Odpowiedzia\u0142a mu&nbsp;jedna z&nbsp;internautek, \u017ce&nbsp;na&nbsp;pewno mia\u0142by inne zdanie, poniewa\u017c w&nbsp;\u201eniezale\u017cnych mediach\u201d m\u00f3wi\u0105, \u017ce&nbsp;to&nbsp;Tusk zbudowa\u0142 mur na&nbsp;granicy, wymy\u015bli\u0142 i&nbsp;zbudowa\u0142 Baltic Pipe, wprowadzi\u0142 program rodzina 500 plus, obni\u017cy\u0142 wiek emerytalny, nie powiedzia\u0142, \u017ce&nbsp;\u201epieni\u0105dze w&nbsp;OFE nie s\u0105&nbsp;w\u0142asno\u015bci\u0105 Polak\u00f3w\u201d, pod kopalni\u0105 JSW w&nbsp;g\u00f3rnik\u00f3w rzucano cukierkami, do&nbsp;Brukseli si\u0119 nie wybiera\u0142, bo&nbsp;zawsze zale\u017ca\u0142o mu&nbsp;na&nbsp;Polsce&nbsp;itd.<\/p>\n\n\n\n<h2 class=\"wp-block-heading\">Antyrosyjsko\u015b\u0107&nbsp;Tuska<\/h2>\n\n\n\n<p>Ale na&nbsp;koniec wywiadu zosta\u0142a zaprezentowana swoista \u201ewisienka na&nbsp;torcie\u201d, Grabiec odpowiedzia\u0142 na&nbsp;pytanie, czy Tusk by\u0142 zawsze antyrosyjski , po&nbsp;chwili zastanowienia odpowiedzia\u0142 \u201etak\u201d i&nbsp; nie wytrzyma\u0142 i&nbsp;parskn\u0105\u0142 \u015bmiechem.<br>A&nbsp;wi\u0119c nawet on&nbsp;zdaje sobie spraw\u0119 ,\u017ce&nbsp;m\u00f3wienie o&nbsp;antyrosyjsko\u015bci Tuska podczas sprawowania funkcji premiera ale tak\u017ce przewodnicz\u0105cego Rady Europejskiej , mo\u017ce by\u0107 skwitowane tylko&nbsp;\u015bmiechem.<\/p>\n\n\n\n<p>W&nbsp;mediach, w&nbsp;tym w&nbsp;internecie, istniej\u0105 dziesi\u0105tki przyk\u0142ad\u00f3w na&nbsp;to, \u017ce&nbsp;by\u0142o dok\u0142adnie odwrotnie, od&nbsp;jego wypowiedzi w&nbsp;pierwszym expose, \u017ce&nbsp;\u201erozpoczniemy dialog z&nbsp;Rosj\u0105 tak\u0105 jaka ona jest\u201d, po&nbsp;zgod\u0119 na&nbsp;wyprzeda\u017c strategicznych przedsi\u0119biorstw inwestorom z&nbsp;Rosji (rafineria w&nbsp;Mo\u017cejkach, Lotos, tarnowskie Azoty), a\u017c&nbsp;po&nbsp;brak reakcji na&nbsp;napa\u015b\u0107 Rosji na&nbsp;Ukrain\u0119 i&nbsp;zaj\u0119cie Doniecka, \u0141uga\u0144ska i&nbsp;Krymu w&nbsp;2014&nbsp;roku.<\/p>\n\n\n\n<p>Najwi\u0119cej przyk\u0142ad\u00f3w \u201eantyrosyjsko\u015bci\u201d Tuska pokazuje film Marcina Tulickiego \u201eNasz cz\u0142owiek w&nbsp;Warszawie\u201d, kt\u00f3ry jest przejmuj\u0105cym dokumentem dobitnie pokazuj\u0105cym, jak\u0105 cen\u0119 zap\u0142aci\u0142a Polska za&nbsp;reset z&nbsp;Rosj\u0105 realizowany przez Tuska i&nbsp;jego ekip\u0119&nbsp;rz\u0105dow\u0105.<\/p>\n\n\n\n<p>To, \u017ce&nbsp;politycy Platformy broni\u0105 Tuska w&nbsp;ka\u017cdej sytuacji, nie powinno dziwi\u0107, ale to, jak traktuj\u0105 swoich wyborc\u00f3w, kt\u00f3rym pr\u00f3buj\u0105 wmawia\u0107 takie rzeczy, jest ju\u017c dos\u0142ownie&nbsp;szokuj\u0105ce.<\/p>\n","protected":false},"excerpt":{"rendered":"<p>Zbigniew Ku\u017amiuk Wczoraj go\u015bciem redaktora Bogdana Rymanowskiego w&nbsp;radiu Zet, by\u0142 rzecznik prasowy Platformy, pose\u0142 Jan Grabiec, a&nbsp;jego wypowiedzi<\/p>\n","protected":false},"author":1,"featured_media":3900,"comment_status":"closed","ping_status":"closed","sticky":false,"template":"","format":"standard","meta":{"footnotes":""},"categories":[2,9],"tags":[],"class_list":["post-3899","post","type-post","status-publish","format-standard","has-post-thumbnail","hentry","category-polityka","category-start"],"_links":{"self":[{"href":"https:\/\/kuriercodziennychicago.com\/index.php\/wp-json\/wp\/v2\/posts\/3899","targetHints":{"allow":["GET"]}}],"collection":[{"href":"https:\/\/kuriercodziennychicago.com\/index.php\/wp-json\/wp\/v2\/posts"}],"about":[{"href":"https:\/\/kuriercodziennychicago.com\/index.php\/wp-json\/wp\/v2\/types\/post"}],"author":[{"embeddable":true,"href":"https:\/\/kuriercodziennychicago.com\/index.php\/wp-json\/wp\/v2\/users\/1"}],"replies":[{"embeddable":true,"href":"https:\/\/kuriercodziennychicago.com\/index.php\/wp-json\/wp\/v2\/comments?post=3899"}],"version-history":[{"count":1,"href":"https:\/\/kuriercodziennychicago.com\/index.php\/wp-json\/wp\/v2\/posts\/3899\/revisions"}],"predecessor-version":[{"id":3901,"href":"https:\/\/kuriercodziennychicago.com\/index.php\/wp-json\/wp\/v2\/posts\/3899\/revisions\/3901"}],"wp:featuredmedia":[{"embeddable":true,"href":"https:\/\/kuriercodziennychicago.com\/index.php\/wp-json\/wp\/v2\/media\/3900"}],"wp:attachment":[{"href":"https:\/\/kuriercodziennychicago.com\/index.php\/wp-json\/wp\/v2\/media?parent=3899"}],"wp:term":[{"taxonomy":"category","embeddable":true,"href":"https:\/\/kuriercodziennychicago.com\/index.php\/wp-json\/wp\/v2\/categories?post=3899"},{"taxonomy":"post_tag","embeddable":true,"href":"https:\/\/kuriercodziennychicago.com\/index.php\/wp-json\/wp\/v2\/tags?post=3899"}],"curies":[{"name":"wp","href":"https:\/\/api.w.org\/{rel}","templated":true}]}}