{"id":408,"date":"2022-05-29T19:10:02","date_gmt":"2022-05-29T17:10:02","guid":{"rendered":"https:\/\/kuriercodziennychicago.com\/?p=408"},"modified":"2022-05-29T19:10:04","modified_gmt":"2022-05-29T17:10:04","slug":"nie-tylko-bucza-i-borodzianka","status":"publish","type":"post","link":"https:\/\/kuriercodziennychicago.com\/index.php\/2022\/05\/29\/nie-tylko-bucza-i-borodzianka\/","title":{"rendered":"Nie tylko Bucza i&nbsp;Borodzianka"},"content":{"rendered":"<div class=\"wp-block-image\">\n<figure class=\"alignleft size-full is-resized\"><img decoding=\"async\" src=\"https:\/\/kuriercodziennychicago.com\/wp-content\/uploads\/2022\/05\/czarnecki-ryszard.jpg\" alt=\"\" class=\"wp-image-39\" width=\"105\" height=\"79\"\/><\/figure>\n<\/div>\n\n\n<h3 class=\"wp-block-heading\">Ryszard Czarnecki<\/h3>\n\n\n\n<p>Ukraina wci\u0105\u017c cierpi i\u00a0ponosi ogromne straty z\u00a0powodu niczym niesprowokowanej agresji Rosji. Codziennie gin\u0105 ludzie, odnosz\u0105 rany, niszczone s\u0105 infrastruktura kraju i\u00a0mienie prywatne \u2013 niestety, najbardziej cierpi ludno\u015b\u0107 cywilna tego pa\u0144stwa. W\u00a0wyniku wojny zniszczona zosta\u0142a ogromna liczba budynk\u00f3w mieszkalnych, szk\u00f3\u0142, szpitali, instytucji opieku\u0144czych, w\u00a0ruinie s\u0105 ca\u0142e miasta. Istotnym zagro\u017ceniem dla ludno\u015bci cywilnej, zar\u00f3wno tej, kt\u00f3ra pozosta\u0142a w\u00a0swych domach, jak i\u00a0tej, kt\u00f3ra ucieka przed wojn\u0105, s\u0105 miny i\u00a0niewybuchy oraz inne pozosta\u0142o\u015bci arsena\u0142\u00f3w wojennych.<\/p>\n\n\n\n<p>Pewne wyobra\u017cenie o&nbsp;skali rosyjskich zbrodni i&nbsp;cierpie\u0144 ukrai\u0144skiej ludno\u015bci cywilnej daje raport Biura Wysokiego Komisarza Narod\u00f3w Zjednoczonych do spraw Praw Cz\u0142owieka (OHCHR).&nbsp;<\/p>\n\n\n\n<figure class=\"wp-block-image size-large\"><img decoding=\"async\" width=\"1024\" height=\"658\" src=\"https:\/\/kuriercodziennychicago.com\/wp-content\/uploads\/2022\/05\/4fbc47cb-754a-41b7-9197-4c481dad0337_f1400x900-1024x658.jpg\" alt=\"\" class=\"wp-image-409\" srcset=\"https:\/\/kuriercodziennychicago.com\/wp-content\/uploads\/2022\/05\/4fbc47cb-754a-41b7-9197-4c481dad0337_f1400x900-1024x658.jpg 1024w, https:\/\/kuriercodziennychicago.com\/wp-content\/uploads\/2022\/05\/4fbc47cb-754a-41b7-9197-4c481dad0337_f1400x900-300x193.jpg 300w, https:\/\/kuriercodziennychicago.com\/wp-content\/uploads\/2022\/05\/4fbc47cb-754a-41b7-9197-4c481dad0337_f1400x900-768x494.jpg 768w, https:\/\/kuriercodziennychicago.com\/wp-content\/uploads\/2022\/05\/4fbc47cb-754a-41b7-9197-4c481dad0337_f1400x900-370x238.jpg 370w, https:\/\/kuriercodziennychicago.com\/wp-content\/uploads\/2022\/05\/4fbc47cb-754a-41b7-9197-4c481dad0337_f1400x900.jpg 1400w\" sizes=\"(max-width: 1024px) 100vw, 1024px\" \/><\/figure>\n\n\n\n<h3 class=\"wp-block-heading\"><strong>Liczby, kt\u00f3re krzycz\u0105<\/strong><\/h3>\n\n\n\n<p>W&nbsp;raporcie z&nbsp;15 maja 2022&nbsp;r. Biuro Wysokiego Komisarza ONZ ds. Praw Cz\u0142owieka stwierdzi\u0142o, \u017ce od 24&nbsp;lutego tego roku, kiedy rozpocz\u0119\u0142a si\u0119 zbrojna napa\u015b\u0107 Federacji Rosyjskiej na Ukrain\u0119, odnotowa\u0142o 7564&nbsp;ofiary cywilne w&nbsp;tym kraju, z&nbsp;czego 3668 zabitych i&nbsp;3896 rannych.&nbsp;<br>3668 zabitych to 1353 m\u0119\u017cczyzn, 897 kobiet, 82 dziewczynki i&nbsp;94 ch\u0142opc\u00f3w, a&nbsp;tak\u017ce 69 dzieci i&nbsp;1173 doros\u0142ych, kt\u00f3rych p\u0142e\u0107 nie jest jeszcze znana. Natomiast 3896&nbsp;rannych to 602 m\u0119\u017cczyzn, 441&nbsp;kobiet, 91 dziewczynek i&nbsp;100&nbsp;ch\u0142opc\u00f3w, a&nbsp;tak\u017ce 167&nbsp;dzieci i&nbsp;2495&nbsp;doros\u0142ych, kt\u00f3rych p\u0142e\u0107 nie jest jeszcze znana.<\/p>\n\n\n\n<p>Biuro Wysokiego Komisarza ONZ stwierdzi\u0142o tak\u017ce, \u017ce wi\u0119kszo\u015b\u0107 odnotowanych ofiar w\u015br\u00f3d ludno\u015bci cywilnej zosta\u0142a spowodowana u\u017cyciem broni wybuchowej o&nbsp;du\u017cej powierzchni ra\u017cenia, w&nbsp;tym ostrza\u0142u z&nbsp;ci\u0119\u017ckiej artylerii i&nbsp;system\u00f3w rakietowych wielokrotnego odpalania, a&nbsp;tak\u017ce uderze\u0144 rakietowych i&nbsp;lotniczych.<\/p>\n\n\n\n<h3 class=\"wp-block-heading\"><strong>Obrazy z&nbsp;Buczy<\/strong><\/h3>\n\n\n\n<p>Spo\u0142eczno\u015b\u0107 mi\u0119dzynarodowa wci\u0105\u017c pami\u0119ta przera\u017caj\u0105ce obrazy martwych cywil\u00f3w le\u017c\u0105cych na ulicach i&nbsp;w&nbsp;napr\u0119dce wykopanych grobach, kt\u00f3re nap\u0142yn\u0119\u0142y z&nbsp;ukrai\u0144skiego miasta Bucza, w&nbsp;kt\u00f3rym zreszt\u0105 by\u0142em tu\u017c po ujawnieniu tych zbrodni jako przedstawiciel delegacji Parlamentu Europejskiego. Jedna z&nbsp;wiod\u0105cych mi\u0119dzynarodowych agencji informacyjnych donosi\u0142a: \u201eZdj\u0119cia i&nbsp;nagrania wideo z&nbsp;Buczy pokaza\u0142y worki z&nbsp;cia\u0142ami u\u0142o\u017cone w&nbsp;stosy w&nbsp;okopach, ko\u0144czyny wystaj\u0105ce z&nbsp;pospiesznie wykopanych grob\u00f3w i&nbsp;zw\u0142oki porozrzucane na ulicach\u201d.<\/p>\n\n\n\n<p>Matilda Bogner, szefowa Misji Obserwacyjnej ONZ do spraw Praw Cz\u0142owieka na Ukrainie, raportowa\u0142a niedawno, \u017ce misja ONZ w&nbsp;tym kraju spotka\u0142a si\u0119 z&nbsp;informacjami o&nbsp;rosyjskich snajperach na dachach, kt\u00f3rzy strzelali bez \u017cadnego powodu do przypadkowych os\u00f3b \u2013 ukrai\u0144skich cywil\u00f3w, gdy ci przechodzili przez ulic\u0119. W&nbsp;Buczy i&nbsp;innych podmiejskich miejscowo\u015bciach le\u017c\u0105cych na p\u00f3\u0142noc od stolicy Ukrainy, Kijowa, kt\u00f3re zosta\u0142y opanowane przez wojska rosyjskie, \u015bledczy zajmuj\u0105cy si\u0119 prawami cz\u0142owieka odnotowali bezprawne zabicie ponad 300 m\u0119\u017cczyzn, kobiet i&nbsp;dzieci. \u201e(Przypadki te) obejmuj\u0105 dora\u017ane egzekucje, jak te\u017c ludzi, do kt\u00f3rych strzelano, gdy jechali samochodami czy przechodzili przez jezdni\u0119 (&#8230;)\u201d \u2013 powiedzia\u0142a Bogner. Nie przebiera\u0142a w&nbsp;s\u0142owach, m\u00f3wi\u0105c, \u017ce wysoka liczba ofiar w\u015br\u00f3d os\u00f3b niebior\u0105cych udzia\u0142u w&nbsp;walkach oraz masowe zniszczenia infrastruktury cywilnej wskazuj\u0105 na to, \u017ce Rosjanie przeprowadzaj\u0105 zmasowane ataki, co jest pogwa\u0142ceniem prawa konflikt\u00f3w zbrojnych.<\/p>\n\n\n\n<p>Dowodzi to, \u017ce Rosja \u0142amie wszelkie normy mi\u0119dzynarodowego prawa humanitarnego, co jest r\u00f3wnoznaczne z&nbsp;pope\u0142nianiem zbrodni wojennych. Po ujawnieniu przera\u017caj\u0105cych zdj\u0119\u0107 z&nbsp;Buczy prezydent Ukrainy Wo\u0142odymyr Ze\u0142enski pot\u0119pi\u0142 te mordy jako \u201eludob\u00f3jstwo\u201d i&nbsp;\u201ezbrodnie wojenne\u201d. W&nbsp;podobnym duchu wypowiedzia\u0142 si\u0119 prezydent USA Joe Biden. 46. w&nbsp;dziejach Stan\u00f3w Zjednoczonych Ameryki prezydent powiedzia\u0142, \u017ce W\u0142adimir Putin jest \u201ezbrodniarzem wojennym\u201d, kt\u00f3ry powinien stan\u0105\u0107 przed s\u0105dem.<\/p>\n\n\n\n<h3 class=\"wp-block-heading\"><strong>Czy Rosja zostanie rozliczona?<\/strong><\/h3>\n\n\n\n<p>Podczas 34. sesji specjalnej Rady Praw Cz\u0142owieka (HRC \u2013 Human Rights Council) po\u015bwi\u0119conej pogarszaj\u0105cej si\u0119 sytuacji w&nbsp;tym zakresie na Ukrainie, b\u0119d\u0105cej wynikiem rosyjskiej agresji, Victor Madrigal-Borloz, przewodnicz\u0105cy Komitetu Koordynacyjnego Procedur Specjalnych, kategorycznie stwierdzi\u0142, \u017ce u\u017cycie si\u0142y przez jedno pa\u0144stwo przeciwko drugiemu jest z&nbsp;gruntu niedopuszczalne i&nbsp;uderza w&nbsp;samo sedno przedmiotu i&nbsp;cel\u00f3w Karty Narod\u00f3w Zjednoczonych. \u201eKonsekwencje tego ataku militarnego dla ochrony i&nbsp;krzewienia praw cz\u0142owieka na Ukrainie b\u0119d\u0105 bardzo powa\u017cne i&nbsp;d\u0142ugotrwa\u0142e, spowoduj\u0105 ogromne cierpienia i&nbsp;nieodwracalne szkody odczuwane przez pokolenia. Jeste\u015bmy wstrz\u0105\u015bni\u0119ci niepokoj\u0105cymi doniesieniami o&nbsp;naruszeniach mi\u0119dzynarodowego prawa w&nbsp;zakresie praw cz\u0142owieka i&nbsp;mi\u0119dzynarodowego prawa humanitarnego, kt\u00f3re mog\u0105 by\u0107 r\u00f3wnoznaczne ze zbrodniami wojennymi\u201d.&nbsp;<\/p>\n\n\n\n<p>M\u00f3j kraj, Polska, by\u0142 jednym z&nbsp;sygnatariuszy, kt\u00f3rzy poparli zwo\u0142anie tej specjalnej sesji Rady Praw Cz\u0142owieka ONZ. Podczas tej\u017ce sesji Rady Praw Cz\u0142owieka Polska pot\u0119pi\u0142a okrucie\u0144stwa pope\u0142nione przez Rosj\u0119 w&nbsp;Mariupolu i&nbsp;innych cz\u0119\u015bciach Ukrainy. Ambasador RP wezwa\u0142 do os\u0105dzenia wszystkich os\u00f3b, kt\u00f3re dopu\u015bci\u0142y si\u0119 straszliwych zbrodni wojennych na Ukrainie. Na zako\u0144czenie sesji Rada Praw Cz\u0142owieka przyj\u0119\u0142a rezolucj\u0119 stosunkiem g\u0142os\u00f3w 33 za, 2&nbsp;przeciw i&nbsp;12 wstrzymuj\u0105cych si\u0119. W&nbsp;rezolucji wyra\u017cono \u201eg\u0142\u0119bokie zaniepokojenie pora\u017caj\u0105c\u0105 liczb\u0105 ofiar cywilnych spowodowanych agresj\u0105 przeciwko Ukrainie\u201d oraz stanowczo pot\u0119piono \u201eataki na ludno\u015b\u0107 cywiln\u0105 i&nbsp;obiekty cywilne, w&nbsp;tym ataki na dzielnice mieszkalne, szko\u0142y, przedszkola i&nbsp;plac\u00f3wki medyczne, a&nbsp;tak\u017ce ataki z&nbsp;u\u017cyciem amunicji kasetowej, a&nbsp;tak\u017ce stosowanie tortur i&nbsp;innego okrutnego, nieludzkiego lub poni\u017caj\u0105cego traktowania, arbitralnych i&nbsp;pozas\u0105dowych egzekucji, wymuszonych zagini\u0119\u0107, przemocy seksualnej i&nbsp;przemocy ze wzgl\u0119du na p\u0142e\u0107, przymusowych transfer\u00f3w i&nbsp;przymusowych przesiedle\u0144 ludno\u015bci oraz narusze\u0144 i&nbsp;nadu\u017cy\u0107 wobec dzieci\u201d.&nbsp;<\/p>\n\n\n\n<p>Rezolucja ponownie wskaza\u0142a na konieczno\u015b\u0107 przeprowadzenia szybkich, niezale\u017cnych i&nbsp;bezstronnych krajowych oraz mi\u0119dzynarodowych dochodze\u0144 w&nbsp;sprawie domniemanych narusze\u0144 i&nbsp;\u0142amania praw cz\u0142owieka, \u0142amania mi\u0119dzynarodowego prawa humanitarnego i&nbsp;zwi\u0105zanych z&nbsp;tym przest\u0119pstw w&nbsp;celu poci\u0105gni\u0119cia do odpowiedzialno\u015bci os\u00f3b winnych, tak\u017ce czyn\u00f3w, kt\u00f3re mog\u0105 by\u0107 uznane za zbrodnie przeciwko ludzko\u015bci, zbrodnie wojenne i&nbsp;inne przest\u0119pstwa w&nbsp;\u015bwietle prawa mi\u0119dzynarodowego.<\/p>\n\n\n\n<p>Nadszed\u0142 czas, by Rosja odpowiedzia\u0142a za swoje zbrodnie wojenne i&nbsp;okrucie\u0144stwa.<\/p>\n\n\n\n<p>Ryszard Czarnecki<\/p>\n\n\n\n<hr class=\"wp-block-separator has-alpha-channel-opacity\"\/>\n\n\n\n<p>Jest to polska wersja artyku\u0142u, kt\u00f3ry ukaza\u0142 si\u0119 w&nbsp;\u201eNew Delhi Times\u201d pod tytu\u0142em \u201eCivilian deaths continue to mount in Ukraine\u201d.<\/p>\n","protected":false},"excerpt":{"rendered":"<p>Ryszard Czarnecki Ukraina wci\u0105\u017c cierpi i\u00a0ponosi ogromne straty z\u00a0powodu niczym niesprowokowanej agresji Rosji. Codziennie gin\u0105 ludzie, odnosz\u0105 rany,<\/p>\n","protected":false},"author":1,"featured_media":409,"comment_status":"closed","ping_status":"closed","sticky":false,"template":"","format":"standard","meta":{"footnotes":""},"categories":[2,9],"tags":[],"class_list":["post-408","post","type-post","status-publish","format-standard","has-post-thumbnail","hentry","category-polityka","category-start"],"_links":{"self":[{"href":"https:\/\/kuriercodziennychicago.com\/index.php\/wp-json\/wp\/v2\/posts\/408","targetHints":{"allow":["GET"]}}],"collection":[{"href":"https:\/\/kuriercodziennychicago.com\/index.php\/wp-json\/wp\/v2\/posts"}],"about":[{"href":"https:\/\/kuriercodziennychicago.com\/index.php\/wp-json\/wp\/v2\/types\/post"}],"author":[{"embeddable":true,"href":"https:\/\/kuriercodziennychicago.com\/index.php\/wp-json\/wp\/v2\/users\/1"}],"replies":[{"embeddable":true,"href":"https:\/\/kuriercodziennychicago.com\/index.php\/wp-json\/wp\/v2\/comments?post=408"}],"version-history":[{"count":1,"href":"https:\/\/kuriercodziennychicago.com\/index.php\/wp-json\/wp\/v2\/posts\/408\/revisions"}],"predecessor-version":[{"id":410,"href":"https:\/\/kuriercodziennychicago.com\/index.php\/wp-json\/wp\/v2\/posts\/408\/revisions\/410"}],"wp:featuredmedia":[{"embeddable":true,"href":"https:\/\/kuriercodziennychicago.com\/index.php\/wp-json\/wp\/v2\/media\/409"}],"wp:attachment":[{"href":"https:\/\/kuriercodziennychicago.com\/index.php\/wp-json\/wp\/v2\/media?parent=408"}],"wp:term":[{"taxonomy":"category","embeddable":true,"href":"https:\/\/kuriercodziennychicago.com\/index.php\/wp-json\/wp\/v2\/categories?post=408"},{"taxonomy":"post_tag","embeddable":true,"href":"https:\/\/kuriercodziennychicago.com\/index.php\/wp-json\/wp\/v2\/tags?post=408"}],"curies":[{"name":"wp","href":"https:\/\/api.w.org\/{rel}","templated":true}]}}