{"id":4144,"date":"2023-05-23T16:24:26","date_gmt":"2023-05-23T21:24:26","guid":{"rendered":"https:\/\/kuriercodziennychicago.com\/?p=4144"},"modified":"2023-05-23T16:24:26","modified_gmt":"2023-05-23T21:24:26","slug":"zrabowane-polskie-dzieci","status":"publish","type":"post","link":"https:\/\/kuriercodziennychicago.com\/index.php\/2023\/05\/23\/zrabowane-polskie-dzieci\/","title":{"rendered":"Zrabowane polskie dzieci"},"content":{"rendered":"<div class=\"wp-block-image is-style-rounded\">\n<figure class=\"alignleft size-full is-resized\"><img decoding=\"async\" src=\"https:\/\/kuriercodziennychicago.com\/wp-content\/uploads\/2022\/05\/czarnecki-ryszard-e1674519703884.jpg\" alt=\"\" class=\"wp-image-39\" width=\"48\" height=\"48\" srcset=\"https:\/\/kuriercodziennychicago.com\/wp-content\/uploads\/2022\/05\/czarnecki-ryszard-e1674519703884.jpg 164w, https:\/\/kuriercodziennychicago.com\/wp-content\/uploads\/2022\/05\/czarnecki-ryszard-e1674519703884-150x150.jpg 150w\" sizes=\"(max-width: 48px) 100vw, 48px\" \/><\/figure>\n<\/div>\n\n\n<blockquote class=\"wp-block-quote is-layout-flow wp-block-quote-is-layout-flow\">\n<h3 class=\"wp-block-heading\">Ryszard Czarnecki<\/h3>\n<\/blockquote>\n\n\n\n<p>Dok\u0142adnie dzi\u015b, 15 maja, mija 83. rocznica opracowania przez jednego z przyw\u00f3dc\u00f3w III Rzeszy Niemieckiej Heinricha Himmlera wytycznych dotycz\u0105cych programu rabunku i germanizacji polskich dzieci. Warto przypomnie\u0107 t\u0119 dat\u0119 i ten proceder, kt\u00f3ry zosta\u0142 po II wojnie \u015bwiatowej zgodnie uznany przez organizacje mi\u0119dzynarodowe za zbrodni\u0119 ludob\u00f3jstwa (sic!).<\/p>\n\n\n\n<p>Plan ten dotyczy\u0142 g\u0142\u00f3wnie Polski, ale nie tylko. Taka \u201ekradzie\u017c\u201d dzieci przez Niemc\u00f3w przy zaanga\u017cowaniu ca\u0142ego aparatu pa\u0144stwowego odbywa\u0142a si\u0119 cho\u0107by w Czechos\u0142owacji, a tak\u017ce w niekt\u00f3rych republikach ZSRS.<\/p>\n\n\n\n<h2 class=\"wp-block-heading\">Wielki plan germanizacji<\/h2>\n\n\n\n<p>Ten rabunkowo-germanizacyjny plan by\u0142 cz\u0119\u015bci\u0105 szerszego projektu \u2013 Generalnego Planu Wschodniego \u2013 w ramach kt\u00f3rego dokona\u0107 miano daleko id\u0105cych migracji w celu zniemczania \u017cywio\u0142u s\u0142owia\u0144skiego. Generalplan Ost wcielano w \u017cycie brutalnie: dzieci zabierano przemoc\u0105, cz\u0119sto zamordowawszy ich rodzic\u00f3w.<\/p>\n\n\n\n<figure class=\"wp-block-image size-full\"><img decoding=\"async\" width=\"586\" height=\"400\" src=\"https:\/\/kuriercodziennychicago.com\/wp-content\/uploads\/2023\/05\/G2.png\" alt=\"\" class=\"wp-image-4145\" srcset=\"https:\/\/kuriercodziennychicago.com\/wp-content\/uploads\/2023\/05\/G2.png 586w, https:\/\/kuriercodziennychicago.com\/wp-content\/uploads\/2023\/05\/G2-300x205.png 300w\" sizes=\"(max-width: 586px) 100vw, 586px\" \/><\/figure>\n\n\n\n<p>Mali Polacy kierowani byli do specjalnych o\u015brodk\u00f3w, przez niemieck\u0105 propagand\u0119 cz\u0119sto nazywanych Kinderd\u00f6rfer, czyli wioskami dzieci\u0119cymi. Tam najpierw dokonywano selekcji rasowej. Je\u017celi dziecko zosta\u0142o zakwalifikowane jako dobry kandydat do Herrenvolku, czyli narodu pan\u00f3w, to niszczono oryginaln\u0105 metryk\u0119 urodzenia, w jej miejsce dawano now\u0105, dokonuj\u0105c zmiany nazwiska na niemieckie i zniemczenia imion (lub nadania nowych). W ten spos\u00f3b rozpoczynano proces germanizacji. Dzieci uznane za niespe\u0142niaj\u0105ce kryteri\u00f3w aryjsko\u015bci wysy\u0142ano do niemieckiego obozu \u015bmierci w Auschwitz, ewentualnie osiedlano na terenie GG (Generalne Gubernatorstwo).<\/p>\n\n\n\n<p>Straty polskie by\u0142y dotkliwe. Wed\u0142ug powszechnie przyj\u0119tych szacunk\u00f3w Niemcy wywie\u017ali ok. 200 tys. polskich dzieci, z czego zaledwie 30 tys. (niekt\u00f3re \u017ar\u00f3d\u0142a podaj\u0105 40 tys.) po wojnie wr\u00f3ci\u0142o do Polski.<\/p>\n\n\n\n<h2 class=\"wp-block-heading\">Rasowo warto\u015bciowe dzieci<\/h2>\n\n\n\n<p>Niemcy akcj\u0119 germanizacji polskich dzieci przeprowadzali w spos\u00f3b zaprogramowany i bardzo systematyczny. Odpowiada\u0142 za to Heinrich Himmler, kt\u00f3ry zosta\u0142 mianowany przez Hitlera \u201ekomisarzem Rzeszy do spraw umocnienia niemiecko\u015bci\u201d. Plany akcji germanizacyjnej powstawa\u0142y, co ciekawe, nie w strukturach pa\u0144stwowych, ale partyjnych, a konkretnie w Urz\u0119dzie do spraw Rasowo-Politycznych NSDAP. A ten dzia\u0142a\u0142 szybko. Ju\u017c nieco ponad p\u00f3\u0142tora miesi\u0105ca od zaj\u0119cia Polski Himmler dosta\u0142 z tego urz\u0119du 40-stronicowe opracowanie pod wiele m\u00f3wi\u0105cym tytu\u0142em: \u201eSprawa traktowania ludno\u015bci z by\u0142ych polskich obszar\u00f3w z rasowo-politycznego punktu widzenia\u201d.<\/p>\n\n\n\n<p>W dokumencie tym ostatni rozdzia\u0142 jest po\u015bwi\u0119cony rabunkowi i selekcji polskich dzieci. Oto jego fragmenty: \u201eZnaczna cz\u0119\u015b\u0107 rasowo warto\u015bciowych, ale z narodowych wzgl\u0119d\u00f3w nieprzydatnych do zniemczenia warstw narodu polskiego, b\u0119dzie musia\u0142a zosta\u0107 wysiedlona na pozosta\u0142y polski teren (\u2026). Trzeba pr\u00f3bowa\u0107 wy\u0142\u0105czy\u0107 z przesiedlenia rasowo warto\u015bciowe dzieci i wychowywa\u0107 je w Starej Rzeszy w odpowiednich zak\u0142adach wychowawczych (\u2026) albo te\u017c w niemieckiej opiece rodzinnej. Wchodz\u0105ce w rachub\u0119 dzieci nie mog\u0105 mie\u0107 wi\u0119cej ni\u017c od 8 do 10 lat, poniewa\u017c z regu\u0142y tylko do tego wieku mo\u017cliwe jest prawdziwe przenarodowienie, to znaczy ostateczne zniemczenie. Warunkiem jest ca\u0142kowite zaprzestanie utrzymywania jakichkolwiek stosunk\u00f3w z ich polskimi krewnymi. Dzieci otrzymaj\u0105 niemieckie nazwiska (\u2026), ich rodow\u00f3d b\u0119dzie prowadzony przez specjaln\u0105 plac\u00f3wk\u0119\u201d.<\/p>\n\n\n\n<h2 class=\"wp-block-heading\">Niemiecka wizja Polaka<\/h2>\n\n\n\n<p>Na wst\u0119pie wspomnia\u0142em, \u017ce dzi\u015b jest rocznica, o kt\u00f3rej Niemcy woleliby zapomnie\u0107: przyj\u0119cia przez Himmlera dokumentu zatytu\u0142owanego: \u201eKilka my\u015bli o traktowaniu obcoplemiennych na wschodzie\u201d. Warto stre\u015bci\u0107 to opracowanie, bo jest ono wyrazem poczucia absolutnej wy\u017cszo\u015bci Niemc\u00f3w nad Polakami i za\u0142o\u017cenia, \u017ce ludno\u015b\u0107 polska ma by\u0107 wy\u0142\u0105cznie tani\u0105 si\u0142\u0105 robocz\u0105 s\u0142u\u017c\u0105c\u0105 niemieckim panom.<\/p>\n\n\n\n<p>Himmler proponowa\u0142:<\/p>\n\n\n\n<p>1. Na terenie Polski szkolnictwo nale\u017cy ograniczy\u0107 zaledwie do czterech klas szko\u0142y powszechnej. Te szko\u0142y mia\u0142yby uczy\u0107 liczenia do 500, pisania nazwiska oraz uproszczonej religii polegaj\u0105cej na wpojeniu dogmatu, \u017ce to B\u00f3g ka\u017ce Polakom by\u0107 pos\u0142usznymi wobec Niemc\u00f3w. Niemcy, co warto podkre\u015bli\u0107, nie chcieli, aby ludno\u015b\u0107 polska potrafi\u0142a czyta\u0107.<br>2. Gdyby jednak jakie\u015b polskie rodziny chcia\u0142y kszta\u0142ci\u0107 dzieci w wy\u017cszych klasach, to musia\u0142yby one wyjecha\u0107 do Niemiec, co w praktyce oznacza\u0142oby germanizacj\u0119.<br>3. Za\u0142o\u017cono i p\u00f3\u017aniej to systematycznie realizowano, \u017ce nast\u0105pi coroczna selekcja dzieci od 6. do 10. roku \u017cycia. Dzieci, kt\u00f3re zosta\u0142yby uznane za \u201erasowo rokuj\u0105ce\u201d, mia\u0142y by\u0107 wysy\u0142ane do Niemiec na dalszy etap germanizacji.<\/p>\n\n\n\n<p>Gdyby nakr\u0119ci\u0107 film pokazuj\u0105cy tragedi\u0119 polskich dzieci, to na pewno powinien znale\u017a\u0107 si\u0119 tam specjalny ob\u00f3z dla dzieci w \u0141odzi, a tak\u017ce o\u015brodek w Kaliszu, gdzie na terenie dawnego \u017ce\u0144skiego klasztoru, za murami, po cichu prowadzono akcj\u0119 wynaradawiania tak\u017ce w wymiarze formalnym, poniewa\u017c tam w\u0142a\u015bnie by\u0142y filie urz\u0119d\u00f3w meldunkowych, kt\u00f3re przygotowywa\u0142y nowe, aryjskie papiery dla dzieci zakwalifikowanych do \u201eawansu cywilizacyjnego\u201d.<\/p>\n\n\n\n<p>Warto podkre\u015bli\u0107, \u017ce Niemcy od samego pocz\u0105tku systematycznie realizowa\u0142y polityk\u0119 zmiany spo\u0142ecze\u0144stwa polskiego na \u201ebezwarto\u015bciowo rasow\u0105\u201d grup\u0119, kt\u00f3ra mia\u0142a s\u0142u\u017cy\u0107 Niemcom wy\u0142\u0105cznie jako si\u0142a robocza. Berlin z w\u0142a\u015bciw\u0105 sobie systematyczno\u015bci\u0105 zbudowa\u0142 ca\u0142\u0105 sie\u0107 struktur pa\u0144stwowych, nastawionych na jak najszybsz\u0105 germanizacj\u0119 i zwi\u0119kszenie populacji narodu pan\u00f3w. By\u0142y to Niemieckie Szko\u0142y Ojczy\u017aniane oraz sie\u0107 o\u015brodk\u00f3w Lebensborn, Urz\u0119dy Rasy i Osadnictwa oraz specjalne kom\u00f3rki (ludzie) we w\u0142adzach wojskowych i administracyjnych.<\/p>\n\n\n\n<h2 class=\"wp-block-heading\">Zbrodnia przeciwko ludzko\u015bci<\/h2>\n\n\n\n<p>Po II wojnie ruszy\u0142a akcja odzyskiwania polskich dzieci. Bolesne, \u017ce naszym sojusznikiem wcale nie by\u0142y w\u0142adze zachodnich stref okupacyjnych na terenie Niemiec (ameryka\u0144ska, angielska, francuska). Mno\u017cono proceduralne przeszkody, domagano si\u0119 specjalnych dokument\u00f3w, \u017ce to akurat dziecko zosta\u0142o \u201eskradzione\u201d i wywiezione z Polski. Co wi\u0119cej, nawet po przedstawieniu takich dokument\u00f3w dzieci powy\u017cej 16. roku \u017cycia musia\u0142y sk\u0142ada\u0107 o\u015bwiadczenia o ch\u0119ci powrotu do Polski, co nieraz okazywa\u0142o si\u0119 bardzo trudne, bo nieznaj\u0105ce swoich korzeni i wywiezione z Polski tak dawno, \u017ce tego nie pami\u0119ta\u0142y, dzieci czasem ju\u017c akceptowa\u0142y swoich nowych \u201erodzic\u00f3w\u201d.<\/p>\n\n\n\n<p>Warto wszak\u017ce podkre\u015bli\u0107, \u017ce przynajmniej w wymiarze formalnoprawnym organizacje mi\u0119dzynarodowe stan\u0119\u0142y ca\u0142kowicie po polskiej stronie. Najpierw Mi\u0119dzynarodowy Trybuna\u0142 Wojskowy w Norymberdze uzna\u0142 germanizacj\u0119 naszych (i nie tylko) dzieci za ludob\u00f3jstwo. R\u00f3wnie\u017c konwencja nowo powsta\u0142ej Organizacji Narod\u00f3w Zjednoczonych dotycz\u0105ca zapobiegania i karania zbrodni ludob\u00f3jstwa w art. 3e okre\u015bla\u0142a przymusowe zabranie dzieci za form\u0119 ludob\u00f3jstwa. Wreszcie konferencja UNESCO z 1948 r. tak\u017ce uzna\u0142a, \u017ce \u201erabunek i eksterminacja dzieci jest zbrodni\u0105 przeciwko ludzko\u015bci\u201d.<\/p>\n\n\n\n<p>Przypomnienie podstawowych fakt\u00f3w historycznych dotycz\u0105cych eksterminacji narodu polskiego, w tym germanizacji polskich dzieci, powinno by\u0107 w moim przekonaniu dobrym etapem w debacie na ten temat w wymiarze mi\u0119dzynarodowym. Powinno to zach\u0119ci\u0107 stron\u0119 niemieck\u0105 do zrewidowania swojego stanowiska odno\u015bnie do reparacji ze strony Polski.<\/p>\n\n\n\n<p>Strona niemiecka gra na czas, tak\u017ce licz\u0105c na wygran\u0105 opozycji, ale strona polska nie mo\u017ce w tym czasie pr\u00f3\u017cnowa\u0107. Przeciwnie: musimy pokazywa\u0107 prawdziw\u0105 histori\u0119 zwi\u0105zan\u0105 z agresj\u0105 Niemiec na Polsk\u0119 i jej nast\u0119pstwami gospodarczo-polityczno-demograficznymi. Tak\u017ce germanizacj\u0105 ma\u0142ych Polak\u00f3w.<\/p>\n","protected":false},"excerpt":{"rendered":"<p>Ryszard Czarnecki Dok\u0142adnie dzi\u015b, 15 maja, mija 83. rocznica opracowania przez jednego z przyw\u00f3dc\u00f3w III Rzeszy Niemieckiej Heinricha<\/p>\n","protected":false},"author":1,"featured_media":4145,"comment_status":"closed","ping_status":"closed","sticky":false,"template":"","format":"standard","meta":{"footnotes":""},"categories":[4,9],"tags":[],"class_list":["post-4144","post","type-post","status-publish","format-standard","has-post-thumbnail","hentry","category-publicystyka","category-start"],"_links":{"self":[{"href":"https:\/\/kuriercodziennychicago.com\/index.php\/wp-json\/wp\/v2\/posts\/4144","targetHints":{"allow":["GET"]}}],"collection":[{"href":"https:\/\/kuriercodziennychicago.com\/index.php\/wp-json\/wp\/v2\/posts"}],"about":[{"href":"https:\/\/kuriercodziennychicago.com\/index.php\/wp-json\/wp\/v2\/types\/post"}],"author":[{"embeddable":true,"href":"https:\/\/kuriercodziennychicago.com\/index.php\/wp-json\/wp\/v2\/users\/1"}],"replies":[{"embeddable":true,"href":"https:\/\/kuriercodziennychicago.com\/index.php\/wp-json\/wp\/v2\/comments?post=4144"}],"version-history":[{"count":1,"href":"https:\/\/kuriercodziennychicago.com\/index.php\/wp-json\/wp\/v2\/posts\/4144\/revisions"}],"predecessor-version":[{"id":4146,"href":"https:\/\/kuriercodziennychicago.com\/index.php\/wp-json\/wp\/v2\/posts\/4144\/revisions\/4146"}],"wp:featuredmedia":[{"embeddable":true,"href":"https:\/\/kuriercodziennychicago.com\/index.php\/wp-json\/wp\/v2\/media\/4145"}],"wp:attachment":[{"href":"https:\/\/kuriercodziennychicago.com\/index.php\/wp-json\/wp\/v2\/media?parent=4144"}],"wp:term":[{"taxonomy":"category","embeddable":true,"href":"https:\/\/kuriercodziennychicago.com\/index.php\/wp-json\/wp\/v2\/categories?post=4144"},{"taxonomy":"post_tag","embeddable":true,"href":"https:\/\/kuriercodziennychicago.com\/index.php\/wp-json\/wp\/v2\/tags?post=4144"}],"curies":[{"name":"wp","href":"https:\/\/api.w.org\/{rel}","templated":true}]}}