{"id":4147,"date":"2023-05-23T16:26:01","date_gmt":"2023-05-23T21:26:01","guid":{"rendered":"https:\/\/kuriercodziennychicago.com\/?p=4147"},"modified":"2023-05-23T16:26:02","modified_gmt":"2023-05-23T21:26:02","slug":"ordo-iuris-czy-800-nas-ocali","status":"publish","type":"post","link":"https:\/\/kuriercodziennychicago.com\/index.php\/2023\/05\/23\/ordo-iuris-czy-800-nas-ocali\/","title":{"rendered":"Ordo Iuris: Czy 800+ nas ocali?"},"content":{"rendered":"\n<blockquote class=\"wp-block-quote is-layout-flow wp-block-quote-is-layout-flow\">\n<h3 class=\"wp-block-heading\">Adw. Rafa\u0142 Dorosi\u0144ski \u2013 cz\u0142onek Zarz\u0105du Ordo Iuris<\/h3>\n<\/blockquote>\n\n\n\n<p>Z niepokojem obserwujemy dramatyczn\u0105 skal\u0119 wyludniania si\u0119 naszej Ojczyzny. Jak wskazuje GUS, do roku 2050 Polak\u00f3w b\u0119dzie mniej o 4,4 mln. Unijny EUROSTAT przewiduje, \u017ce w 2100 roku b\u0119dzie nas mniej ni\u017c 30 mln. Bez skutecznej polityki rodzinnej nasz kraj stanie si\u0119 kolejnym migracyjnym rajem, a obcokrajowcy b\u0119d\u0105 zarabia\u0107 na nasze emerytury, przejmuj\u0105c demokratycznie z naszych r\u0105k stery naszej Ojczyzny. To ostatni dzwonek na wdro\u017cenie skutecznej polityki demograficznej, bo pokolenie szczytu ju\u017c niebawem opu\u015bci wiek produkcyjny. Wtedy b\u0119dziemy straceni.<\/p>\n\n\n\n<p><strong>800+ i tani kredyt mieszkaniowy odpowiedzi\u0105 na kryzys demograficzny?<\/strong><\/p>\n\n\n\n<p>Polityka rodzinna odgrywa od lat w Polsce g\u0142\u00f3wnie rol\u0119 impulsu wyborczego. Liderzy partyjni prze\u015bcigaj\u0105 si\u0119 w przedwyborczych obietnicach. Od lipca wchodzi w \u017cycie rz\u0105dowy program kredyt\u00f3w mieszkaniowych z oprocentowaniem 2%. W odpowiedzi opozycja obiecuje\u2026 \u201eKredyt 0%\u201d. Gdy Donald Tusk proponuje nowy zasi\u0142ek pod nazw\u0105&nbsp;\u201ebabciowe\u201d, Jaros\u0142aw Kaczy\u0144ski reaguje obietnic\u0105 waloryzacji s\u0142ynnego \u201e500+\u201d na \u201e800+\u201d, na co lider PO \u017c\u0105da waloryzacji natychmiast i podwojenia kwoty wolnej od podatku. Chocia\u017c podobne programy ograniczaj\u0105 skal\u0119 ub\u00f3stwa i s\u0105&nbsp;skutecznym paliwem wyborczym, nie przynosz\u0105&nbsp;prze\u0142omu w poziomie dzietno\u015bci.<\/p>\n\n\n\n<figure class=\"wp-block-image size-large\"><img decoding=\"async\" width=\"1024\" height=\"538\" src=\"https:\/\/kuriercodziennychicago.com\/wp-content\/uploads\/2023\/05\/H7hk9kpTURBXy9lMzg0NTQyMTU0MDY4ZjQ1ZWY4ZWQ5ZDVhMzQxYWE2OS5qcGeSlQMCzMnNB87NBGWTBc0EsM0Cdt4AAaEwAQ-1024x538.jpg\" alt=\"\" class=\"wp-image-4148\" srcset=\"https:\/\/kuriercodziennychicago.com\/wp-content\/uploads\/2023\/05\/H7hk9kpTURBXy9lMzg0NTQyMTU0MDY4ZjQ1ZWY4ZWQ5ZDVhMzQxYWE2OS5qcGeSlQMCzMnNB87NBGWTBc0EsM0Cdt4AAaEwAQ-1024x538.jpg 1024w, https:\/\/kuriercodziennychicago.com\/wp-content\/uploads\/2023\/05\/H7hk9kpTURBXy9lMzg0NTQyMTU0MDY4ZjQ1ZWY4ZWQ5ZDVhMzQxYWE2OS5qcGeSlQMCzMnNB87NBGWTBc0EsM0Cdt4AAaEwAQ-300x158.jpg 300w, https:\/\/kuriercodziennychicago.com\/wp-content\/uploads\/2023\/05\/H7hk9kpTURBXy9lMzg0NTQyMTU0MDY4ZjQ1ZWY4ZWQ5ZDVhMzQxYWE2OS5qcGeSlQMCzMnNB87NBGWTBc0EsM0Cdt4AAaEwAQ-768x403.jpg 768w, https:\/\/kuriercodziennychicago.com\/wp-content\/uploads\/2023\/05\/H7hk9kpTURBXy9lMzg0NTQyMTU0MDY4ZjQ1ZWY4ZWQ5ZDVhMzQxYWE2OS5qcGeSlQMCzMnNB87NBGWTBc0EsM0Cdt4AAaEwAQ.jpg 1200w\" sizes=\"(max-width: 1024px) 100vw, 1024px\" \/><\/figure>\n\n\n\n<p>Jako Instytut Ordo Iuris, mo\u017cemy pozwoli\u0107&nbsp;sobie na spojrzenie bardziej strategiczne i dalekosi\u0119\u017cne. Od lat badamy i promujemy najlepsze z zagranicznych rozwi\u0105za\u0144 prorodzinnych i prodemograficznych. Przestrzegamy przed nadmiernym skupieniem na polityce socjalnej, bo za demograficzn\u0105 zapa\u015b\u0107&nbsp;odpowiada \u2013 co najmniej w r\u00f3wnym stopniu \u2013 upadek kultury rodzinnej, etosu po\u015bwi\u0119cenia dla dzieci i najbli\u017cszych, wszechobecna promocja konsumpcji i zwyk\u0142ego wygodnictwa czy te\u017c coraz silniej wywierana presja na kobiety, aby swojego \u017cyciowego spe\u0142nienia \u2013 zamiast w rodzinie \u2013 szuka\u0142y tylko w pracy zawodowej.<\/p>\n\n\n\n<p>B\u0119d\u0105c \u015bwiadomymi wyborczych priorytet\u00f3w polityk\u00f3w, staramy si\u0119 przekona\u0107 ich do dostrze\u017cenia najwi\u0119kszego zagro\u017cenia dla bytu naszego Narodu. Je\u015bli poziom dzietno\u015bci nie zbli\u017cy si\u0119 do poziomu dw\u00f3jki lub tr\u00f3jki dzieci w rodzinie, to ju\u017c niebawem gospodarka i system emerytalny wymusz\u0105 trudn\u0105 do opanowania migracj\u0119 \u2013 tak\u017ce z obcych kulturowo region\u00f3w \u015bwiata. Polska ulegnie radykalnej i nieodwracalnej przemianie etnicznej, kulturowej, religijnej i politycznej. W rezultacie Ojczyzna jak\u0105 znamy, stanie si\u0119 jedynie mglistym wspomnieniem.<\/p>\n\n\n\n<p>Nie ma miesi\u0105ca bez analiz i rekomendacji Ordo Iuris dotycz\u0105cych wdra\u017canych program\u00f3w rz\u0105dowych. Przygotowali\u015bmy analiz\u0119 rz\u0105dowego programu \u201ePierwsze mieszkanie\u201d, zwracaj\u0105c uwag\u0119 na to, \u017ce nie posiada on \u017cadnych rozwi\u0105za\u0144 zach\u0119caj\u0105cych do posiadania potomstwa. Pomija zatem wytyczne rz\u0105dowej \u201eStrategii Demograficznej 2040\u201d, kt\u00f3ra wymaga, by dzia\u0142ania pa\u0144stwa w obszarze mieszkalnictwa by\u0142y ukierunkowane na wsparcie rodzin z dzie\u0107mi. Analizie poddali\u015bmy efekty programu \u201e500+\u201d. Zaproponowali\u015bmy zmiany w Rodzinnym Kapitale Opieku\u0144czym. Sugerowali\u015bmy rozw\u00f3j systemu wspierania opieki nad ma\u0142ymi dzie\u0107mi bez nadmiernej promocji \u017c\u0142obk\u00f3w. Przeanalizowali\u015bmy powi\u0105zania demografii z systemem emerytalnym, badaj\u0105c pomys\u0142 powi\u0105zania wysoko\u015bci emerytur z liczb\u0105 posiadanych dzieci.<\/p>\n\n\n\n<p>Si\u0119gamy po dobre wzorce zagraniczne. Eksperci Ordo Iuris ko\u0144cz\u0105 prace nad raportem po\u015bwi\u0119conym w\u0119gierskiej polityce prorodzinnej, kt\u00f3ra sta\u0142a si\u0119 w ostatnich latach istotnym punktem odniesienia dla wielu kraj\u00f3w \u015bwiata. Nieszablonowo\u015b\u0107 i kompleksowo\u015b\u0107 podej\u015bcia powinna by\u0107 inspiruj\u0105ca tak\u017ce dla polskiego rz\u0105du.<\/p>\n\n\n\n<p><strong>Kultura prorodzinna<\/strong><\/p>\n\n\n\n<p>To nie \u015bwiadczenia socjalne, zasi\u0142ki i preferencyjne kredyty przynios\u0142y Polsce szczyty urodze\u0144 w latach 50. i 80. ubieg\u0142ego wieku. Przeciwnie. Dzieci rodzi\u0142y si\u0119 niejako wbrew materialnym trudno\u015bciom i niedoborom. Nie ma w\u0105tpliwo\u015bci, \u017ce kluczem by\u0142a silna w\u00f3wczas \u2013 pomimo komunistycznej propagandy \u2013 kultura rodzinna, gotowo\u015b\u0107 do po\u015bwi\u0119ce\u0144 i mocne przywi\u0105zanie do tradycyjnych, tak\u017ce wielopokoleniowych struktur spo\u0142ecznych oraz ranga rodzinnego etosu katolickiego.<\/p>\n\n\n\n<p>Dlatego strategiczne znaczenie ma dzisiaj polityka nakierowana na odbudow\u0119 szacunku dla rodziny, macierzy\u0144stwa i ojcostwa. Polityka, kt\u00f3ra w ka\u017cdym aspekcie zarz\u0105dzania pa\u0144stwem zadaje pytanie \u2013 czy planowane ustawy lub dzia\u0142ania pomog\u0105 rodzinie i rodzicom?<\/p>\n\n\n\n<p>Nasza aktywno\u015b\u0107 w tej materii jest tym istotniejsza, \u017ce wszystkie niemal media afirmuj\u0105 kultur\u0119 rezygnacji z posiadania potomstwa. W marcu \u201eGazeta Wyborcza\u201d zachwala\u0142a rezygnacj\u0119 z rodzicielstwa na rzecz posiadania zwierz\u0105t, argumentuj\u0105c, \u017ce \u201emi\u0142o\u015b\u0107 do psa czy kota jest bezinteresowna przez ca\u0142e \u017cycie, dziecka tylko do pewnego momentu. Zwierz\u0119ta nie zaczn\u0105 si\u0119 k\u0142\u00f3ci\u0107 o spadek czy dom po rodzicach\u201d. Jeszcze dalej poszed\u0142 portal Bezprawnik, kt\u00f3ry na pocz\u0105tku maja pisa\u0142 o \u201ealimentach na psiecko\u201d, zastanawiaj\u0105c si\u0119, jak wymusi\u0107 na partnerze po rozstaniu \u201edok\u0142adanie si\u0119 do utrzymania zwierz\u0119cia\u201d\u2026 Ale przecie\u017c&nbsp;nie brakuje i w TVP seriali, film\u00f3w, program\u00f3w rozrywkowych, kt\u00f3rych g\u0142\u00f3wnym przekazem jest ucieczka od dojrza\u0142o\u015bci i odpowiedzialno\u015bci, zniech\u0119canie do zak\u0142adania rodzin, promocja poszukiwanie kultury konsumpcji i beztroski.<\/p>\n\n\n\n<p>Dostrzegaj\u0105c wag\u0119&nbsp;kultury prorodzinnej, przyst\u0119pujemy do prac nad raportem \u201ePriorytet kultury rodzinnej w polityce kulturalnej pa\u0144stwa\u201d. Poka\u017cemy w nim, w jaki spos\u00f3b ca\u0142a polityka kulturalna pa\u0144stwa, kt\u00f3re pozostaje najwa\u017cniejszym mecenasem kultury i sztuki w Polsce, mo\u017ce zosta\u0107&nbsp;skoncentrowana na wsparciu konstytucyjnych warto\u015bci \u2013 jakimi s\u0105 rodzina, ma\u0142\u017ce\u0144stwa, macierzy\u0144stwo, ojcostwo i rodzicielstwo. Przy odpowiednich nak\u0142adach i wyborze atrakcyjnych dla m\u0142odych ludzi form przekazu, taka promocja mo\u017ce by\u0107 trafna i skuteczna.<\/p>\n\n\n\n<p>Wag\u0119 czynnik\u00f3w kulturowych potwierdzaj\u0105 nie tylko wyniki rodzinnej polityki kulturalnej na W\u0119grzech, o czym b\u0119dziemy pisa\u0107 w naszym raporcie, ale tak\u017ce sukces demograficzny Czech. To w Czechach odnotowano&nbsp;50% wzrost wska\u017anika dzietno\u015bci (z poziomu 1,14 do 1,71). Co charakterystyczne, 48% z Czech\u00f3w do 29. roku \u017cycia uwa\u017ca, \u017ce posiadanie dzieci jest obowi\u0105zkiem wobec ca\u0142ego spo\u0142ecze\u0144stwa. W Polsce podobny pogl\u0105d podziela zaledwie 22,3% m\u0142odych ludzi.<\/p>\n\n\n\n<p>Polityka rodzinna to jeden z obszar\u00f3w, w kt\u00f3rych zaanga\u017cowanie Instytutu Ordo Iuris jest niezb\u0119dne. Natura krajowej polityki partyjnej powoduje, \u017ce strategiczny namys\u0142 nad wieloletnimi zagro\u017ceniami wykracza poza perspektyw\u0119 program\u00f3w wyborczych. To zadanie dla nas i jedynie od si\u0142y naszych argument\u00f3w zale\u017ce\u0107&nbsp;b\u0119dzie, czy z czasem przekonamy do dobrych rozwi\u0105za\u0144 tak\u017ce krajowych decydent\u00f3w.<\/p>\n","protected":false},"excerpt":{"rendered":"<p>Adw. Rafa\u0142 Dorosi\u0144ski \u2013 cz\u0142onek Zarz\u0105du Ordo Iuris Z niepokojem obserwujemy dramatyczn\u0105 skal\u0119 wyludniania si\u0119 naszej Ojczyzny. Jak<\/p>\n","protected":false},"author":1,"featured_media":4148,"comment_status":"closed","ping_status":"closed","sticky":false,"template":"","format":"standard","meta":{"footnotes":""},"categories":[4,9],"tags":[],"class_list":["post-4147","post","type-post","status-publish","format-standard","has-post-thumbnail","hentry","category-publicystyka","category-start"],"_links":{"self":[{"href":"https:\/\/kuriercodziennychicago.com\/index.php\/wp-json\/wp\/v2\/posts\/4147","targetHints":{"allow":["GET"]}}],"collection":[{"href":"https:\/\/kuriercodziennychicago.com\/index.php\/wp-json\/wp\/v2\/posts"}],"about":[{"href":"https:\/\/kuriercodziennychicago.com\/index.php\/wp-json\/wp\/v2\/types\/post"}],"author":[{"embeddable":true,"href":"https:\/\/kuriercodziennychicago.com\/index.php\/wp-json\/wp\/v2\/users\/1"}],"replies":[{"embeddable":true,"href":"https:\/\/kuriercodziennychicago.com\/index.php\/wp-json\/wp\/v2\/comments?post=4147"}],"version-history":[{"count":1,"href":"https:\/\/kuriercodziennychicago.com\/index.php\/wp-json\/wp\/v2\/posts\/4147\/revisions"}],"predecessor-version":[{"id":4149,"href":"https:\/\/kuriercodziennychicago.com\/index.php\/wp-json\/wp\/v2\/posts\/4147\/revisions\/4149"}],"wp:featuredmedia":[{"embeddable":true,"href":"https:\/\/kuriercodziennychicago.com\/index.php\/wp-json\/wp\/v2\/media\/4148"}],"wp:attachment":[{"href":"https:\/\/kuriercodziennychicago.com\/index.php\/wp-json\/wp\/v2\/media?parent=4147"}],"wp:term":[{"taxonomy":"category","embeddable":true,"href":"https:\/\/kuriercodziennychicago.com\/index.php\/wp-json\/wp\/v2\/categories?post=4147"},{"taxonomy":"post_tag","embeddable":true,"href":"https:\/\/kuriercodziennychicago.com\/index.php\/wp-json\/wp\/v2\/tags?post=4147"}],"curies":[{"name":"wp","href":"https:\/\/api.w.org\/{rel}","templated":true}]}}