{"id":4338,"date":"2023-06-20T03:56:45","date_gmt":"2023-06-20T08:56:45","guid":{"rendered":"https:\/\/kuriercodziennychicago.com\/?p=4338"},"modified":"2023-06-20T03:56:46","modified_gmt":"2023-06-20T08:56:46","slug":"niemiecka-polityka-dominacji","status":"publish","type":"post","link":"https:\/\/kuriercodziennychicago.com\/index.php\/2023\/06\/20\/niemiecka-polityka-dominacji\/","title":{"rendered":"Niemiecka polityka dominacji"},"content":{"rendered":"<div class=\"wp-block-image is-style-rounded\">\n<figure class=\"alignleft size-full is-resized\"><img decoding=\"async\" src=\"https:\/\/kuriercodziennychicago.com\/wp-content\/uploads\/2022\/06\/Pilka-Marian.jpeg\" alt=\"\" class=\"wp-image-487\" width=\"56\" height=\"56\" srcset=\"https:\/\/kuriercodziennychicago.com\/wp-content\/uploads\/2022\/06\/Pilka-Marian.jpeg 400w, https:\/\/kuriercodziennychicago.com\/wp-content\/uploads\/2022\/06\/Pilka-Marian-300x300.jpeg 300w, https:\/\/kuriercodziennychicago.com\/wp-content\/uploads\/2022\/06\/Pilka-Marian-150x150.jpeg 150w, https:\/\/kuriercodziennychicago.com\/wp-content\/uploads\/2022\/06\/Pilka-Marian-250x250.jpeg 250w\" sizes=\"(max-width: 56px) 100vw, 56px\" \/><\/figure>\n<\/div>\n\n\n<blockquote class=\"wp-block-quote is-layout-flow wp-block-quote-is-layout-flow\">\n<h3 class=\"wp-block-heading\"><a href=\"https:\/\/wpolityce.pl\/autorzy\/380-marian-pilka\">Marian Pi\u0142ka<\/a><\/h3>\n\n\n\n<p>Historyk, publicysta, ekspert Instytutu Ordo Caritatis, cz\u0142onek Prawicy Rzeczypospolitej. Pose\u0142 na Sejm I, III, IV i V kadencji. Radny Sejmiku wojew\u00f3dztwa mazowieckiego V kadencji. Od po\u0142owy lat 70. anga\u017cowa\u0142 si\u0119 w dzia\u0142alno\u015b\u0107 opozycyjn\u0105. W latach 1977\u20131978 dzia\u0142a\u0142 w Ruchu Obrony Praw Cz\u0142owieka i Obywatela. W latach 80. uczestniczy\u0142 w dzia\u0142alno\u015bci Ruchu M\u0142odej Polski. W czasie stanu wojennego internowany przez okres oko\u0142o roku. 19 kwietnia 2007 zadeklarowa\u0142 odej\u015bcie z Prawa i Sprawiedliwo\u015bci, a dzie\u0144 p\u00f3\u017aniej przyst\u0105pi\u0142 do nowo tworzonej Prawicy Rzeczypospolitej.<\/p>\n<\/blockquote>\n\n\n\n<p><strong>Tradycja wsp\u00f3\u0142pracy Berlina i&nbsp;Moskwy si\u0119ga pocz\u0105tk\u00f3w XVIII wieku.<\/strong> Dzi\u0119ki tej wsp\u00f3\u0142pracy ma\u0142e niemieckie ksi\u0119stewko stopniowo rozrasta\u0142o si\u0119, g\u0142\u00f3wnie kosztem Rzeczpospolitej, a&nbsp;p\u00f3\u017aniej tak\u017ce Austrii i&nbsp;innych niemieckich pa\u0144stewek, do&nbsp;pozycji europejskiego mocarstwa. Dobre relacje z&nbsp;Peterzburgiem umo\u017cliwi\u0142y nie tylko awans do&nbsp;roli jednego z&nbsp;europejskich mocarstw, ale tak\u017ce do&nbsp;roli g\u0142\u00f3wnego rozgrywaj\u0105cego w&nbsp;europejskiej polityce. Nic te\u017c dziwnego \u017ce&nbsp;nawet w&nbsp;okresie zimnej wojny RFN wykonywa\u0142a przyjazne wobec Moskwy gesty , licz\u0105c \u017ce&nbsp;w&nbsp;ko\u0144cu zaowocuj\u0105 one zjednoczeniem Niemiec. Po&nbsp;upadku komunizmu , Berlin powr\u00f3ci\u0142 do&nbsp;fryderycja\u0144sko-bismarkowskiej tradycji wsp\u00f3\u0142pracy z&nbsp;Moskw\u0105. Nawet rozszerzenie NATO, czy Unii Europejskiej na&nbsp;wsch\u00f3d nie tylko konsultowa\u0142 z&nbsp;Moskw\u0105, ale stara\u0142 si\u0119 uwzgl\u0119dni\u0107 jej obawy i&nbsp;zastrze\u017cenia. Co&nbsp;wi\u0119cej na&nbsp;tej wsp\u00f3\u0142pracy znakomicie korzysta\u0142. Nie tylko dlatego \u017ce&nbsp;rynek rosyjski sta\u0142 otworem dla niemieckich produkt\u00f3w, czy kupowa\u0142 surowce energetyczne po&nbsp;preferencyjnych cenach, ale tak\u017ce wykorzystywa\u0142 obawy pa\u0144stw wschodniej flanki Unii i&nbsp;NATO do&nbsp;podporz\u0105dkowywania ich swojej dominacji. Nic te\u017c dziwnego, \u017ce&nbsp;na&nbsp;agresj\u0119 na&nbsp;Ukrain\u0119 zareagowano bardzo pow\u015bci\u0105gliwie. Uznano \u017ce&nbsp;Ukraina padnie i&nbsp;znaczenie Rosji w&nbsp;naszej cz\u0119\u015bci kontynentu zdecydowanie wzro\u015bnie. Zamiast od&nbsp;razu przeciwstawi\u0107 si\u0119 tej agresji, Ukrainie zaproponowano pomoc w&nbsp;postaci \u201epi\u0119ciu tysi\u0119cy he\u0142m\u00f3w\u2019 i&nbsp;pomocy humanitarnej. Cho\u0107 wojna burzy\u0142a dotychczasowy \u0142ad europejski, to&nbsp;w&nbsp;Berlinie raczej kalkulowano, jak wykorzysta\u0107 t\u0105&nbsp;agresje do&nbsp;wzmocnienia w\u0142asnej pozycji poprzez wzrost podporz\u0105dkowania swojej polityce wschodnich pa\u0144stw . St\u0105d d\u0142ugotrwa\u0142a pow\u015bci\u0105gliwo\u015b\u0107 w&nbsp;pomocy zbrojeniowej Ukrainie i&nbsp;rozmowy z&nbsp;Putinem w&nbsp;celu ponownego u\u0142o\u017cenia niemiecko-rosyjskich relacji w&nbsp;sytuacji przewidywanego rosyjskiego sukcesu. Jednak ukrai\u0144ski op\u00f3r, zdecydowana postawa pa\u0144stw wschodniej flanki NATO i&nbsp; pomoc ameryka\u0144ska uniemo\u017cliwi\u0142a rosyjskie zwyci\u0119stwo . Przeci\u0105gaj\u0105ca si\u0119 skuteczna obrona wojsk ukrai\u0144skich, a&nbsp;nawet pewne jej sukcesy ofensywne, wraz z&nbsp;reakcj\u0105 pacyfistycznie nastawionej cz\u0119\u015bci niemieckiej opinii publicznej wraz ze&nbsp;sta\u0142ym naciskiem politycznym USA powoli prowadzi\u0142y do&nbsp;rewizji dotychczasowej polityki wschodniej&nbsp;Niemiec.<\/p>\n\n\n\n<figure class=\"wp-block-image size-full\"><img decoding=\"async\" width=\"817\" height=\"560\" src=\"https:\/\/kuriercodziennychicago.com\/wp-content\/uploads\/2023\/06\/brama-brandenburska-817x560-1.jpg\" alt=\"\" class=\"wp-image-4339\" srcset=\"https:\/\/kuriercodziennychicago.com\/wp-content\/uploads\/2023\/06\/brama-brandenburska-817x560-1.jpg 817w, https:\/\/kuriercodziennychicago.com\/wp-content\/uploads\/2023\/06\/brama-brandenburska-817x560-1-300x206.jpg 300w, https:\/\/kuriercodziennychicago.com\/wp-content\/uploads\/2023\/06\/brama-brandenburska-817x560-1-768x526.jpg 768w\" sizes=\"(max-width: 817px) 100vw, 817px\" \/><\/figure>\n\n\n\n<p><strong>Nadzieje na&nbsp;podporz\u0105dkowanie Ukrainy Rosji coraz bardziej si\u0119 oddala\u0142y, a&nbsp;zdecydowana polityka i&nbsp;pomoc Polski dla walcz\u0105cej Ukrainy wraz z&nbsp;innymi pa\u0144stwami naszego obszaru we&nbsp;wsp\u00f3\u0142pracy z&nbsp;Washingtonem i&nbsp;Londynem, zacz\u0119\u0142y kszta\u0142towa\u0107 nowy, niekorzystny dla Niemiec uk\u0142ad si\u0142 w&nbsp;Europie<\/strong>. Ta&nbsp;sytuacja zacz\u0119\u0142a wymusza\u0107 na&nbsp;polityce niemieckiej zmian\u0119 jej dotychczasowych pryncypi\u00f3w. Polityka wsp\u00f3\u0142pracy z&nbsp;Moskw\u0105 zbankrutowa\u0142a i&nbsp;w&nbsp;najbli\u017cszych latach, raczej by\u0142aby obci\u0105\u017ceniem dla Berlina ni\u017c atutem w&nbsp;realizacji swoich, kr\u00f3tko- i&nbsp;\u015brednioterminowych cel\u00f3w. Pot\u0119\u017cny nacisk mi\u0119dzynarodowy, niezadowolenie cz\u0119\u015bci w\u0142asnej opinii publicznej wraz z&nbsp;sankcjami, kt\u00f3re Berlin by\u0142 zmuszony zaakceptowa\u0107, przekre\u015bli\u0142y nie tylko mo\u017cliwo\u015b\u0107 korzystania z&nbsp;niskich cen rosyjskich surowc\u00f3w energetycznych, ale wymusza\u0142y reorientacj\u0119 niemieckiej polityki. W&nbsp;wyniku sankcji, Niemcy nie tylko utraci\u0142y cz\u0119\u015bciowo rynek rosyjski, ale musia\u0142y przeorientowa\u0107 zakupy surowc\u00f3w energetycznych. <strong>Tanie surowce rosyjskie, b\u0119d\u0105ce jednym z&nbsp;zasadniczych atut\u00f3w konkurencyjno\u015bci niemieckiej gospodarki, sta\u0142y si\u0119 przesz\u0142o\u015bci\u0105<\/strong>, a&nbsp; wsp\u00f3\u0142praca gospodarcza z&nbsp;Rosja b\u0119d\u0105ca jednym z&nbsp;filar\u00f3w niemieckiego rozwoju gospodarczego uleg\u0142a zasadniczej&nbsp;redukcji.<\/p>\n\n\n\n<p>Ale tak\u017ce wojna prowadz\u0105c do&nbsp;wzmocnienia geopolitycznej pozycji pa\u0144stw wschodniej flanki, i&nbsp;tym samym do&nbsp;os\u0142abienia niemieckiej pozycji geopolitycznej, wymusi\u0142a zmian\u0119 niemieckiej polityki. Ot\u00f3\u017c Berlin widz\u0105c fiasko dotychczasowej polityki orientuj\u0105cej si\u0119 na&nbsp;wsp\u00f3\u0142prac\u0119 z&nbsp;Moskw\u0105, <strong>postanowi\u0142 wykorzysta\u0107 zdecydowanie antyrosyjsk\u0105 polityk\u0119 Washingtonu do&nbsp;wzmocnienia swojej pozycji europejskiej<\/strong>, zw\u0142aszcza w&nbsp;obszarze Europy Wschodniej. Berlin postanowi\u0142 opowiedzie\u0107 si\u0119 po&nbsp;stronie ameryka\u0144skiej aby przeciwdzia\u0142a\u0107 ameryka\u0144skiemu wzmacnianiu wschodniej flanki kosztem ich w\u0142asnej&nbsp;pozycji.<\/p>\n\n\n\n<p>Ot\u00f3\u017c co&nbsp;warto podkre\u015bli\u0107 <strong>polityka niemiecka posiada umiej\u0119tno\u015b\u0107 czekania na&nbsp;sprzyjaj\u0105c\u0105 koniunktur\u0119<\/strong>. Tak na&nbsp;przyk\u0142ad w&nbsp;pierwszej po\u0142owie wieku XIX Prusy realizowa\u0142y lojalnie rosyjskie interesy w&nbsp;Europie, pomimo rosyjskiej dominacji. Natomiast kl\u0119ska Rosji w&nbsp;wojnie krymskiej otworzy\u0142a okres koniunktury, kt\u00f3ra Prusy znakomicie wykorzysta\u0142y. I&nbsp;dzi\u015b polityka niemiecka w&nbsp;realizacji swoich hegemonicznych interes\u00f3w przerzuca si\u0119 ze&nbsp;wsp\u00f3\u0142pracy z&nbsp;Moskw\u0105 na&nbsp;wsp\u00f3\u0142prac\u0119 z&nbsp;Washingtonem. Niemcy s\u0105&nbsp;gotowe realizowa\u0107 ameryka\u0144skie interesy wsparcia Ukrainy w&nbsp;zamian za&nbsp;ameryka\u0144sk\u0105 zgod\u0119 na&nbsp;niemieck\u0105 hegemoni\u0119 w&nbsp;Europie. Berlin rzeczywi\u015bcie zwi\u0119ksza pomoc militarna dla Ukrainy, a&nbsp;nawet jest gotowy do&nbsp;jej przyj\u0119cia do&nbsp;Unii w&nbsp;zamian za&nbsp;rezygnacj\u0119 pa\u0144stw unijnych z&nbsp;w\u0142asnej podmiotowo\u015bci i&nbsp;ich wp\u0142ywu na&nbsp;definiowanie wsp\u00f3lnej polityki unijnej . Niemiecka propozycja likwidacji weta w&nbsp;kwestiach polityki zagranicznej i&nbsp;podatkowej oznacza nie tylko pozbawienie, zw\u0142aszcza narod\u00f3w naszej cz\u0119\u015bci Europy, prawa podmiotowego definiowania w\u0142asnego rozwoju, ale tak\u017ce jest pr\u00f3b\u0105 wyeliminowania tych narod\u00f3w z&nbsp;wp\u0142ywu na&nbsp;konstrukcj\u0119 przysz\u0142ego \u0142adu europejskiego. Jest to&nbsp;tym gro\u017aniejsze, \u017ce&nbsp;wschodnioeuropejska i&nbsp;niemiecka koncepcja tego \u0142adu s\u0105&nbsp;nie tylko r\u00f3\u017cne, ale s\u0105&nbsp;konfliktowe. <strong>Gdy dla Polski i&nbsp;innych pa\u0144stw naszej strefy celem przysz\u0142ego \u0142adu europejskiego jest wypchni\u0119cie Rosji z&nbsp;polityki europejskiej, to&nbsp;dla Niemiec, Rosja ma&nbsp;by\u0107 jednym z&nbsp;przysz\u0142ych filar\u00f3w<\/strong>, wielobiegunowego systemu mi\u0119dzynarodowego. Ta&nbsp;pozycja Rosji ma&nbsp;pom\u00f3c Niemcom w&nbsp;podporz\u0105dkowywaniu i&nbsp;dyscyplinowaniu naszych narod\u00f3w w&nbsp;celu umocnienia niemieckiej dominacji i&nbsp;hegemoni, okre\u015blanej przez kanclerza Scholza mianem \u201eniemieckiego przyw\u00f3dztwa&nbsp;w&nbsp;Europie\u201d.<\/p>\n\n\n\n<p>Ot\u00f3\u017c w&nbsp;tej koncepcji Scholza mamy do&nbsp;czynienia z&nbsp;powrotem do&nbsp;innej, ni\u017c fryderycja\u0144sko-bismarkowska koncepcja wsp\u00f3\u0142pracy z&nbsp;Rosj\u0105. Tamta koncepcja opiera\u0142a si\u0119 na&nbsp;podziale wp\u0142yw\u00f3w w&nbsp;Europie Wschodniej. I&nbsp; wynika\u0142a zar\u00f3wno z&nbsp;relatywnej s\u0142abo\u015bci Prus, jak i&nbsp;obawy odrodzenia Rzeczpospolitej. Dop\u00f3ki istnia\u0142a gro\u017aba, w&nbsp;postaci polskich d\u0105\u017ce\u0144 niepodleg\u0142o\u015bciowych, do&nbsp;podwa\u017cania hegemoni niemiecko-rosyjskiego duopolu, dop\u00f3ty ta&nbsp;wsp\u00f3\u0142praca mia\u0142a charakter harmonijny. Gdy jednak po&nbsp;powstaniu styczniowym wydawa\u0142o si\u0119 \u017ce&nbsp;polskie d\u0105\u017cenia niepodleg\u0142o\u015bciowe zdecydowanie upad\u0142y, a&nbsp;Niemcy po&nbsp;zjednoczeniu zdecydowanie si\u0119 wzmocni\u0142y, w\u00f3wczas w&nbsp;Berlinie uznano \u017ce&nbsp;dzielenie si\u0119 dominacj\u0105 w&nbsp; Europie Wschodniej jest ju\u017c niewystarczaj\u0105ce dla Niemiec. St\u0105d d\u0105\u017cenie do&nbsp;wypchni\u0119cia Rosji z&nbsp;terenu Europy Wschodniej i&nbsp;zbudowania niemieckiej strefy wp\u0142yw\u00f3w i&nbsp;dominacji w&nbsp;postaci <strong>Mitteleuropy<\/strong>, systemu pa\u0144stw zale\u017cnych, pracuj\u0105cych na&nbsp;rzecz ich gospodarczej, politycznej i&nbsp;militarnej dominacji. Systemu pa\u0144stw, kt\u00f3rych polityka gospodarcza, wewn\u0119trzna, militarna i&nbsp;zagraniczna b\u0119dzie w&nbsp;pe\u0142ni formatowana przez Niemcy. Ot\u00f3\u017c kl\u0119ska Niemiec na&nbsp;froncie zachodnim pogrzeba\u0142a t\u0105&nbsp;koncepcj\u0119 wyparcia Rosji z&nbsp;Europy Wschodniej i&nbsp;zbudowania Mitteleuropy. Kolejna pr\u00f3b\u0119 podj\u0105\u0142 Hitler. Tym razem jego polityka by\u0142a jeszcze ambitniejsza , bo&nbsp;nie tylko chcia\u0142 podporz\u0105dkowa\u0107 sobie Europe Wschodni\u0105, ale rozbi\u0107 sam\u0105&nbsp;Rosj\u0119.<\/p>\n\n\n\n<p><strong>Dzi\u015b kanclerz Scholz, korzystaj\u0105c z&nbsp;zaanga\u017cowania USA w&nbsp;powstrzymanie Rosji wraca do&nbsp;tych koncepcji.<\/strong> Nie zak\u0142ada on&nbsp;rozbicia Rosji jak w&nbsp;przypadku Hitlera, ale podobnie jak w&nbsp;przypadku wilchelmi\u0144skich Niemiec <strong>d\u0105\u017cy do&nbsp;podporz\u0105dkowania ca\u0142ej Europy Wschodniej. Chce tego dokona\u0107 we&nbsp;wsp\u00f3\u0142pracy z&nbsp;USA i&nbsp;za&nbsp;ich zgod\u0105<\/strong>. I&nbsp;dla Washingtonu mo\u017ce to&nbsp;by\u0107 atrakcyjna propozycja, zwa\u017cywszy na&nbsp;niemiecki potencja\u0142 ekonomiczny, perspektyw\u0119 narastaj\u0105cego konfliktu z&nbsp;Chinami i&nbsp;konieczno\u015bci\u0105 koncentracji \u015brodk\u00f3w, zar\u00f3wno militarnych, jak i&nbsp;finansowych na&nbsp;Dalekim Wschodzie. Niemcy ze&nbsp;swoim potencja\u0142em ekonomicznym mog\u0142aby przej\u0105\u0107 znaczn\u0105 cz\u0119\u015b\u0107 ameryka\u0144skiego zaanga\u017cowania w&nbsp;powstrzymanie Rosji. Perspektywicznie jest to&nbsp;gro\u017ana perspektywa dla Polski i&nbsp;innych pa\u0144stw naszej cz\u0119\u015bci Europy, bo&nbsp;oznacza\u0142oby to&nbsp;uprzedmiotowienie naszych narod\u00f3w i&nbsp;pe\u0142ne ich podporz\u0105dkowanie niemieckim celom politycznym , gospodarczym i&nbsp;mi\u0119dzynarodowym. Oznacza\u0142oby to&nbsp;pe\u0142ne pozbawienie nas niepodleg\u0142o\u015bci, a&nbsp;obywateli praw obywatelskich decydowania o&nbsp;w\u0142asnym losie. Jest to&nbsp;koncepcja, atrakcyjna dla Washingtonu ze&nbsp;wzgl\u0119du na&nbsp;konieczno\u015b\u0107 koncentrowania \u015brodk\u00f3w na&nbsp;Dalekim Wschodzie i&nbsp;odci\u0105\u017cenia od&nbsp;zaanga\u017cowania w&nbsp;Europie. Cho\u0107 w&nbsp;d\u0142u\u017cszej perspektywie, ta&nbsp;<strong>koncepcja prowadzi\u0107 b\u0119dzie do&nbsp;wypchni\u0119cia dotychczasowych wp\u0142yw\u00f3w ameryka\u0144skich z&nbsp;Europy i&nbsp;zbudowania wielobiegunowego systemu mi\u0119dzynarodowego<\/strong>, z&nbsp;Rosj\u0105 jako jednym z&nbsp;o\u015brodk\u00f3w \u015bwiatowej si\u0142y. Dzi\u0119ki temu w\u0142a\u015bnie Niemcy chc\u0105, poprzez utrzymanie sta\u0142ego zagro\u017cenia dla pa\u0144stw wschodniej Europy, utrzyma\u0107 swoj\u0105 dominacj\u0119. To&nbsp;co&nbsp;\u0142\u0105czy t\u0105&nbsp;koncepcj\u0119 z&nbsp;dwoma poprzednimi to&nbsp;dominacja w&nbsp;naszej cz\u0119\u015bci Europy, natomiast to&nbsp;co&nbsp;r\u00f3\u017cni, to&nbsp;rola Rosji w&nbsp;systemie europejskim&nbsp;i&nbsp;\u015bwiatowym.<\/p>\n\n\n\n<p>Warto tak\u017ce nadmieni\u0107, \u017ce&nbsp;<strong>wbrew potocznym przekonaniom nie jest to&nbsp;koncepcja federalistyczna<\/strong>. W&nbsp;koncepcjach federalistycznych wszyscy obywatele federacji maj\u0105 r\u00f3wne prawa. Tu&nbsp;mamy do&nbsp;czynienia z&nbsp;innym przypadkiem, przypadkiem zarz\u0105dzania pa\u0144stwami za&nbsp;po\u015brednictwem Unii Europejskiej, kt\u00f3ra b\u0119dzie limitowa\u0142a wolno\u015bci obywatelskie i&nbsp;suwerenno\u015b\u0107 pa\u0144stwow\u0105. Z&nbsp;II&nbsp;Rzesz\u0105 niemieck\u0105, koncepcja Scholza \u201eprzyw\u00f3dztwa europejskiego\u201d ma&nbsp;tylko tyle wsp\u00f3lnego, \u017ce&nbsp;<strong>pa\u0144stwa strac\u0105 niepodleg\u0142o\u015b\u0107 na&nbsp;rzecz Berlina za&nbsp;parawanem brukselskiej biurokracji<\/strong>. Za\u015b w&nbsp;przeciwie\u0144stwie do&nbsp;II&nbsp;Rzeszy , obywatele wschodnich pa\u0144stw nie b\u0119d\u0105 mieli wp\u0142ywu na&nbsp;og\u00f3lnoeuropejsk\u0105 polityk\u0119, tak jak obywatele II&nbsp;Rzeszy mieli wp\u0142yw na&nbsp;og\u00f3ln\u0105 polityk\u0119 Niemiec. Jest to&nbsp;przyk\u0142ad klasycznej dominacji oznaczaj\u0105cej pozbawienie innych narod\u00f3w w&nbsp;Unii Europejskiej r\u00f3wnych&nbsp;praw.<\/p>\n\n\n\n<p><strong>Dzi\u015b jeste\u015bmy \u015bwiadkami historycznego zwrotu w&nbsp;polityce niemieckiej<\/strong>. Nie dotyczy on&nbsp;cel\u00f3w, jakim zawsze by\u0142a niemiecka hegemonia w&nbsp;Europie, ale metod jej uzyskania. <strong>W&nbsp;zamian za&nbsp;zaanga\u017cowanie w&nbsp;pomoc walcz\u0105cej Ukrainie Niemcy chc\u0105 ameryka\u0144skiej akceptacji ich hegemonicznej pozycji w&nbsp;Europie Wschodniej, a&nbsp;w&nbsp;konsekwencji w&nbsp;ca\u0142ej Europie<\/strong>. Ma&nbsp;by\u0107 to&nbsp;remedium na&nbsp;spadaj\u0105c\u0105 pozycj\u0119 Niemiec i&nbsp;Europy w&nbsp;\u015bwiatowej gospodarce, demografii i&nbsp;polityce. Budowanie pozycji Niemiec nie jest interesem europejskim, ani te\u017c bardziej nie jest interesem pa\u0144stw Europy Wschodniej. Jest to&nbsp;wy\u0142\u0105cznie nacjonalistyczny interes Berlina uderzaj\u0105cy w&nbsp;suwerenno\u015b\u0107 pa\u0144stw wschodnioeuropejskich, a&nbsp;w&nbsp;konsekwencji tak\u017ce pozosta\u0142ych pa\u0144stw Europy. Bo&nbsp;pozycja Niemiec w&nbsp;Zachodniej Europie jest uwarunkowana ich pozycj\u0105 w&nbsp;naszej cz\u0119\u015bci kontynentu. Jest to&nbsp;<strong>fundamentalne zagro\u017cenie nie tylko naszej niepodleg\u0142o\u015bci, ale tak\u017ce naszych szans rozwojowych<\/strong>. W&nbsp;niemieckich koncepcjach bowiem Polska ma&nbsp;znowu pracowa\u0107 na&nbsp;\u2018nar\u00f3d pan\u00f3w\u2019, tak jak pracowa\u0142a pod zaborami, czy pod niemieck\u0105 okupacj\u0105. Jest to&nbsp;bardziej mi\u0119kka, \u201ehumanitarna\u2019 odmiana tej samej rasistowsko-nacjonalistycznej polityki, jaka Niemcy zawsze realizowali w&nbsp;stosunku do&nbsp;Wschodu. Dzi\u015b w&nbsp;sytuacji zmiany okoliczno\u015bci wywo\u0142anych rosyjsk\u0105 agresj\u0105, dotychczasow\u0105 polityk\u0119 wsp\u00f3\u0142pracy z&nbsp;Rosja modyfikuj\u0105 wprowadzaj\u0105c jej wariant B, tym razem d\u0105\u017c\u0105c do&nbsp;dominacji i&nbsp;jej rozszerzenia we&nbsp;wsp\u00f3\u0142pracy z&nbsp;USA. Ale <strong>cel dominacji w&nbsp;naszej cz\u0119\u015bci Europy pozostaje niezmienny w&nbsp;niemieckiej&nbsp;polityce.<\/strong><\/p>\n","protected":false},"excerpt":{"rendered":"<p>Marian Pi\u0142ka Historyk, publicysta, ekspert Instytutu Ordo Caritatis, cz\u0142onek Prawicy Rzeczypospolitej. Pose\u0142 na Sejm I, III, IV i<\/p>\n","protected":false},"author":1,"featured_media":4339,"comment_status":"closed","ping_status":"closed","sticky":false,"template":"","format":"standard","meta":{"footnotes":""},"categories":[2,9],"tags":[],"class_list":["post-4338","post","type-post","status-publish","format-standard","has-post-thumbnail","hentry","category-polityka","category-start"],"_links":{"self":[{"href":"https:\/\/kuriercodziennychicago.com\/index.php\/wp-json\/wp\/v2\/posts\/4338","targetHints":{"allow":["GET"]}}],"collection":[{"href":"https:\/\/kuriercodziennychicago.com\/index.php\/wp-json\/wp\/v2\/posts"}],"about":[{"href":"https:\/\/kuriercodziennychicago.com\/index.php\/wp-json\/wp\/v2\/types\/post"}],"author":[{"embeddable":true,"href":"https:\/\/kuriercodziennychicago.com\/index.php\/wp-json\/wp\/v2\/users\/1"}],"replies":[{"embeddable":true,"href":"https:\/\/kuriercodziennychicago.com\/index.php\/wp-json\/wp\/v2\/comments?post=4338"}],"version-history":[{"count":1,"href":"https:\/\/kuriercodziennychicago.com\/index.php\/wp-json\/wp\/v2\/posts\/4338\/revisions"}],"predecessor-version":[{"id":4340,"href":"https:\/\/kuriercodziennychicago.com\/index.php\/wp-json\/wp\/v2\/posts\/4338\/revisions\/4340"}],"wp:featuredmedia":[{"embeddable":true,"href":"https:\/\/kuriercodziennychicago.com\/index.php\/wp-json\/wp\/v2\/media\/4339"}],"wp:attachment":[{"href":"https:\/\/kuriercodziennychicago.com\/index.php\/wp-json\/wp\/v2\/media?parent=4338"}],"wp:term":[{"taxonomy":"category","embeddable":true,"href":"https:\/\/kuriercodziennychicago.com\/index.php\/wp-json\/wp\/v2\/categories?post=4338"},{"taxonomy":"post_tag","embeddable":true,"href":"https:\/\/kuriercodziennychicago.com\/index.php\/wp-json\/wp\/v2\/tags?post=4338"}],"curies":[{"name":"wp","href":"https:\/\/api.w.org\/{rel}","templated":true}]}}