{"id":4507,"date":"2023-07-10T16:31:19","date_gmt":"2023-07-10T21:31:19","guid":{"rendered":"https:\/\/kuriercodziennychicago.com\/?p=4507"},"modified":"2023-07-10T16:31:19","modified_gmt":"2023-07-10T21:31:19","slug":"rosja-panstwo-upadle","status":"publish","type":"post","link":"https:\/\/kuriercodziennychicago.com\/index.php\/2023\/07\/10\/rosja-panstwo-upadle\/","title":{"rendered":"Rosja: pa\u0144stwo upad\u0142e?"},"content":{"rendered":"<div class=\"wp-block-image is-style-rounded\">\n<figure class=\"alignleft size-full is-resized\"><img decoding=\"async\" src=\"https:\/\/kuriercodziennychicago.com\/wp-content\/uploads\/2022\/05\/czarnecki-ryszard-e1674519703884.jpg\" alt=\"\" class=\"wp-image-39\" width=\"48\" height=\"48\" srcset=\"https:\/\/kuriercodziennychicago.com\/wp-content\/uploads\/2022\/05\/czarnecki-ryszard-e1674519703884.jpg 164w, https:\/\/kuriercodziennychicago.com\/wp-content\/uploads\/2022\/05\/czarnecki-ryszard-e1674519703884-150x150.jpg 150w\" sizes=\"(max-width: 48px) 100vw, 48px\" \/><\/figure>\n<\/div>\n\n\n<blockquote class=\"wp-block-quote is-layout-flow wp-block-quote-is-layout-flow\">\n<h3 class=\"wp-block-heading\"><a href=\"https:\/\/naszeblogi.pl\/users\/ryszard-czarnecki\">Ryszard Czarnecki<\/a><\/h3>\n<\/blockquote>\n\n\n\n<p>Pucz albo &#8222;pucz&#8221; Prigo\u017cyna nie sta\u0142 si\u0119 \u017cadnym prze\u0142omem w historii Rosji ani te\u017c ,mo\u017ce niestety, w historii obecnej wojny w Europie Wschodniej. Bunt trwa\u0142 zbyt kr\u00f3tko -zak\u0142adaj\u0105c, \u017ce by\u0142 nim naprawd\u0119 &#8211; \u017ceby Ukraina mog\u0142a go skutecznie wykorzysta\u0107. Jej kontrofensywa trwa mo\u017ce i rzeczywi\u015bcie powoli, ale ju\u017c ofensywa Rosjan, paromiesi\u0119czna, \u017cmudna i w sumie ma\u0142o efektywna pokaza\u0142a, \u017ce trudno oczekiwa\u0107 w tym roku &#8222;wojny b\u0142yskawicznej&#8221;, do kt\u00f3rej odwo\u0142uj\u0105 si\u0119 historycy czy bujaj\u0105cy w ob\u0142okach dziennikarze. Ponadto Kij\u00f3w zapewne chce skoncentrowa\u0107 wysi\u0142ki na dzia\u0142aniach militarnych w ostatnich dniach przed szczytem NATO w Wilnie &#8211; kiedy ewentualne post\u0119py na froncie b\u0119d\u0105 szczeg\u00f3lnie wa\u017cne ze wzgl\u0119d\u00f3w politycznych, dyplomatycznych i propagandowych.<\/p>\n\n\n\n<figure class=\"wp-block-image size-full\"><img decoding=\"async\" width=\"570\" height=\"300\" src=\"https:\/\/kuriercodziennychicago.com\/wp-content\/uploads\/2023\/07\/000HBKCW3210WL9J-C411.jpg\" alt=\"\" class=\"wp-image-4508\" srcset=\"https:\/\/kuriercodziennychicago.com\/wp-content\/uploads\/2023\/07\/000HBKCW3210WL9J-C411.jpg 570w, https:\/\/kuriercodziennychicago.com\/wp-content\/uploads\/2023\/07\/000HBKCW3210WL9J-C411-300x158.jpg 300w\" sizes=\"(max-width: 570px) 100vw, 570px\" \/><\/figure>\n\n\n\n<p>\u00a0<br>Rosyjska powt\u00f3rka z historii<br>\u00a0<br>Nie powinni\u015bmy by\u0107 szczeg\u00f3lnie zaskoczeni tym, co uczyni\u0142 \u201ekucharz Putina\u201d &#8211; Jewgienij Prigo\u017cyn. Sk\u0105din\u0105d ju\u017c przed laty wpuszczenie do publicznego obiegu tego prze\u015bmiewczego i jednak w sumie pejoratywnego okre\u015blenia \u015bwiadczy\u0142o o utajonej walce wewn\u0105trz rosyjskich elit. Po pierwsze od miesi\u0119cy wypowiada\u0142 si\u0119 on wi\u0119cej ni\u017c krytycznie o ministrze obrony Siergieju Szojgu, ale tak\u017ce o niekt\u00f3rych genera\u0142ach odpowiadaj\u0105cych za dzia\u0142ania wojenne. O ile pocz\u0105tkowo mo\u017cna to by\u0142o odebra\u0107 jako swoist\u0105 \u201eustawk\u0119\u201d, o tyle potem, gdy w\u0142a\u015bciciel Grupy Wagnera zacz\u0105\u0142 coraz cz\u0119\u015bciej podwa\u017ca\u0107 oficjaln\u0105 linie Kremla, np. co do \u201enazist\u00f3w\u201d na Ukrainie &#8211; sta\u0142o si\u0119 widoczne, \u017ce jego drogi z Kremlem zaczynaj\u0105 si\u0119 rozje\u017cd\u017ca\u0107.<br>Jednak jest jeszcze drugi pow\u00f3d, kt\u00f3ry powoduje, i\u017c owa dywersja na ty\u0142ach cz\u0142owieka, kt\u00f3ry odby\u0142 szybk\u0105 podr\u00f3\u017c od bycia dla rosyjskich medi\u00f3w bohaterem do bycia dla nich wata\u017ck\u0105 &#8211; dziwi\u0107 specjalnie nie mo\u017ce . Ten pow\u00f3d to&#8230;dzieje Rosji. Z jednej strony pos\u0142usze\u0144stwo Rosjan wobec cara czy potem &#8222;czerwonego cara&#8221;, a z drugiej bojarowie uciekaj\u0105cy przed carem-satrapa do Polski (sic!), ale te\u017c wzniecaj\u0105cy krwawe ludowe powstanie w XVIII wieku(1773-1775) kozak donski Jemeljan Pugaczow. I nieustaj\u0105ce intrygi na carskim dworze, skrytob\u00f3jstwa obejmuj\u0105ce cz\u0142onk\u00f3w najbli\u017cszej rodziny cara-potencjalnych rywali w walce o sched\u0119 a\u017c po morderstwo Rasputina ,najbardziej wp\u0142ywowego doradcy ostatniego cara Rosji.<br>\u00a0<br>Eksport narracji Kremla: Putin to \u201emniejsze z\u0142o\u201d<br>\u00a0<br>Par\u0119 dni temu w Parlamencie Europejskim zwo\u0142a\u0142em &#8211; jako przewodnicz\u0105cy Delegacji UR-Rosja &#8211; nadzwyczajne posiedzenie tej struktury, zapraszaj\u0105c na nie tylko ekspert\u00f3w z Polski, Wielkiej Brytanii, Francji i EEAS (European External Action Service) czyli unijnej dyplomacji, ale r\u00f3wnie\u017c dw\u00f3ch przedstawicieli rosyjskiej opozycji, w tym jednego by\u0142ego deputowanego do izby ni\u017cszej rosyjskiego parlamentu czyli Dumy. Spotkanie odby\u0142o si\u0119 \u201ein Camera\u201d, czyli mia\u0142o charakter zamkni\u0119ty ze wzgl\u0119du na bezpiecze\u0144stwo naszych go\u015bci z Rosji, kt\u00f3rzy sk\u0105din\u0105d \u0142\u0105czyli si\u0119 z nami \u201eon line\u201d,bo nie mogli z oczywistych powod\u00f3w przyjecha\u0107. Jest to zwyk\u0142a procedura w europarlamencie w przypadku go\u015bci z kraj\u00f3w ,kt\u00f3re mog\u0105 m\u015bci\u0107 si\u0119 za ich wypowiedzi na arenie mi\u0119dzynarodowej. Nie mam wi\u0119c prawa ujawnia\u0107 ich nazwisk. Mog\u0119 jednak powiedzie\u0107, \u017ce nawet je\u015bli nieliczna opozycja w Rosji krytykuje w\u0142adz\u0119, to w jednym z ni\u0105 si\u0119 na pewno zgadza: \u017ce Prigo\u017cyn czy te\u017c kto\u015b taki ,jak \u201ekucharz Putina\u201d b\u0119dzie jeszcze gorszy ni\u017c obecny lokator Kremla. Nawet nie zak\u0142adaj\u0105c ustawki czy \u015bwiadomego wpisywania si\u0119 w re\u017cimow\u0105 narracj\u0119 nie spos\u00f3b zauwa\u017cy\u0107, \u017ce po\u015brednio opozycja w Rosji wspiera przekaz Moskwy id\u0105cy na Zach\u00f3d: mo\u017ce i Putin to bandyta, ale bandyta przewidywalny, a jego nast\u0119pca mo\u017ce by\u0107 jeszcze wi\u0119kszym bandyt\u0105, a do tego du\u017co bardziej nieprzewidywalnym -a wreszcie mo\u017ce naprawd\u0119 u\u017cy\u0107 broni j\u0105drowej, a nie tylko j\u0105 straszy\u0107&#8230; Niestety, ta do\u015b\u0107 prostacka narracja ma na Zachodzie sporo ch\u0119tnych do jej \u201ekupienia\u201d. Na razie na szcz\u0119\u015bcie nie w Ameryce, ale na pewno w Europie Zachodniej, a w szczeg\u00f3lno\u015bci &#8211; s\u0105dz\u0105c po wypowiedziach ich przyw\u00f3dc\u00f3w &#8211; w Niemczech, Francji, Holandii i Austrii.<br>W ten sam dzie\u0144 w Parlamencie Europejskim odby\u0142a si\u0119 promocja ksi\u0105\u017cki wydanej w USA przez polskiego eksperta Janusza Bugajskiego \u201eFailed state: a guide to Russia&#8217;s ruptur\u0119\u201d (Upad\u0142e pa\u0144stwo: przewodnik po rozpadzie Rosji). Nie b\u0119d\u0119 streszcza\u0142 te\u017c prezentowanej pozycji ani dyskusji w kt\u00f3rej bra\u0142em udzia\u0142, jednak warto podkre\u015bli\u0107, \u017ce obecny tam prof. Przemys\u0142aw \u017burawski vel Grajewski postawi\u0142 tez\u0119, \u017ce w historii Rosji wszelkie sukcesy rosyjskiej armii oparte by\u0142y nie o jak\u0105\u015b specjaln\u0105 \u201erosyjsk\u0105 szko\u0142\u0119 wojowania\u201d i kunszt strategiczny, ale masy \u017co\u0142nierzy. I to si\u0119 w oczywisty spos\u00f3b nie zmieni\u0142o si\u0119.<br>\u00a0<br>Szczyt NATO : nadzieja Kijowa czy przeciwnie?<br>\u00a0<br>Szereg ekspert\u00f3w i polityk\u00f3w z du\u017cymi obawami podchodzi do przysz\u0142orocznej kampanii wyborczej w USA i jej mo\u017cliwych reperkusji dla naszego wschodniego s\u0105siada i przebiegu wojny rosyjsko- ukrai\u0144skiej. S\u0142yszymy, \u017ce wzrastaj\u0105cy sceptycyzm Republikan\u00f3w wobec pomocy dla Kijowa mo\u017ce spowodowa\u0107, \u017ce r\u00f3wnie\u017c ekipa Josepha Robinette&#8217;a Bidena przesunie si\u0119 na pozycje znacznie bardziej sceptyczne co do pomocy, zw\u0142aszcza wojskowej dla Ukrainy. Pragn\u0119 nieco u\u015bmierzy\u0107 te niepokoje. Niezale\u017cnie od wypowiedzi polityk\u00f3w, zapewne przenosz\u0105cych powoli ci\u0119\u017car wyborczych komunikat\u00f3w na skupieniu si\u0119 na \u201eameryka\u0144skich interesach\u201d w samych USA, a nie w |odleglej Europie\u201d &#8211; zadecyduj\u0105&#8230; konkrety zapisy bud\u017cetowe na przysz\u0142y,2024 rok. A te jednoznacznie sprzyjaj\u0105 Ukrainie i nie mog\u0105 by\u0107 dobrze przyjmowane w Rosji. Ameryka\u0144ska polityka zagraniczna jest troch\u0119 jak transatlantyk: zanim realnie wp\u0142ynie si\u0119 na zmian\u0119 kursu(decyzji) musi sporo wody &#8211; i czasu! &#8211; up\u0142yn\u0105\u0107. Zatem zar\u00f3wno opozycyjni Republikanie, jak i rz\u0105dz\u0105cy Demokraci mog\u0105 przesuwa\u0107 si\u0119 w swoich enuncjacjach w kierunku nawet &#8211; poprawionej ju\u017c i uwsp\u00f3\u0142cze\u015bnionej &#8211; wizji \u201esplendid isolation\u201d i skoncentrowania si\u0119 na problematyce wewnetrznej, ale i tak daleko id\u0105ce zapisy pomocy wojskowej dla Kijowa nie wyparuj\u0105, nikt nie b\u0119dzie m\u00f3g\u0142 ich \u201eodwo\u0142a\u0107\u201d i b\u0119d\u0105 w dalszym ci\u0105gu znacz\u0105co wspiera\u0107 walcz\u0105c\u0105 Ukrain\u0119. To tak gwoli rozwiania w\u0105tpliwo\u015bci po wys\u0142uchaniu r\u00f3\u017cnych wypowiedzi Donalda Trumpa, Rona De Santisa, ale te\u017c urz\u0119duj\u0105cego prezydenta (cho\u0107 te akurat pochodz\u0105 z przesz\u0142o\u015bci).<br>Jeden z dyplomat\u00f3w pa\u0144stwa powsta\u0142ego na gruzach Zwi\u0105zku Sowieckiego powiedzia\u0142 mi bardzo niedawno &#8211; cho\u0107 zabrzmia\u0142o to jak swoisty paradoks &#8211; i\u017c \u201eRosja w wojnie z Ukrain\u0105 nauczy\u0142a si\u0119 walczy\u0107\u201d &#8211; i \u017ce b\u0119dzie to jej procentowa\u0107. Brzmi to mo\u017ce zaskakuj\u0105co, ale jednak jest prawdziwe. Oto bowiem dotychczasowe zaanga\u017cowanie militarne Federacji Rosyjskiej mia\u0142o miejsce podczas specyficznych dzia\u0142a\u0144 wojennych, jak podczas dw\u00f3ch wojen czecze\u0144skich czy w Syrii i ewentualnie, cho\u0107 nie pod w\u0142asn\u0105 \u201eflag\u0105 pa\u0144stwow\u0105\u201d, w Afryce. Nie by\u0142 to jednak front \u201eklasyczny\u201d, jak ma to ma miejsce w wojnie rozpocz\u0119tej w lutym 2022 roku. To akurat nienajlepsza konkluzja.<br>\u017bo\u0142nierze walcz\u0105, ale w tych tygodniach szczeg\u00f3ln\u0105 rol\u0119 mog\u0105 odegra\u0107 dyplomaci. Szczyt NATO na Litwie zdecyduje, na ile polityczne \u201ezielone \u015bwiat\u0142o\u201d dla akcesu Ukrainy do NATO w przewidywalnym czasie zostanie zapalone. A to r\u00f3wnie\u017c wp\u0142ynie na skal\u0119 ukrai\u0144skiego oporu, ale te\u017c na funkcjonowanie tego, co okre\u015bli\u0142em jako \u201ePPR\u201d, czyli Parti\u0119 Przyjaci\u00f3\u0142 Rosji na Zachodzie. Komu za\u015bwieci si\u0119 w Wilnie\u00a0nadzieja?<\/p>\n","protected":false},"excerpt":{"rendered":"<p>Ryszard Czarnecki Pucz albo &#8222;pucz&#8221; Prigo\u017cyna nie sta\u0142 si\u0119 \u017cadnym prze\u0142omem w historii Rosji ani te\u017c ,mo\u017ce niestety,<\/p>\n","protected":false},"author":1,"featured_media":4508,"comment_status":"closed","ping_status":"closed","sticky":false,"template":"","format":"standard","meta":{"footnotes":""},"categories":[2,9],"tags":[],"class_list":["post-4507","post","type-post","status-publish","format-standard","has-post-thumbnail","hentry","category-polityka","category-start"],"_links":{"self":[{"href":"https:\/\/kuriercodziennychicago.com\/index.php\/wp-json\/wp\/v2\/posts\/4507","targetHints":{"allow":["GET"]}}],"collection":[{"href":"https:\/\/kuriercodziennychicago.com\/index.php\/wp-json\/wp\/v2\/posts"}],"about":[{"href":"https:\/\/kuriercodziennychicago.com\/index.php\/wp-json\/wp\/v2\/types\/post"}],"author":[{"embeddable":true,"href":"https:\/\/kuriercodziennychicago.com\/index.php\/wp-json\/wp\/v2\/users\/1"}],"replies":[{"embeddable":true,"href":"https:\/\/kuriercodziennychicago.com\/index.php\/wp-json\/wp\/v2\/comments?post=4507"}],"version-history":[{"count":1,"href":"https:\/\/kuriercodziennychicago.com\/index.php\/wp-json\/wp\/v2\/posts\/4507\/revisions"}],"predecessor-version":[{"id":4509,"href":"https:\/\/kuriercodziennychicago.com\/index.php\/wp-json\/wp\/v2\/posts\/4507\/revisions\/4509"}],"wp:featuredmedia":[{"embeddable":true,"href":"https:\/\/kuriercodziennychicago.com\/index.php\/wp-json\/wp\/v2\/media\/4508"}],"wp:attachment":[{"href":"https:\/\/kuriercodziennychicago.com\/index.php\/wp-json\/wp\/v2\/media?parent=4507"}],"wp:term":[{"taxonomy":"category","embeddable":true,"href":"https:\/\/kuriercodziennychicago.com\/index.php\/wp-json\/wp\/v2\/categories?post=4507"},{"taxonomy":"post_tag","embeddable":true,"href":"https:\/\/kuriercodziennychicago.com\/index.php\/wp-json\/wp\/v2\/tags?post=4507"}],"curies":[{"name":"wp","href":"https:\/\/api.w.org\/{rel}","templated":true}]}}