{"id":4528,"date":"2023-07-10T16:40:24","date_gmt":"2023-07-10T21:40:24","guid":{"rendered":"https:\/\/kuriercodziennychicago.com\/?p=4528"},"modified":"2023-07-10T16:40:25","modified_gmt":"2023-07-10T21:40:25","slug":"az-60-proc-srodkow-z-programu-rodzina-800-trafia-na-wies-a-psl-przeciw","status":"publish","type":"post","link":"https:\/\/kuriercodziennychicago.com\/index.php\/2023\/07\/10\/az-60-proc-srodkow-z-programu-rodzina-800-trafia-na-wies-a-psl-przeciw\/","title":{"rendered":"A\u017c 60 proc. \u015brodk\u00f3w z programu \u201eRodzina 800+\u201d trafia na wie\u015b, a PSL przeciw"},"content":{"rendered":"<div class=\"wp-block-image is-style-rounded\">\n<figure class=\"alignleft size-full is-resized\"><img decoding=\"async\" src=\"https:\/\/kuriercodziennychicago.com\/wp-content\/uploads\/2022\/09\/Zbigniew_Kuzmiuk-e1674519588646.jpg\" alt=\"\" class=\"wp-image-1480\" width=\"46\" height=\"48\"\/><\/figure>\n<\/div>\n\n\n<blockquote class=\"wp-block-quote is-layout-flow wp-block-quote-is-layout-flow\">\n<h3 class=\"wp-block-heading\"><a href=\"https:\/\/wpolityce.pl\/autorzy\/274-zbigniew-kuzmiuk\">Zbigniew Ku\u017amiuk<\/a><\/h3>\n<\/blockquote>\n\n\n\n<p>Od momentu kiedy PSL zawar\u0142o porozumienie z&nbsp;ruchem Polska 2050 Szymona Ho\u0142owni i&nbsp;og\u0142osi\u0142o wsp\u00f3lny start w&nbsp;zbli\u017caj\u0105cych si\u0119 wyborach parlamentarnych, partia ta&nbsp;cz\u0119sto podejmuje decyzje, kt\u00f3re s\u0105&nbsp;sprzeczne z&nbsp;interesem wyborc\u00f3w, kt\u00f3rych pono\u0107&nbsp;reprezentuje.<\/p>\n\n\n\n<p>Tak by\u0142o w&nbsp;ostatni pi\u0105tek podczas g\u0142osowania nad projektem nowelizacji ustawy o&nbsp;pomocy pa\u0144stwa w&nbsp;wychowaniu dzieci, nazywan\u0105 teraz \u201eRodzina 800 plus\u201d, klub PSL-u, a&nbsp;tak\u017ce ko\u0142o Polska 2050 g\u0142osowali&nbsp;przeciw.<\/p>\n\n\n\n<p>To&nbsp;g\u0142osowanie pos\u0142\u00f3w PSL-u&nbsp;i&nbsp;ruchu Polska 2050, by\u0142o tym bardziej dziwne, \u017ce&nbsp;pozosta\u0142a cz\u0119\u015b\u0107 opozycji, a&nbsp;przede wszystkim pos\u0142owie klub\u00f3w Platformy i&nbsp;Lewicy, g\u0142osowali&nbsp;za&nbsp;t\u0105&nbsp;ustaw\u0105.<\/p>\n\n\n\n<p>PSL wprawdzie wymy\u015bli\u0142 sobie, \u017ce&nbsp;zg\u0142osi poprawk\u0119 polegaj\u0105c\u0105 na&nbsp;tym, \u017ceby podwy\u017cszona do&nbsp;800 z\u0142&nbsp;kwota \u015bwiadczenia wspieraj\u0105cego rodziny wychowuj\u0105ce dzieci, trafia\u0142a tylko do&nbsp;tych, kt\u00f3rzy pracuj\u0105 ale w&nbsp;sytuacji kiedy mamy z&nbsp;jednej strony najni\u017csze w&nbsp;ca\u0142ej UE&nbsp;bezrobocie wynosz\u0105ce 2,7%, z&nbsp;drugiej najwy\u017csz\u0105 w&nbsp;historii naszego kraju liczb\u0119 pracuj\u0105cych przekraczaj\u0105c\u0105 17&nbsp;mln zatrudnionych, a&nbsp;wi\u0119c taka poprawka nie mog\u0142a znale\u017a\u0107 poparcia wi\u0119kszo\u015bci&nbsp;parlamentarnej.<\/p>\n\n\n\n<figure class=\"wp-block-image size-full\"><img decoding=\"async\" width=\"330\" height=\"220\" src=\"https:\/\/kuriercodziennychicago.com\/wp-content\/uploads\/2023\/07\/4E5k9kuTURBXy81MTgxYjY0ZC1kOTdiLTRjNzYtYjM0MS0zNGRjNjIzMWY3NDEuanBlZ5GVAs0BSgDDw94AAaEwAQ.jpg\" alt=\"\" class=\"wp-image-4529\" srcset=\"https:\/\/kuriercodziennychicago.com\/wp-content\/uploads\/2023\/07\/4E5k9kuTURBXy81MTgxYjY0ZC1kOTdiLTRjNzYtYjM0MS0zNGRjNjIzMWY3NDEuanBlZ5GVAs0BSgDDw94AAaEwAQ.jpg 330w, https:\/\/kuriercodziennychicago.com\/wp-content\/uploads\/2023\/07\/4E5k9kuTURBXy81MTgxYjY0ZC1kOTdiLTRjNzYtYjM0MS0zNGRjNjIzMWY3NDEuanBlZ5GVAs0BSgDDw94AAaEwAQ-300x200.jpg 300w\" sizes=\"(max-width: 330px) 100vw, 330px\" \/><\/figure>\n\n\n\n<p>W&nbsp;tej sytuacji PSL zag\u0142osowa\u0142 przeciw ustawie, cho\u0107 z&nbsp;dotychczasowego funkcjonowania programu \u201eRodzina 500 plus\u201d wynika, \u017ce&nbsp;a\u017c&nbsp;60% \u015brodk\u00f3w z&nbsp;tego programu trafia do&nbsp;\u015brodowisk wiejskich, a&nbsp;to&nbsp;w\u0142a\u015bnie w&nbsp;tych \u015brodowiskach, ta&nbsp;partia poszukiwa\u0142a do&nbsp;tej pory swoich&nbsp;wyborc\u00f3w.<\/p>\n\n\n\n<p>Przypomnijmy, \u017ce&nbsp;w&nbsp;kwietniu min\u0119\u0142o 7&nbsp;lat od&nbsp;wprowadzenia programu rodzina 500 plus (zosta\u0142 wprowadzony 1&nbsp;kwietnia 2016 roku), z&nbsp;kt\u00f3rego jak poinformowa\u0142 resort Rodziny i&nbsp;Polityki Spo\u0142ecznej, do&nbsp;rodzin wychowuj\u0105cych dzieci trafi\u0142a astronomiczna suma blisko 230 mld&nbsp;z\u0142.<\/p>\n\n\n\n<p>Poniewa\u017c \u015bwiadczenie przys\u0142uguje ka\u017cdemu dziecku od&nbsp;jego narodzin do&nbsp;uko\u0144czenia 18. roku \u017cycia, wi\u0119c rodzina na&nbsp;ka\u017cde dziecko otrzymuje rocznie 6&nbsp;tys. z\u0142, a&nbsp;przez ca\u0142y okres wychowywania dziecka do&nbsp;jego pe\u0142noletno\u015bci, kwot\u0119 108 tysi\u0119cy z\u0142otych, po&nbsp;tej podwy\u017cce b\u0119dzie to&nbsp;ju\u017c 9,6&nbsp;tys. z\u0142&nbsp;rocznie, wi\u0119c w&nbsp;ci\u0105gu 18&nbsp;lat b\u0119dzie to&nbsp;kwota blisko 173 tysi\u0105ce&nbsp;z\u0142otych.<\/p>\n\n\n\n<p>Obecnie programem jest obj\u0119te ponad 7&nbsp;mln dzieci (w&nbsp;tym ok. 400 tys. dzieci z&nbsp;Ukrainy) w&nbsp;ponad 4,5&nbsp;mln rodzin, a&nbsp;roczny jego koszt si\u0119ga 41&nbsp;mld z\u0142, po&nbsp;zmianach b\u0119dzie to&nbsp;ju\u017c kwota ok.65&nbsp;mld z\u0142&nbsp;czyli ponad 2% naszego&nbsp;PKB.<\/p>\n\n\n\n<p>Przypomnijmy tak\u017ce funkcjonuj\u0105cy do&nbsp;tej pory program \u201eRodzina 500 plus\u201d powa\u017cnie ograniczy\u0142 ub\u00f3stwo w&nbsp;rodzinach wychowuj\u0105cych dzieci, a&nbsp;w&nbsp;wielu rodzinach w&nbsp;og\u00f3le je&nbsp;wyeliminowa\u0142, co&nbsp;przez lata by\u0142o wstydem III&nbsp;RP.<\/p>\n\n\n\n<p>Wbrew negatywnym opiniom, kt\u00f3re rozpowszechnia opozycja i&nbsp;zwi\u0105zane z&nbsp;ni\u0105 media, program Rodzina 500 plus wyra\u017anie powi\u0119ksza liczb\u0119 urodze\u0144 w&nbsp;stosunku do&nbsp;prognoz GUS z&nbsp;2014 roku, a&nbsp;wi\u0119c przygotowywanych jeszcze przed jego og\u0142oszeniem przez Prawo&nbsp;i&nbsp;Sprawiedliwo\u015b\u0107.<\/p>\n\n\n\n<p>Liczba urodze\u0144 w&nbsp;Polsce od&nbsp;roku 2016 do&nbsp;roku 2022 w\u0142\u0105cznie jest wyra\u017anie wy\u017csza ni\u017c ta&nbsp;wynikaj\u0105ca z&nbsp;prognozy demograficznej GUS z&nbsp;2014 roku, a&nbsp;wi\u0119c okresu kiedy nie zak\u0142adano wprowadzenia \u017cadnego programu pronatalistycznego i&nbsp;to&nbsp;w&nbsp;stosunku do&nbsp;tzw. prognozy&nbsp;\u015bredniej.<\/p>\n\n\n\n<p>Oczywi\u015bcie na&nbsp;ten wzrost urodze\u0144 mia\u0142y wp\u0142yw tak\u017ce inne czynniki: wyra\u017any wzrost p\u0142ac, wyra\u017ane zmniejszenie poziomu bezrobocia, stabilizacja zatrudnienia, wyra\u017ane zwi\u0119kszenie liczby miejsc w&nbsp;\u017c\u0142obkach i&nbsp;przedszkolach, oraz niewielka ale jednak poprawa sytuacji mieszkaniowej szczeg\u00f3lnie m\u0142odych&nbsp;ludzi.<\/p>\n\n\n\n<p>Mi\u0119dzy innymi dzi\u0119ki wprowadzeniu programu Rodzina 500 plus corocznie rodzi\u0142o si\u0119 w&nbsp;Polsce \u015brednio o&nbsp;ponad 30&nbsp;tysi\u0119cy dzieci wi\u0119cej, ni\u017c wynika\u0142o to&nbsp;z&nbsp;prognozy GUS z&nbsp;2014 roku, wska\u017anik dzietno\u015bci wzr\u00f3s\u0142, bardzo wyra\u017anie przybywa w&nbsp;rodzinach \u201edrugich i&nbsp;trzecich&nbsp;dzieci\u201d.<\/p>\n\n\n\n<p>Proces ten uleg\u0142 wzmocnieniu w&nbsp;zwi\u0105zku z&nbsp;wprowadzeniem w&nbsp;ramach Polskiego \u0141adu, \u201ekapita\u0142u opieku\u0144czego\u201d na&nbsp;drugie i&nbsp;ka\u017cde kolejne dziecko w&nbsp;wysoko\u015bci 12&nbsp;tysi\u0119cy z\u0142&nbsp;wyp\u0142acanego przez 2&nbsp;lata po&nbsp;500 z\u0142&nbsp;miesi\u0119cznie albo przez rok po&nbsp;1&nbsp;tys.&nbsp;z\u0142&nbsp;miesi\u0119cznie.<\/p>\n\n\n\n<p>Program Rodzina 500 plus nie tylko znacz\u0105co wzmocni\u0142 polskie rodziny finansowo, ale tak\u017ce doprowadzi\u0142 do&nbsp;urodzenia blisko 200 tys. dzieci wi\u0119cej, ni\u017c wynika\u0142o z&nbsp;prognoz GUS opracowanych przed jego wprowadzeniem (dopiero rok 2021 spowodowa\u0142 zmniejszenie urodze\u0144 w&nbsp;zwi\u0105zku z&nbsp;pandemi\u0105 covid, a&nbsp;w&nbsp;2022 roku negatywnie wp\u0142yn\u0119\u0142a na&nbsp;urodzenia wojna za&nbsp;wschodni\u0105&nbsp;granic\u0105).<\/p>\n\n\n\n<p>W&nbsp;\u015bwietle tej astronomicznej sumy ponad blisko 230 mld z\u0142&nbsp;przekazanych przez 7&nbsp;lat do&nbsp;rodzin wychowuj\u0105cych dzieci w&nbsp;Polsce (a&nbsp;od&nbsp;1&nbsp;stycznia corocznie b\u0119dzie ona powi\u0119kszana o&nbsp;ok.65&nbsp;mld z\u0142&nbsp;rocznie), trzeba wreszcie zadawa\u0107 pytania, komu wyp\u0142acano te&nbsp;pieni\u0105dze za&nbsp;rz\u0105d\u00f3w PO-PSL, kto je&nbsp;przejmowa\u0142 i&nbsp;dobrze by\u0142oby gdyby politycy Platformy i&nbsp;PSL-u, wreszcie wyja\u015bnili to&nbsp;polskiej opinii&nbsp;publicznej.<\/p>\n","protected":false},"excerpt":{"rendered":"<p>Zbigniew Ku\u017amiuk Od momentu kiedy PSL zawar\u0142o porozumienie z&nbsp;ruchem Polska 2050 Szymona Ho\u0142owni i&nbsp;og\u0142osi\u0142o wsp\u00f3lny start w&nbsp;zbli\u017caj\u0105cych si\u0119<\/p>\n","protected":false},"author":1,"featured_media":4529,"comment_status":"closed","ping_status":"closed","sticky":false,"template":"","format":"standard","meta":{"footnotes":""},"categories":[2,9],"tags":[],"class_list":["post-4528","post","type-post","status-publish","format-standard","has-post-thumbnail","hentry","category-polityka","category-start"],"_links":{"self":[{"href":"https:\/\/kuriercodziennychicago.com\/index.php\/wp-json\/wp\/v2\/posts\/4528","targetHints":{"allow":["GET"]}}],"collection":[{"href":"https:\/\/kuriercodziennychicago.com\/index.php\/wp-json\/wp\/v2\/posts"}],"about":[{"href":"https:\/\/kuriercodziennychicago.com\/index.php\/wp-json\/wp\/v2\/types\/post"}],"author":[{"embeddable":true,"href":"https:\/\/kuriercodziennychicago.com\/index.php\/wp-json\/wp\/v2\/users\/1"}],"replies":[{"embeddable":true,"href":"https:\/\/kuriercodziennychicago.com\/index.php\/wp-json\/wp\/v2\/comments?post=4528"}],"version-history":[{"count":1,"href":"https:\/\/kuriercodziennychicago.com\/index.php\/wp-json\/wp\/v2\/posts\/4528\/revisions"}],"predecessor-version":[{"id":4530,"href":"https:\/\/kuriercodziennychicago.com\/index.php\/wp-json\/wp\/v2\/posts\/4528\/revisions\/4530"}],"wp:featuredmedia":[{"embeddable":true,"href":"https:\/\/kuriercodziennychicago.com\/index.php\/wp-json\/wp\/v2\/media\/4529"}],"wp:attachment":[{"href":"https:\/\/kuriercodziennychicago.com\/index.php\/wp-json\/wp\/v2\/media?parent=4528"}],"wp:term":[{"taxonomy":"category","embeddable":true,"href":"https:\/\/kuriercodziennychicago.com\/index.php\/wp-json\/wp\/v2\/categories?post=4528"},{"taxonomy":"post_tag","embeddable":true,"href":"https:\/\/kuriercodziennychicago.com\/index.php\/wp-json\/wp\/v2\/tags?post=4528"}],"curies":[{"name":"wp","href":"https:\/\/api.w.org\/{rel}","templated":true}]}}