{"id":4636,"date":"2023-08-08T17:29:23","date_gmt":"2023-08-08T22:29:23","guid":{"rendered":"https:\/\/kuriercodziennychicago.com\/?p=4636"},"modified":"2023-08-08T17:29:24","modified_gmt":"2023-08-08T22:29:24","slug":"nowy-kardynal-z-rpa-pojednanie-nastapi-jedynie-gdy-porzucimy-klasyfikacje-rasowe","status":"publish","type":"post","link":"https:\/\/kuriercodziennychicago.com\/index.php\/2023\/08\/08\/nowy-kardynal-z-rpa-pojednanie-nastapi-jedynie-gdy-porzucimy-klasyfikacje-rasowe\/","title":{"rendered":"Nowy kardyna\u0142 z RPA: pojednanie nast\u0105pi jedynie, gdy porzucimy klasyfikacje rasowe"},"content":{"rendered":"\n<p><strong>\u201eTo by\u0142a zupe\u0142na niespodzianka\u201d m\u00f3wi nowo nominowany kardyna\u0142 Stephen Brislin w rozmowie z Radiem Watyka\u0144skim. Duchowny od 2010 roku jest arcybiskupem Kapsztadu. O decyzji papie\u017ca Franciszka dowiedzia\u0142 si\u0119, gdy zacz\u0119\u0142y do niego sp\u0142ywa\u0107 gratulacje z ca\u0142ego \u015bwiata.<\/strong><\/p>\n\n\n\n<p>Arcybiskup zauwa\u017ca, \u017ce decyzje papie\u017ca Franciszka sprawiaj\u0105, \u017ce kolegium kardynalskie staje si\u0119 du\u017co bardziej zr\u00f3\u017cnicowane. \u201eTo po prostu wzbogaca, jak s\u0105dz\u0119, Ko\u015bci\u00f3\u0142 jako ca\u0142o\u015b\u0107. R\u00f3\u017cnorodno\u015b\u0107 odzwierciedla ten wspania\u0142y Ko\u015bci\u00f3\u0142, w kt\u00f3rym mieszcz\u0105 si\u0119 ludzie ka\u017cdego narodu, ka\u017cdej kultury i ka\u017cdego kraju\u201d \u2013 powiedzia\u0142 abp Brislin.<\/p>\n\n\n\n<figure class=\"wp-block-image size-large\"><img decoding=\"async\" width=\"1024\" height=\"683\" src=\"https:\/\/kuriercodziennychicago.com\/wp-content\/uploads\/2023\/08\/Most-Reverend-Stephen-Brislin-Archbishop-of-Cape-Town-preaches-in-the-Palestinian-town-of-Zababdeh-1024x683.jpg\" alt=\"\" class=\"wp-image-4637\" srcset=\"https:\/\/kuriercodziennychicago.com\/wp-content\/uploads\/2023\/08\/Most-Reverend-Stephen-Brislin-Archbishop-of-Cape-Town-preaches-in-the-Palestinian-town-of-Zababdeh-1024x683.jpg 1024w, https:\/\/kuriercodziennychicago.com\/wp-content\/uploads\/2023\/08\/Most-Reverend-Stephen-Brislin-Archbishop-of-Cape-Town-preaches-in-the-Palestinian-town-of-Zababdeh-300x200.jpg 300w, https:\/\/kuriercodziennychicago.com\/wp-content\/uploads\/2023\/08\/Most-Reverend-Stephen-Brislin-Archbishop-of-Cape-Town-preaches-in-the-Palestinian-town-of-Zababdeh-768x512.jpg 768w, https:\/\/kuriercodziennychicago.com\/wp-content\/uploads\/2023\/08\/Most-Reverend-Stephen-Brislin-Archbishop-of-Cape-Town-preaches-in-the-Palestinian-town-of-Zababdeh.jpg 1200w\" sizes=\"(max-width: 1024px) 100vw, 1024px\" \/><\/figure>\n\n\n\n<p>Duchowny stwierdzi\u0142 r\u00f3wnie\u017c, \u017ce obecnie trwaj\u0105cy synod to wspania\u0142a okazja dla Ko\u015bcio\u0142a, zmagaj\u0105cego si\u0119 z wieloma nowymi kwestiami, z kt\u00f3rymi tak naprawd\u0119 nie mia\u0142 wcze\u015bniej do czynienia. Potrzeba wi\u0119c m\u0105dro\u015bci ca\u0142ego Ko\u015bcio\u0142a, nie tylko biskup\u00f3w czy kap\u0142an\u00f3w, ale r\u00f3wnie\u017c ludu Bo\u017cego.<\/p>\n\n\n\n<p>Abp. Brislin, komentuj\u0105c sytuacj\u0119 w Po\u0142udniowej Afryce, wyzna\u0142, \u017ce ci\u0105gle panuje tam ciemno\u015b\u0107 podzia\u0142\u00f3w w spo\u0142ecze\u0144stwie.<\/p>\n\n\n\n<p><strong>Jeste\u015bmy po\u0142amanym spo\u0142ecze\u0144stwem<\/strong><\/p>\n\n\n\n<p>\u201eObecnie Po\u0142udniowa Afryka stoi przed wieloma ogromnymi wyzwaniami, a dla wielu z nas ci\u0105gle panuje ciemno\u015b\u0107 i bardzo trudno jest nam dostrzec \u015bwiat\u0142o nadziei. Wielu ludzi traci nadziej\u0119. My\u015bl\u0119, \u017ce w tym kraju jednym z najwi\u0119kszych wyzwa\u0144, przed jakimi stoimy, jest uzdrowienie, zw\u0142aszcza uzdrowienie relacji, poniewa\u017c jeste\u015bmy po\u0142amanym spo\u0142ecze\u0144stwem. To oczywi\u015bcie dziedzictwo apartheidu i kolonializmu. Powinni\u015bmy jednak by\u0107 w stanie spojrze\u0107 w przysz\u0142o\u015b\u0107 i powiedzie\u0107, \u017ce musimy porzuci\u0107 klasyfikacje rasowe i definiowanie ludzi jako bia\u0142ych, czarnych, kolorowych, hinduskich, azjatyckich czy jakichkolwiek innych. Powiedzie\u0107, \u017ce jeste\u015bmy razem Po\u0142udniowoafryka\u0144czykami i chcemy pracowa\u0107 razem dla dobra kraju, ale aby tak si\u0119 sta\u0142o, potrzebne jest uzdrowienie. My\u015bl\u0119, \u017ce jest to uzdrowienie, kt\u00f3re nie mo\u017ce by\u0107 osi\u0105gni\u0119te tylko dzi\u0119ki ludzkim wysi\u0142kom. To uzdrowienie, tak naprawd\u0119 mo\u017ce przynie\u015b\u0107 tylko B\u00f3g.\u201c<\/p>\n\n\n\n<p><em>Vatican News, Pawe\u0142 Kowalski SJ \u2013 Watykan<\/em><\/p>\n","protected":false},"excerpt":{"rendered":"<p>\u201eTo by\u0142a zupe\u0142na niespodzianka\u201d m\u00f3wi nowo nominowany kardyna\u0142 Stephen Brislin w rozmowie z Radiem Watyka\u0144skim. Duchowny od 2010<\/p>\n","protected":false},"author":1,"featured_media":4637,"comment_status":"closed","ping_status":"closed","sticky":false,"template":"","format":"standard","meta":{"footnotes":""},"categories":[3,9],"tags":[],"class_list":["post-4636","post","type-post","status-publish","format-standard","has-post-thumbnail","hentry","category-religia","category-start"],"_links":{"self":[{"href":"https:\/\/kuriercodziennychicago.com\/index.php\/wp-json\/wp\/v2\/posts\/4636","targetHints":{"allow":["GET"]}}],"collection":[{"href":"https:\/\/kuriercodziennychicago.com\/index.php\/wp-json\/wp\/v2\/posts"}],"about":[{"href":"https:\/\/kuriercodziennychicago.com\/index.php\/wp-json\/wp\/v2\/types\/post"}],"author":[{"embeddable":true,"href":"https:\/\/kuriercodziennychicago.com\/index.php\/wp-json\/wp\/v2\/users\/1"}],"replies":[{"embeddable":true,"href":"https:\/\/kuriercodziennychicago.com\/index.php\/wp-json\/wp\/v2\/comments?post=4636"}],"version-history":[{"count":1,"href":"https:\/\/kuriercodziennychicago.com\/index.php\/wp-json\/wp\/v2\/posts\/4636\/revisions"}],"predecessor-version":[{"id":4638,"href":"https:\/\/kuriercodziennychicago.com\/index.php\/wp-json\/wp\/v2\/posts\/4636\/revisions\/4638"}],"wp:featuredmedia":[{"embeddable":true,"href":"https:\/\/kuriercodziennychicago.com\/index.php\/wp-json\/wp\/v2\/media\/4637"}],"wp:attachment":[{"href":"https:\/\/kuriercodziennychicago.com\/index.php\/wp-json\/wp\/v2\/media?parent=4636"}],"wp:term":[{"taxonomy":"category","embeddable":true,"href":"https:\/\/kuriercodziennychicago.com\/index.php\/wp-json\/wp\/v2\/categories?post=4636"},{"taxonomy":"post_tag","embeddable":true,"href":"https:\/\/kuriercodziennychicago.com\/index.php\/wp-json\/wp\/v2\/tags?post=4636"}],"curies":[{"name":"wp","href":"https:\/\/api.w.org\/{rel}","templated":true}]}}