{"id":4645,"date":"2023-08-08T17:33:54","date_gmt":"2023-08-08T22:33:54","guid":{"rendered":"https:\/\/kuriercodziennychicago.com\/?p=4645"},"modified":"2023-08-08T17:33:55","modified_gmt":"2023-08-08T22:33:55","slug":"w-polsce-zyje-sie-dobrze-i-to-okazuje-sie-byc-najwiekszym-problemem-opozycji","status":"publish","type":"post","link":"https:\/\/kuriercodziennychicago.com\/index.php\/2023\/08\/08\/w-polsce-zyje-sie-dobrze-i-to-okazuje-sie-byc-najwiekszym-problemem-opozycji\/","title":{"rendered":"W Polsce \u017cyje si\u0119 dobrze i to okazuje si\u0119 by\u0107 najwi\u0119kszym problemem opozycji"},"content":{"rendered":"<div class=\"wp-block-image is-style-rounded\">\n<figure class=\"alignleft size-full is-resized\"><img decoding=\"async\" src=\"https:\/\/kuriercodziennychicago.com\/wp-content\/uploads\/2022\/09\/Zbigniew_Kuzmiuk-e1674519588646.jpg\" alt=\"\" class=\"wp-image-1480\" width=\"57\" height=\"59\"\/><\/figure>\n<\/div>\n\n\n<blockquote class=\"wp-block-quote is-layout-flow wp-block-quote-is-layout-flow\">\n<h3 class=\"wp-block-heading\"><a href=\"https:\/\/wpolityce.pl\/autorzy\/274-zbigniew-kuzmiuk\">Zbigniew Ku\u017amiuk<\/a><\/h3>\n<\/blockquote>\n\n\n\n<p><strong>S\u0142awomir Sierakowski, szef \u201eKrytyki Politycznej\u201d i&nbsp;guru liberalno-lewicowej opozycji w&nbsp;naszym kraju, w&nbsp;wywiadzie dla jednego z&nbsp;kana\u0142\u00f3w internetowych wyja\u015bnia\u0142 dlaczego trudno mobilizowa\u0107 ludzi, \u017ceby poszli g\u0142osowa\u0107 na&nbsp;opozycj\u0119 w&nbsp;nadchodz\u0105cych wyborach&nbsp;parlamentarnych.<\/strong><\/p>\n\n\n\n<p>Niespodziewanie dla prowadz\u0105cego program, Sierakowski stwierdzi\u0142, \u201eW&nbsp;Polsce \u017cyje si\u0119 dobrze, rz\u0105dzi ten PiS ju\u017c 8&nbsp;lat, a&nbsp;tu&nbsp;ca\u0142y czas nie\u017ale si\u0119 \u017cyje\u201d i&nbsp;to&nbsp;jego zdaniem jest podstawowy problem&nbsp;opozycji.<\/p>\n\n\n\n<p>Premier Mateusz Morawiecki po&nbsp;publikowaniu tej wypowiedzi w&nbsp;internecie, na&nbsp;jednym z&nbsp;portali spo\u0142eczno\u015bciowych, podsumowa\u0142 j\u0105&nbsp;w&nbsp;nast\u0119puj\u0105cy spos\u00f3b \u201eSam nie uj\u0105\u0142bym tego&nbsp;lepiej\u201d.<\/p>\n\n\n\n<h3 class=\"wp-block-heading\">Potwierdzenie&nbsp;w&nbsp;danych<\/h3>\n\n\n\n<p>Rzeczywi\u015bcie wszystkie wielko\u015bci makroekonomiczne, zar\u00f3wno te&nbsp;Eurostatu jak i&nbsp;GUS-u, potwierdzaj\u0105 zar\u00f3wno dobr\u0105 sytuacj\u0119 gospodarcz\u0105, spo\u0142eczn\u0105, ale r\u00f3wnie\u017c w&nbsp;zakresie bezpiecze\u0144stwa i&nbsp;to&nbsp;mimo wcze\u015bniejszej pandemii Covid-19&nbsp;i&nbsp;jej negatywnych skutk\u00f3w, jak i&nbsp;trwaj\u0105cej ju\u017c od&nbsp;blisko 1,5&nbsp;roku wojny za&nbsp;nasz\u0105 wschodni\u0105&nbsp;granic\u0105.<\/p>\n\n\n\n<p>Przez ca\u0142y okres 8-letnich rz\u0105d\u00f3w Prawa i&nbsp;Sprawiedliwo\u015bci mamy do&nbsp;czynienia z&nbsp;wyra\u017anym wzrostem wynagrodze\u0144 i&nbsp;to&nbsp;tak\u017ce w&nbsp;uj\u0119ciu realnym i&nbsp;jednocze\u015bnie najni\u017csze od&nbsp;ponad 30&nbsp;lat&nbsp;bezrobocie.<\/p>\n\n\n\n<p>Od&nbsp;wielu miesi\u0119cy wed\u0142ug danych Eurostatu jeste\u015bmy na&nbsp;pierwszym b\u0105d\u017a drugim miejscu w\u015br\u00f3d kraj\u00f3w o&nbsp;najni\u017cszym poziomie bezrobocia w&nbsp;ca\u0142ej Unii Europejskiej, teraz wska\u017anik ten wynosi 2,7&nbsp;proc., co&nbsp;oznacza, \u017ce&nbsp;jest to&nbsp;poziom bezrobocia naturalnego, czyli nie pracuj\u0105 tylko ci, kt\u00f3rzy nie chc\u0105&nbsp;pracowa\u0107.<\/p>\n\n\n\n<figure class=\"wp-block-image size-full\"><img decoding=\"async\" width=\"620\" height=\"407\" src=\"https:\/\/kuriercodziennychicago.com\/wp-content\/uploads\/2023\/08\/z27549244QBon-turystyczny-wakacje-nad-polskim-morzem-zdje.jpg\" alt=\"\" class=\"wp-image-4646\" srcset=\"https:\/\/kuriercodziennychicago.com\/wp-content\/uploads\/2023\/08\/z27549244QBon-turystyczny-wakacje-nad-polskim-morzem-zdje.jpg 620w, https:\/\/kuriercodziennychicago.com\/wp-content\/uploads\/2023\/08\/z27549244QBon-turystyczny-wakacje-nad-polskim-morzem-zdje-300x197.jpg 300w\" sizes=\"(max-width: 620px) 100vw, 620px\" \/><\/figure>\n\n\n\n<p>Przypomnijmy, \u017ce&nbsp;p\u0142aca minimalna w&nbsp;Polsce w&nbsp;2008 roku wynosi\u0142a zaledwie 1126 z\u0142&nbsp;brutto (nie by\u0142o tak\u017ce minimalnej p\u0142acy godzinowej), a&nbsp;w&nbsp;2015 roku tylko1750 z\u0142&nbsp;brutto, a&nbsp;wi\u0119c w&nbsp;ci\u0105gu 7&nbsp;lat rz\u0105d\u00f3w PO-PSL, wzros\u0142a o&nbsp;niewiele ponad 600&nbsp;z\u0142.<\/p>\n\n\n\n<p>Natomiast podczas rz\u0105d\u00f3w Zjednoczonej Prawicy w&nbsp;ci\u0105gu 7&nbsp;lat, wzros\u0142a o&nbsp;blisko 2&nbsp;tys. z\u0142, a&nbsp;wi\u0119c wzros\u0142a od&nbsp;kwoty 1750 z\u0142&nbsp;w&nbsp;2015 roku do&nbsp;3600 z\u0142&nbsp;od&nbsp;pierwszego lipca tego roku, natomiast w&nbsp;przysz\u0142ym roku od&nbsp;1&nbsp;stycznia wg&nbsp;prognoz resortu rodziny i&nbsp;polityki spo\u0142ecznej, mo\u017ce si\u0119gn\u0105\u0107 4250 z\u0142&nbsp;(a&nbsp;wi\u0119c wzrost w&nbsp;stosunku do&nbsp;2015 roku wyniesie a\u017c&nbsp;2,5&nbsp;tysi\u0105ca&nbsp;z\u0142otych).<\/p>\n\n\n\n<p>Z&nbsp;kolei p\u0142aca \u015brednia w&nbsp;2008 roku wynosi\u0142a ok. 2950 z\u0142, a&nbsp;w&nbsp;roku 2015 wynios\u0142a ok. 3900 z\u0142, wzros\u0142a wi\u0119c przez 7&nbsp;lat o&nbsp;oko\u0142o 1000 z\u0142, podczas gdy podczas 7&nbsp;lat rz\u0105d\u00f3w Zjednoczonej Prawicy wzros\u0142o a\u017c&nbsp;o&nbsp;3600 z\u0142, bowiem w&nbsp;marcu wynosi\u0142o ono ok. 7500&nbsp;z\u0142.<\/p>\n\n\n\n<p>A&nbsp;wi\u0119c na&nbsp;skutek corocznych szybkich podwy\u017cek p\u0142acy minimalnej przez rz\u0105d Zjednoczonej Prawicy, bardzo szybko ro\u015bnie tak\u017ce p\u0142aca \u015brednia w&nbsp;gospodarce, blisko 4-krotnie szybciej ni\u017c podczas rz\u0105d\u00f3w&nbsp;PO-PSL.<\/p>\n\n\n\n<p>W&nbsp;ca\u0142y okresie rz\u0105d\u00f3w Zjednoczonej Prawicy, mimo wysokiej inflacji w&nbsp;ostatnim okresie, wyra\u017anie wzros\u0142y tak\u017ce realnie p\u0142ace realne w&nbsp;Polsce, przyjmuj\u0105c IV&nbsp;kwarta\u0142 2015 roku za&nbsp;100, indeks p\u0142ac realnych w&nbsp;gospodarce narodowej po&nbsp;I&nbsp;kwartale 2023 roku wyni\u00f3s\u0142 124 proc., co&nbsp;oznacza, \u017ce&nbsp;p\u0142ace realne w&nbsp;Polsce w&nbsp;ci\u0105gu ostatnich 7&nbsp;lat wzros\u0142y&nbsp;o&nbsp;24&nbsp;proc.<\/p>\n\n\n\n<p>Dla por\u00f3wnania poziom realnego wzrostu p\u0142ac w&nbsp;ca\u0142ej Unii Europejskiej by\u0142 znacznie ni\u017cszy, w&nbsp;tym samym okresie, wzros\u0142y one zaledwie o&nbsp;2&nbsp;proc., co&nbsp;oznacza, \u017ce&nbsp;tak\u017ce w&nbsp;tej dziedzinie, nadrabiamy zaleg\u0142o\u015bci w&nbsp;stosunku do&nbsp;kraj\u00f3w Europy&nbsp;Zachodniej.<\/p>\n\n\n\n<h3 class=\"wp-block-heading\">Dogoni\u0107&nbsp;Zach\u00f3d<\/h3>\n\n\n\n<p>Polska tak\u017ce skutecznie \u201egoni\u201d rozwini\u0119te kraje Europy Zachodniej, wed\u0142ug danych NBP, do&nbsp;ko\u0144ca 2030 roku nasz kraj pod wzgl\u0119dem poziomu dochod\u00f3w na&nbsp;g\u0142ow\u0119 mieszka\u0144ca dogoni dzisiejszy poziom tego dochodu w&nbsp;takich krajach jak W. Brytania, czy&nbsp;Francja.<\/p>\n\n\n\n<p>W&nbsp;tych krajach na&nbsp;ten temat trwa ostra debata, tamtejsze rz\u0105dy s\u0105&nbsp;krytykowane za&nbsp;wyra\u017ane tracenie dystansu rozwojowego w&nbsp;stosunku do&nbsp;Polski, natomiast w&nbsp;naszym kraju z&nbsp;kolei opozycja i&nbsp;wspieraj\u0105ce j\u0105&nbsp;media, kreuj\u0105 czarny obraz polskiej&nbsp;gospodarki.<\/p>\n\n\n\n<p>Wed\u0142ug opozycji \u201eu&nbsp;nas jest \u017ale, \u017ale pracujemy, \u017ale zarz\u0105dzamy, \u017ale kierujemy pa\u0144stwem, z\u0142e mamy finanse publiczne jednym s\u0142owem wszystko \u017ale\u201d, natomiast w&nbsp;wielu krajach Europy Zachodniej, coraz cz\u0119\u015bciej m\u00f3wi si\u0119 pisze \u201eo&nbsp;polskim cudzie&nbsp;gospodarczym\u201d.<\/p>\n\n\n\n<p>Okazuje si\u0119 jednak, \u017ce&nbsp;niekt\u00f3rzy przedstawiciele opozycji dostrzegaj\u0105 problem z&nbsp;jakim si\u0119 ona mierzy \u201ew&nbsp;Polsce \u017cyje si\u0119 dobrze\u201d i&nbsp;w&nbsp;zwi\u0105zku z&nbsp;tym trudno nam\u00f3wi\u0107 zwyk\u0142ych Polak\u00f3w, aby w&nbsp;nadchodz\u0105cych wyborach zag\u0142osowali&nbsp;na&nbsp;opozycj\u0119.<\/p>\n","protected":false},"excerpt":{"rendered":"<p>Zbigniew Ku\u017amiuk S\u0142awomir Sierakowski, szef \u201eKrytyki Politycznej\u201d i&nbsp;guru liberalno-lewicowej opozycji w&nbsp;naszym kraju, w&nbsp;wywiadzie dla jednego z&nbsp;kana\u0142\u00f3w internetowych wyja\u015bnia\u0142<\/p>\n","protected":false},"author":1,"featured_media":0,"comment_status":"closed","ping_status":"closed","sticky":false,"template":"","format":"standard","meta":{"footnotes":""},"categories":[1],"tags":[],"class_list":["post-4645","post","type-post","status-publish","format-standard","hentry","category-bez-kategorii"],"_links":{"self":[{"href":"https:\/\/kuriercodziennychicago.com\/index.php\/wp-json\/wp\/v2\/posts\/4645","targetHints":{"allow":["GET"]}}],"collection":[{"href":"https:\/\/kuriercodziennychicago.com\/index.php\/wp-json\/wp\/v2\/posts"}],"about":[{"href":"https:\/\/kuriercodziennychicago.com\/index.php\/wp-json\/wp\/v2\/types\/post"}],"author":[{"embeddable":true,"href":"https:\/\/kuriercodziennychicago.com\/index.php\/wp-json\/wp\/v2\/users\/1"}],"replies":[{"embeddable":true,"href":"https:\/\/kuriercodziennychicago.com\/index.php\/wp-json\/wp\/v2\/comments?post=4645"}],"version-history":[{"count":1,"href":"https:\/\/kuriercodziennychicago.com\/index.php\/wp-json\/wp\/v2\/posts\/4645\/revisions"}],"predecessor-version":[{"id":4647,"href":"https:\/\/kuriercodziennychicago.com\/index.php\/wp-json\/wp\/v2\/posts\/4645\/revisions\/4647"}],"wp:attachment":[{"href":"https:\/\/kuriercodziennychicago.com\/index.php\/wp-json\/wp\/v2\/media?parent=4645"}],"wp:term":[{"taxonomy":"category","embeddable":true,"href":"https:\/\/kuriercodziennychicago.com\/index.php\/wp-json\/wp\/v2\/categories?post=4645"},{"taxonomy":"post_tag","embeddable":true,"href":"https:\/\/kuriercodziennychicago.com\/index.php\/wp-json\/wp\/v2\/tags?post=4645"}],"curies":[{"name":"wp","href":"https:\/\/api.w.org\/{rel}","templated":true}]}}