{"id":4651,"date":"2023-08-08T17:36:08","date_gmt":"2023-08-08T22:36:08","guid":{"rendered":"https:\/\/kuriercodziennychicago.com\/?p=4651"},"modified":"2023-08-08T17:36:09","modified_gmt":"2023-08-08T22:36:09","slug":"tusk-wykorzystuje-nieszczescia-ludzkie-do-polityki-ale-ta-karma-do-niego-wroci","status":"publish","type":"post","link":"https:\/\/kuriercodziennychicago.com\/index.php\/2023\/08\/08\/tusk-wykorzystuje-nieszczescia-ludzkie-do-polityki-ale-ta-karma-do-niego-wroci\/","title":{"rendered":"Tusk wykorzystuje nieszcz\u0119\u015bcia ludzkie do polityki, ale ta \u201ekarma do niego wr\u00f3ci\u201d"},"content":{"rendered":"<div class=\"wp-block-image is-style-rounded\">\n<figure class=\"alignleft size-full is-resized\"><img decoding=\"async\" src=\"https:\/\/kuriercodziennychicago.com\/wp-content\/uploads\/2022\/09\/Zbigniew_Kuzmiuk-e1674519588646.jpg\" alt=\"\" class=\"wp-image-1480\" width=\"57\" height=\"59\"\/><\/figure>\n<\/div>\n\n\n<blockquote class=\"wp-block-quote is-layout-flow wp-block-quote-is-layout-flow\">\n<h3 class=\"wp-block-heading\"><a href=\"https:\/\/wpolityce.pl\/autorzy\/274-zbigniew-kuzmiuk\">Zbigniew Ku\u017amiuk<\/a><\/h3>\n<\/blockquote>\n\n\n\n<p><strong>Od&nbsp;momentu kiedy Donald Tusk wr\u00f3ci\u0142 do&nbsp;polskiej polityki i&nbsp;zacz\u0105\u0142 wykorzystywa\u0107 nieszcz\u0119\u015bcia ludzkie i&nbsp;bezpodstawne ci\u0119\u017ckie oskar\u017cenia do&nbsp;prowadzenia polityki jest jasne, \u017ce&nbsp;ta&nbsp;\u201ekarma do&nbsp;niego wr\u00f3ci\u201d i&nbsp;to&nbsp;szybciej ni\u017c&nbsp;my\u015bli.<\/strong><\/p>\n\n\n\n<p>Wprawdzie jego gor\u0105cym zwolennikom zamkni\u0119tym w&nbsp;ba\u0144kach informacyjnych TV-u, Onetu, \u201eGazety Wyborczej\u201d i&nbsp;innych mocno wspieraj\u0105cych Platform\u0119 medi\u00f3w, \u017cerowanie na&nbsp;nieszcz\u0119\u015bciach ludzkich, czy rzucanie, najcz\u0119\u015bciej opartych na&nbsp;k\u0142amstwach, ci\u0119\u017ckich oskar\u017ce\u0144 na&nbsp;Prawo i&nbsp;Sprawiedliwo\u015b\u0107, nie przeszkadza, ale jednak odpycha od&nbsp;jego formacji wyborc\u00f3w umiarkowanych. St\u0105d niemo\u017cno\u015b\u0107 przebicia swoistego \u201eszklanego sufitu\u201d, czyli 30&nbsp;proc. poparcia w&nbsp;badaniach opinii publicznej, mimo wykorzystywania ka\u017cdej okazji, aby uderzy\u0107 w&nbsp;rz\u0105d w&nbsp;kraju i&nbsp;za&nbsp;granic\u0105, mimo tego, \u017ce&nbsp;cz\u0119sto jest to&nbsp;wprost szkodzenie&nbsp;Polsce.<\/p>\n\n\n\n<p>Przypomnijmy, \u017ce&nbsp;Tusk jeszcze jako przewodnicz\u0105cy Rady Europejskiej akceptowa\u0142, a&nbsp;nawet afirmowa\u0142, nies\u0142ychan\u0105 wr\u0119cz wulgarno\u015b\u0107 Marty Lempart i&nbsp;innych przedstawicielek ruchu \u201eStrajk Kobiet\u201d, a&nbsp;tak\u017ce prowadzone przez nie r\u00f3\u017cne akcje, w\u0142\u0105cznie z&nbsp;atakowaniem funkcjonariuszy policji. P\u00f3\u017aniej wykorzystywa\u0142 ka\u017cd\u0105 okazj\u0119, aby oskar\u017ca\u0107 rz\u0105dz\u0105cych, nawet w&nbsp;sytuacjach ekstremalnych takich jak atak hybrydowy na&nbsp;granic\u0119 bia\u0142orusko-polsk\u0105 przez sprowadzonych przez s\u0142u\u017cby Putina i&nbsp;\u0141ukaszenki imigrant\u00f3w z&nbsp;bliskiego wschodu i&nbsp;Afryki. Wtedy twierdzi\u0142, \u017ce&nbsp;\u201etrzeba pom\u00f3c tym biednym ludziom\u201d, a&nbsp;jego pos\u0142owie atakowali stra\u017cnik\u00f3w granicznych, nie tylko s\u0142ownie ale nawet fizycznie, p\u00f3\u017aniej kiedy rz\u0105d og\u0142osi\u0142 budow\u0119 muru na&nbsp;granicy, twierdzi\u0142, \u017ce&nbsp;to&nbsp;b\u0119dzie \u201ewielki wa\u0142\u201d i&nbsp;nie powstanie ani w&nbsp;ci\u0105gu roku, ani nawet trzech&nbsp;lat.<\/p>\n\n\n\n<figure class=\"wp-block-image size-full\"><img decoding=\"async\" width=\"815\" height=\"622\" src=\"https:\/\/kuriercodziennychicago.com\/wp-content\/uploads\/2023\/08\/000hd3oa5fric6to-c321.jpg\" alt=\"\" class=\"wp-image-4652\" srcset=\"https:\/\/kuriercodziennychicago.com\/wp-content\/uploads\/2023\/08\/000hd3oa5fric6to-c321.jpg 815w, https:\/\/kuriercodziennychicago.com\/wp-content\/uploads\/2023\/08\/000hd3oa5fric6to-c321-300x229.jpg 300w, https:\/\/kuriercodziennychicago.com\/wp-content\/uploads\/2023\/08\/000hd3oa5fric6to-c321-768x586.jpg 768w\" sizes=\"(max-width: 815px) 100vw, 815px\" \/><\/figure>\n\n\n\n<p>Gdy Rosja zaatakowa\u0142a Ukrain\u0119 i&nbsp;rz\u0105d zacz\u0105\u0142 ogranicza\u0107 import surowc\u00f3w energetycznych z&nbsp;tego kraju samodzielnie i&nbsp;w&nbsp;ramach sankcji unijnych, rozpocz\u0105\u0142 atak na&nbsp;import rosyjskiego w\u0119gla, a&nbsp;gdy i&nbsp;ten import zosta\u0142 przez rz\u0105d zablokowany, natychmiast przyst\u0105pi\u0142 do&nbsp;straszenia Polak\u00f3w brakami w\u0119gla, gazu i&nbsp;pr\u0105du oraz zamarzni\u0119ciami podczas zbli\u017caj\u0105cej zimy. Przez wiele miesi\u0119cy jego konikiem by\u0142a dro\u017cyzna, \u201eparagony grozy i&nbsp;chleb po&nbsp;30&nbsp;z\u0142\u201d, cho\u0107 doskonale wiedzia\u0142, \u017ce&nbsp;za&nbsp;2\/3&nbsp;inflacji w&nbsp;Polsce (podobnie jak i&nbsp;ca\u0142ej UE), odpowiadaj\u0105 przyczyny zewn\u0119trzne w&nbsp;tym te&nbsp;zwi\u0105zane ze&nbsp;skutkami pandemii i&nbsp;agresj\u0105 Rosji na&nbsp;Ukrain\u0119. Z&nbsp;nieukrywan\u0105 wr\u0119cz przyjemno\u015bci\u0105 na&nbsp;spotkaniach ze&nbsp;swoimi zwolennikami, Tusk atakowa\u0142 rz\u0105d i&nbsp;prezesa NBP, cytuj\u0105c comiesi\u0119czne odczyty inflacji, ale gdy w&nbsp;wyniku odpowiedzialnej polityki monetarnej i&nbsp;fiskalnej rz\u0105du i&nbsp;RPP, inflacja zacz\u0119\u0142a si\u0119 szybko obni\u017ca\u0107 (o&nbsp;7&nbsp;pkt. procentowych w&nbsp;ci\u0105gu 4&nbsp;miesi\u0119cy), natychmiast o&nbsp;niej&nbsp;zapomnia\u0142.<\/p>\n\n\n\n<p>Tusk nie cofn\u0105\u0142 si\u0119 przed atakowaniem rz\u0105du przy pomocy k\u0142amstw i&nbsp;przeinacze\u0144 nawet w&nbsp;przypadku kl\u0119sk \u017cywio\u0142owych i&nbsp;r\u00f3\u017cnego rodzaju nieszcz\u0119\u015b\u0107, tak jak w&nbsp;przypadku zanieczyszczenia Odry i&nbsp;masowego \u015bni\u0119cia ryb. Tusk i&nbsp;jego bliska wsp\u00f3\u0142pracowniczka marsza\u0142ek wojew\u00f3dztwa lubuskiego El\u017cbieta Polak, og\u0142osili \u201ert\u0119\u0107 w&nbsp;Odrze\u201d, powo\u0142uj\u0105c si\u0119 na&nbsp;niemieckie badania i&nbsp;wywo\u0142uj\u0105c wielodniow\u0105 panik\u0119 na&nbsp;terenach, przez kt\u00f3re przep\u0142ywa ta&nbsp;rzeka. Gdy okaza\u0142o si\u0119 to&nbsp;wr\u0119cz ordynarnym k\u0142amstwem, Tusk i&nbsp;jego partyjna kole\u017canka, nawet si\u0119 nie zaj\u0105kn\u0119li, \u017ceby przynajmniej wyt\u0142umaczy\u0107 si\u0119 z&nbsp;tych bezpodstawnych oskar\u017ce\u0144, nie m\u00f3wi\u0105c ju\u017c o&nbsp;przeprosinach wszystkich tych, kt\u00f3rych wystraszyli i&nbsp;zaszkodzili ich&nbsp;interesom.<\/p>\n\n\n\n<p>Tusk wykorzysta\u0142 nawet po\u017car sk\u0142adowiska odpad\u00f3w na&nbsp;terenie Zielonej G\u00f3ry do&nbsp;atakowania rz\u0105du PiS, cho\u0107 to&nbsp;podczas jego rz\u0105d\u00f3w tak rozlu\u017aniono prawo ochrony \u015brodowiska, \u017ce&nbsp;import gro\u017anych odpad\u00f3w z&nbsp;zagranicy sta\u0142 si\u0119 nies\u0142ychanie op\u0142acalny i&nbsp;to&nbsp;w\u0142a\u015bnie dopiero rz\u0105d Zjednoczonej Prawicy, taki import wyeliminowa\u0142, wprowadzaj\u0105c mi\u0119dzy innymi wysokie&nbsp;kary.<\/p>\n\n\n\n<p>Prawie ka\u017cdy zgon kobiety na&nbsp;oddzia\u0142ach po\u0142o\u017cniczych, jest przez Tuska ubierany w&nbsp;k\u0142amstwa zwi\u0105zane \u201ez&nbsp;zakazem aborcji\u201d i&nbsp;jest podstaw\u0105 do&nbsp;og\u0142aszania kolejnych protest\u00f3w i&nbsp;marsz\u00f3w w&nbsp;obronie praw kobiet. Po&nbsp;\u015bmierci ci\u0119\u017carnej kobiety w&nbsp;szpitalu Nowym Targu (jak p\u00f3\u017aniej stwierdzi\u0142a kontrola by\u0142 to&nbsp;b\u0142\u0105d lekarski), Tusk na&nbsp;wiecu w&nbsp;Poznaniu, tak zdecydowa\u0142 si\u0119 oskar\u017ca\u0107 rz\u0105d \u201edzisiaj ta&nbsp;w\u0142adza, to&nbsp;s\u0105&nbsp;seryjni mordercy&nbsp;kobiet\u201d.<\/p>\n\n\n\n<p>W&nbsp;ostatnich dniach powodem do&nbsp;og\u0142oszenia 1&nbsp;pa\u017adziernika marszu \u201emiliona serc\u201d, sta\u0142a si\u0119 sprawa Pani Joanny z&nbsp;Krakowa, cho\u0107 zdaje si\u0119, \u017ce&nbsp;po&nbsp;przyjrzeniu si\u0119 przez PR-owc\u00f3w Tuska, zawarto\u015bci jej kont w&nbsp;mediach spo\u0142eczno\u015bciowych, \u201ebohaterka\u201d marszu zostanie szybko zmieniona. Niezale\u017cnie od&nbsp;tego jak ostatecznie rozstrzygnie si\u0119 ta&nbsp;sprawa, ubieranie si\u0119 przez Tuska \u201ew&nbsp;pi\u00f3rka\u201d obro\u0144cy praw kobiet, to&nbsp;wr\u0119cz \u201eHimalaje hipokryzji\u201d, bo&nbsp;przecie\u017c to&nbsp;on&nbsp;zdecydowa\u0142 o&nbsp;podniesieniu wieku emerytalnego kobiet o&nbsp;7&nbsp;lat, a&nbsp;kobiet-rolniczek, a\u017c&nbsp;o&nbsp;12&nbsp;lat i&nbsp;zrobi\u0142 to&nbsp;mimo ogromnego sprzeciwu spo\u0142ecznego, czego wyrazem by\u0142o zebranie 2,5&nbsp;mln podpis\u00f3w przez NSZZ \u201eSolidarno\u015b\u0107\u201d pod wnioskiem o&nbsp;referendum w&nbsp;tej&nbsp;sprawie.<\/p>\n\n\n\n<p>To&nbsp;wykorzystywanie do&nbsp;uprawniania polityki, nieszcz\u0119\u015b\u0107 ludzkich, k\u0142amstw i&nbsp;rzucania strasznych oskar\u017ce\u0144 na&nbsp;rz\u0105dz\u0105cych, zast\u0119puje Tuskowi brak programu, bo&nbsp;to&nbsp;przy pomocy wywo\u0142ania negatywnych emocji, chce on&nbsp;zdoby\u0107 w\u0142adz\u0119 w&nbsp;nadchodz\u0105cych wyborach&nbsp;parlamentarnych.<\/p>\n\n\n\n<p>Ale ta&nbsp;\u201ekarma do&nbsp;Tuska wr\u00f3ci\u201d i&nbsp;to&nbsp;szybciej ni\u017c&nbsp;my\u015bli.<\/p>\n","protected":false},"excerpt":{"rendered":"<p>Zbigniew Ku\u017amiuk Od&nbsp;momentu kiedy Donald Tusk wr\u00f3ci\u0142 do&nbsp;polskiej polityki i&nbsp;zacz\u0105\u0142 wykorzystywa\u0107 nieszcz\u0119\u015bcia ludzkie i&nbsp;bezpodstawne ci\u0119\u017ckie oskar\u017cenia do&nbsp;prowadzenia polityki<\/p>\n","protected":false},"author":1,"featured_media":4652,"comment_status":"closed","ping_status":"closed","sticky":false,"template":"","format":"standard","meta":{"footnotes":""},"categories":[2,9],"tags":[],"class_list":["post-4651","post","type-post","status-publish","format-standard","has-post-thumbnail","hentry","category-polityka","category-start"],"_links":{"self":[{"href":"https:\/\/kuriercodziennychicago.com\/index.php\/wp-json\/wp\/v2\/posts\/4651","targetHints":{"allow":["GET"]}}],"collection":[{"href":"https:\/\/kuriercodziennychicago.com\/index.php\/wp-json\/wp\/v2\/posts"}],"about":[{"href":"https:\/\/kuriercodziennychicago.com\/index.php\/wp-json\/wp\/v2\/types\/post"}],"author":[{"embeddable":true,"href":"https:\/\/kuriercodziennychicago.com\/index.php\/wp-json\/wp\/v2\/users\/1"}],"replies":[{"embeddable":true,"href":"https:\/\/kuriercodziennychicago.com\/index.php\/wp-json\/wp\/v2\/comments?post=4651"}],"version-history":[{"count":1,"href":"https:\/\/kuriercodziennychicago.com\/index.php\/wp-json\/wp\/v2\/posts\/4651\/revisions"}],"predecessor-version":[{"id":4653,"href":"https:\/\/kuriercodziennychicago.com\/index.php\/wp-json\/wp\/v2\/posts\/4651\/revisions\/4653"}],"wp:featuredmedia":[{"embeddable":true,"href":"https:\/\/kuriercodziennychicago.com\/index.php\/wp-json\/wp\/v2\/media\/4652"}],"wp:attachment":[{"href":"https:\/\/kuriercodziennychicago.com\/index.php\/wp-json\/wp\/v2\/media?parent=4651"}],"wp:term":[{"taxonomy":"category","embeddable":true,"href":"https:\/\/kuriercodziennychicago.com\/index.php\/wp-json\/wp\/v2\/categories?post=4651"},{"taxonomy":"post_tag","embeddable":true,"href":"https:\/\/kuriercodziennychicago.com\/index.php\/wp-json\/wp\/v2\/tags?post=4651"}],"curies":[{"name":"wp","href":"https:\/\/api.w.org\/{rel}","templated":true}]}}