{"id":4657,"date":"2023-08-08T17:38:50","date_gmt":"2023-08-08T22:38:50","guid":{"rendered":"https:\/\/kuriercodziennychicago.com\/?p=4657"},"modified":"2023-08-08T17:38:51","modified_gmt":"2023-08-08T22:38:51","slug":"rada-ue-wroci-do-sprawy-przedluzenia-embarga-na-import-zboza-z-ukrainy-na-poczatku-wrzesnia","status":"publish","type":"post","link":"https:\/\/kuriercodziennychicago.com\/index.php\/2023\/08\/08\/rada-ue-wroci-do-sprawy-przedluzenia-embarga-na-import-zboza-z-ukrainy-na-poczatku-wrzesnia\/","title":{"rendered":"Rada UE wr\u00f3ci do sprawy przed\u0142u\u017cenia embarga na import zbo\u017ca z Ukrainy na pocz\u0105tku wrze\u015bnia"},"content":{"rendered":"<div class=\"wp-block-image is-style-rounded\">\n<figure class=\"alignleft size-full is-resized\"><img decoding=\"async\" src=\"https:\/\/kuriercodziennychicago.com\/wp-content\/uploads\/2022\/09\/Zbigniew_Kuzmiuk-e1674519588646.jpg\" alt=\"\" class=\"wp-image-1480\" width=\"57\" height=\"59\"\/><\/figure>\n<\/div>\n\n\n<blockquote class=\"wp-block-quote is-layout-flow wp-block-quote-is-layout-flow\">\n<h3 class=\"wp-block-heading\"><a href=\"https:\/\/wpolityce.pl\/autorzy\/274-zbigniew-kuzmiuk\">Zbigniew Ku\u017amiuk<\/a><\/h3>\n<\/blockquote>\n\n\n\n<p><strong>Na&nbsp;wczorajszym posiedzeniu Rady Unii Europejskiej ministr\u00f3w rolnictwa, g\u0142\u00f3wnym punktem obrad, by\u0142o przed\u0142u\u017cenie obowi\u0105zuj\u0105cego do&nbsp;15&nbsp;wrze\u015bnia zakazu wwozu ukrai\u0144skiego zbo\u017ca do&nbsp;5.&nbsp;kraj\u00f3w.<\/strong><\/p>\n\n\n\n<p>Chodzi o&nbsp;tzw. kraje przyfrontowe, do&nbsp;kt\u00f3rych trafia\u0142o najwi\u0119cej eksportu rolnego z&nbsp;Ukrainy, a&nbsp;wi\u0119c Polsk\u0119, S\u0142owacj\u0119, W\u0119gry, Rumuni\u0119 i&nbsp;Bu\u0142gari\u0119 i&nbsp;dwa rodzaje zb\u00f3\u017c tj. pszenic\u0119 i&nbsp;kukurydz\u0119 oraz dwa inne produkty rolne tj. rzepak i&nbsp;nasiona&nbsp;s\u0142onecznika.<\/p>\n\n\n\n<p>To&nbsp;w\u0142a\u015bnie masowy ww\u00f3z zb\u00f3\u017c na&nbsp;terytorium tych kraj\u00f3w, zamiast tranzytu przez nie do&nbsp;niekt\u00f3rych kraj\u00f3w Europy Zachodniej, a&nbsp;przede wszystkim do&nbsp;pa\u0144stw Afryki P\u00f3\u0142nocnej i&nbsp;Bilskiego Wschodu, by\u0142 powodem wprowadzenia czasowego&nbsp;embarga.<\/p>\n\n\n\n<h3 class=\"wp-block-heading\">Niemcy i&nbsp;Francja&nbsp;przeciw<\/h3>\n\n\n\n<p>Okazuje si\u0119 jednak, \u017ce&nbsp;przeciwko przed\u0142u\u017ceniu tego embarga, by\u0142y wczoraj dwa najwi\u0119ksze kraje UE, Niemcy i&nbsp;Francja, ich ministrowie rolnictwa podkre\u015blali, \u017ce&nbsp;mia\u0142y by\u0107 to&nbsp;tylko ograniczenia&nbsp;czasowe.<\/p>\n\n\n\n<p>Co&nbsp;wi\u0119cej, ministra rolnictwa Niemiec Cema Oezdemira (przedstawiciela Zielonych w&nbsp;rz\u0105dzie), zirytowa\u0142a wcze\u015bniejsza zapowied\u017a polskiego premiera Mateusza Morawieckiego, \u017ce&nbsp;niezale\u017cnie od&nbsp;postanowienia Rady UE, Polska indywidulanie przed\u0142u\u017cy embargo na&nbsp;ukrai\u0144skie zbo\u017ce, ze&nbsp;wzgl\u0119du na&nbsp;trudn\u0105 sytuacje na&nbsp;krajowym rynku, kt\u00f3ra zostanie spot\u0119gowana przez zwi\u0119kszon\u0105 poda\u017c zb\u00f3\u017c, tu\u017c po&nbsp;zako\u0144czeniu&nbsp;\u017cniw.<\/p>\n\n\n\n<figure class=\"wp-block-image size-full\"><img decoding=\"async\" width=\"940\" height=\"626\" src=\"https:\/\/kuriercodziennychicago.com\/wp-content\/uploads\/2023\/08\/161840_r0_940.jpg\" alt=\"\" class=\"wp-image-4658\" srcset=\"https:\/\/kuriercodziennychicago.com\/wp-content\/uploads\/2023\/08\/161840_r0_940.jpg 940w, https:\/\/kuriercodziennychicago.com\/wp-content\/uploads\/2023\/08\/161840_r0_940-300x200.jpg 300w, https:\/\/kuriercodziennychicago.com\/wp-content\/uploads\/2023\/08\/161840_r0_940-768x511.jpg 768w\" sizes=\"(max-width: 940px) 100vw, 940px\" \/><\/figure>\n\n\n\n<p>Wed\u0142ug nieoficjalnych informacji z&nbsp;posiedzenia Rady, stanowisko ministr\u00f3w rolnictwa Niemiec i&nbsp;Francji w&nbsp;sprawie nieprzed\u0142u\u017cania embarga na&nbsp;import ukrai\u0144skiego zbo\u017ca, popiera kilka innych mniejszych kraj\u00f3w, co&nbsp;oznacza, \u017ce&nbsp;w&nbsp;tej sprawie jest w&nbsp;tej chwili mniejszo\u015b\u0107 blokuj\u0105ca, a&nbsp;wi\u0119c przynajmniej 4&nbsp;kraje reprezentuj\u0105ce, przynajmniej 35% ludno\u015bci&nbsp;UE.<\/p>\n\n\n\n<p>W&nbsp;tej sytuacji decyzj\u0119 w&nbsp;tej sprawie przesuni\u0119to na&nbsp;nast\u0119pne posiedzenie Rady UE&nbsp;na&nbsp;pocz\u0105tek wrze\u015bnia, zw\u0142aszcza, \u017ce&nbsp;w&nbsp;tej sprawie dochodzi nowa okoliczno\u015b\u0107, kt\u00f3ra b\u0119dzie mia\u0142a ogromny wp\u0142yw na&nbsp;eksport ukrai\u0144skich produkt\u00f3w&nbsp;rolnych.<\/p>\n\n\n\n<p>Ot\u00f3\u017c 17&nbsp;lipca zako\u0144czy\u0142o si\u0119 funkcjonowanie umowy sygnowanej przez z&nbsp;Rosj\u0119, Ukrain\u0119 i&nbsp;Turcj\u0119 pod patronatem przewodnicz\u0105cego ONZ, dotycz\u0105cej eksportu ukrai\u0144skich produkt\u00f3w rolnych z&nbsp;Odessy i&nbsp;innych port\u00f3w po\u0142o\u017conych nad Morzem&nbsp;Czarnym.<\/p>\n\n\n\n<p>Co&nbsp;wi\u0119cej Rosja og\u0142osi\u0142a, \u017ce&nbsp;wszystkie statki wyp\u0142ywaj\u0105ce z&nbsp;ukrai\u0144skich port\u00f3w jak i&nbsp;wp\u0142ywaj\u0105ce do&nbsp;nich, b\u0119d\u0105 traktowane jak statki ze&nbsp;sprz\u0119tem wojskowym, ze&nbsp;wszystkim tego&nbsp;konsekwencjami.<\/p>\n\n\n\n<p>Do&nbsp;pocz\u0105tku wrze\u015bnia zostan\u0105 przeanalizowane skutki blokady Morza Czarnego dla eksportu ukrai\u0144skich produkt\u00f3w rolnych, w&nbsp;tym tak\u017ce rozmiary ich tranzytu przez tzw. kraje frontowe i&nbsp;by\u0107 mo\u017ce nowa sytuacja, spowoduje zmian\u0119 stanowiska Niemiec i&nbsp;Francji w&nbsp;sprawie przed\u0142u\u017cenia embarga na&nbsp;ukrai\u0144skie zbo\u017ce, wwo\u017cone do&nbsp;pi\u0119ciu wspomnianych wy\u017cej&nbsp;kraj\u00f3w.<\/p>\n\n\n\n<p>Przypomnijmy przy tej okazji, \u017ce&nbsp;deficyt w&nbsp;obrocie produktami rolnymi, wynikaj\u0105cy z&nbsp;podpisanej ju\u017c umowy pomi\u0119dzy UE&nbsp;i&nbsp;Now\u0105 Zelandi\u0105 rz\u0119du oko\u0142o 1&nbsp;mld euro, czy dodatkowy deficyt rz\u0119du 1,5&nbsp;mld euro wynikaj\u0105cy z&nbsp;negocjowanej jeszcze umowy pomi\u0119dzy UE, a&nbsp;krajami Mercosuru (Brazylia, Argentyna, Urugwaj i&nbsp;Paragwaj), okazuj\u0105 si\u0119 by\u0107 powa\u017cnym problemem dla rynk\u00f3w rolnych 27&nbsp;pa\u0144stw&nbsp;cz\u0142onkowskich.<\/p>\n\n\n\n<p>Natomiast import ukrai\u0144skich zb\u00f3\u017c do&nbsp;Polski w&nbsp;ci\u0105gu zaledwie kilku miesi\u0119cy, rz\u0119du 2&nbsp;mld euro, maj\u0105cy ogromnie negatywne skutki dla cen na&nbsp;polskim rynku zb\u00f3\u017c, mia\u0142by by\u0107 zamortyzowany tylko \u015brodkami finansowymi naszego&nbsp;kraju.<\/p>\n\n\n\n<p>Ba, po&nbsp;zniesieniu embarga po&nbsp;15&nbsp;wrze\u015bnia w&nbsp;sytuacji blokady Morza Czarnego, ww\u00f3z ukrai\u0144skiego zbo\u017ca na&nbsp;rynki pa\u0144stw frontowych, w&nbsp;tym Polski tylko si\u0119 nasili, co&nbsp;tu\u017c po&nbsp;\u017cniwach w&nbsp;naszym kraju, oznacza pe\u0142n\u0105 destabilizacj\u0119 na&nbsp;rynku&nbsp;zb\u00f3\u017c.<\/p>\n\n\n\n<h3 class=\"wp-block-heading\">Interes&nbsp;Polski<\/h3>\n\n\n\n<p>Polska nie mo\u017ce sobie na&nbsp;to&nbsp;pozwoli\u0107 i&nbsp;dlatego, chroni\u0105c interesy rolnik\u00f3w, b\u0119dzie d\u0105\u017cy\u0142a do&nbsp;przed\u0142u\u017cenia unijnego embarga na&nbsp;ukrai\u0144skie zbo\u017ca, a&nbsp;gdyby si\u0119 to&nbsp;nie uda\u0142o, wprowadzi indywidualn\u0105 blokad\u0119, oczywi\u015bcie umo\u017cliwiaj\u0105c tranzyt tych zb\u00f3\u017c przez nasz&nbsp;kraj.<\/p>\n\n\n\n<p>Tak przy okazji wprowadzenie embarga na&nbsp;ww\u00f3z ukrai\u0144skiego zbo\u017ca do&nbsp;pa\u0144stw frontowych, spowodowa\u0142o znacz\u0105ce powi\u0119kszenie transport\u00f3w tranzytowych, miedzy innymi przez nasz kraj z&nbsp;niewiele ponad 100 tys. ton miesi\u0119cznie do&nbsp;260 tys. ton w&nbsp;czerwcu tego&nbsp;roku.<\/p>\n\n\n\n<p>Dobrze by\u0142oby, \u017ceby s\u0142u\u017cby unijne, ale tak\u017ce i&nbsp;rz\u0105d Ukrainy, wzi\u0119li tak\u017ce i&nbsp;t\u0105&nbsp;ostatni\u0105 informacj\u0119 pod uwag\u0119, w&nbsp;negocjacjach prowadz\u0105cych do&nbsp;rozwi\u0105zania tego&nbsp;problemu.<\/p>\n","protected":false},"excerpt":{"rendered":"<p>Zbigniew Ku\u017amiuk Na&nbsp;wczorajszym posiedzeniu Rady Unii Europejskiej ministr\u00f3w rolnictwa, g\u0142\u00f3wnym punktem obrad, by\u0142o przed\u0142u\u017cenie obowi\u0105zuj\u0105cego do&nbsp;15&nbsp;wrze\u015bnia zakazu wwozu<\/p>\n","protected":false},"author":1,"featured_media":4658,"comment_status":"closed","ping_status":"closed","sticky":false,"template":"","format":"standard","meta":{"footnotes":""},"categories":[2,9],"tags":[],"class_list":["post-4657","post","type-post","status-publish","format-standard","has-post-thumbnail","hentry","category-polityka","category-start"],"_links":{"self":[{"href":"https:\/\/kuriercodziennychicago.com\/index.php\/wp-json\/wp\/v2\/posts\/4657","targetHints":{"allow":["GET"]}}],"collection":[{"href":"https:\/\/kuriercodziennychicago.com\/index.php\/wp-json\/wp\/v2\/posts"}],"about":[{"href":"https:\/\/kuriercodziennychicago.com\/index.php\/wp-json\/wp\/v2\/types\/post"}],"author":[{"embeddable":true,"href":"https:\/\/kuriercodziennychicago.com\/index.php\/wp-json\/wp\/v2\/users\/1"}],"replies":[{"embeddable":true,"href":"https:\/\/kuriercodziennychicago.com\/index.php\/wp-json\/wp\/v2\/comments?post=4657"}],"version-history":[{"count":1,"href":"https:\/\/kuriercodziennychicago.com\/index.php\/wp-json\/wp\/v2\/posts\/4657\/revisions"}],"predecessor-version":[{"id":4659,"href":"https:\/\/kuriercodziennychicago.com\/index.php\/wp-json\/wp\/v2\/posts\/4657\/revisions\/4659"}],"wp:featuredmedia":[{"embeddable":true,"href":"https:\/\/kuriercodziennychicago.com\/index.php\/wp-json\/wp\/v2\/media\/4658"}],"wp:attachment":[{"href":"https:\/\/kuriercodziennychicago.com\/index.php\/wp-json\/wp\/v2\/media?parent=4657"}],"wp:term":[{"taxonomy":"category","embeddable":true,"href":"https:\/\/kuriercodziennychicago.com\/index.php\/wp-json\/wp\/v2\/categories?post=4657"},{"taxonomy":"post_tag","embeddable":true,"href":"https:\/\/kuriercodziennychicago.com\/index.php\/wp-json\/wp\/v2\/tags?post=4657"}],"curies":[{"name":"wp","href":"https:\/\/api.w.org\/{rel}","templated":true}]}}