{"id":4696,"date":"2023-08-08T18:00:54","date_gmt":"2023-08-08T23:00:54","guid":{"rendered":"https:\/\/kuriercodziennychicago.com\/?p=4696"},"modified":"2023-08-08T18:00:55","modified_gmt":"2023-08-08T23:00:55","slug":"morderca-janka-wisniewskiego","status":"publish","type":"post","link":"https:\/\/kuriercodziennychicago.com\/index.php\/2023\/08\/08\/morderca-janka-wisniewskiego\/","title":{"rendered":"Morderca \u201eJanka Wi\u015bniewskiego\u201d"},"content":{"rendered":"<div class=\"wp-block-image is-style-rounded\">\n<figure class=\"alignleft size-full is-resized\"><img decoding=\"async\" src=\"https:\/\/kuriercodziennychicago.com\/wp-content\/uploads\/2022\/05\/pluzanski-edited-e1674519825278.jpg\" alt=\"\" class=\"wp-image-93\" width=\"68\" height=\"67\"\/><\/figure>\n<\/div>\n\n\n<blockquote class=\"wp-block-quote is-layout-flow wp-block-quote-is-layout-flow\">\n<h3 class=\"wp-block-heading\">Tadeusz P\u0142u\u017ca\u0144ski<\/h3>\n<\/blockquote>\n\n\n\n<p>3 sierpnia 1952 r. w Zielonej G\u00f3rze urodzi\u0142 si\u0119 Zbigniew Godlewski, pracownik Stoczni Gdy\u0144skiej im. Komuny Paryskiej. Zastrzelony przez w\u0142adze komunistyczne 17 grudnia 1970 r. w Gdyni w czasie pacyfikacji robotniczych protest\u00f3w. Poch\u00f3d nios\u0105cy na drzwiach cia\u0142o 18-letniego Godlewskiego i pokrwawion\u0105 bia\u0142o-czerwon\u0105 flag\u0119, utrwalony na fotografii, sta\u0142 si\u0119 tragicznym symbolem Grudnia \u201970.<\/p>\n\n\n\n<p>Z drugiej strony mamy Stanis\u0142awa Kocio\u0142ka. To w\u0142a\u015bnie ten prominentny funkcjonariusz komunistyczny zatwierdzi\u0142 strzelanie do Polak\u00f3w. Historycy nie maj\u0105 co do tego w\u0105tpliwo\u015bci. Niestety, dla wymiaru sprawiedliwo\u015bci III RP Kocio\u0142ek pozosta\u0142 niewinny, ale to ju\u017c kwestia kondycji Temidy \u2013 prokurator\u00f3w i s\u0119dzi\u00f3w.<\/p>\n\n\n\n<p>Tekst piosenki o Zbigniewie Godlewskim (\u201eBallada o Janku Wi\u015bniewskim\u201d) autorstwa Krzysztofa Dowgia\u0142\u0142o brzmi jednoznacznie: \u201eKrwawy Kocio\u0142ek to kat Tr\u00f3jmiasta\/ Przez niego gin\u0105 dzieci, niewiasty\/ Poczekaj, draniu \u2013 my ci\u0119 dostaniem\/ Janek Wi\u015bniewski pad\u0142!\u201d. W gruncie rzeczy, gdyby rodzina Kocio\u0142ka czy jego czerwoni towarzysze chcieli, mogliby s\u0105downie zakaza\u0107 wykonywania tego utworu, uznaj\u0105c, \u017ce Kocio\u0142ek nie jest \u017cadnym katem, \u017ce niczego z\u0142ego nie zrobi\u0142. Doprowadzam spraw\u0119 do absurdu, ale w \u015bwietle prawa by\u0142oby to zapewne mo\u017cliwe, poniewa\u017c prawomocnie Kocio\u0142ek nie zosta\u0142 skazany. To ha\u0144ba s\u0119dziowskiej kasty. Po \u015bmierci w 2015 r. Kocio\u0142ek zosta\u0142 pochowany na Pow\u0105zkach Wojskowych w Warszawie, w kolumbarium tu\u017c przy Alei Zas\u0142u\u017conych. Tymczasem \u201ekat Tr\u00f3jmiasta\u201d nigdy nie powinien spocz\u0105\u0107 na tym szczeg\u00f3lnym polskim cmentarzu \u2013 nekropolii chwa\u0142y polskiego or\u0119\u017ca.<\/p>\n\n\n<div class=\"wp-block-image\">\n<figure class=\"alignleft size-full\"><img decoding=\"async\" width=\"292\" height=\"173\" src=\"https:\/\/kuriercodziennychicago.com\/wp-content\/uploads\/2023\/08\/Untitled-3.jpg\" alt=\"\" class=\"wp-image-4697\"\/><\/figure>\n<\/div>\n\n\n<p>Przypomnijmy, kim jest Stanis\u0142aw Kocio\u0142ek. Urodzi\u0142 si\u0119 3 maja 1933 r. w Warszawie. W Polsce \u201eludowej\u201d piastowa\u0142 wysokie funkcje partyjne. By\u0142 I sekretarzem warszawskiego PZPR-u, I sekretarzem Komitetu Wojew\u00f3dzkiego PZPR w Gda\u0144sku. W ko\u0144cu wicepremierem, p\u00f3\u017aniej ambasadorem w r\u00f3\u017cnych krajach \u2013 mniej lub bardziej egzotycznych. Najwa\u017cniejsz\u0105 chyba funkcj\u0119 ambasadorsk\u0105 pe\u0142ni\u0142 w Zwi\u0105zku Sowieckim. Dlaczego Kocio\u0142ek zatwierdzi\u0142 strzelanie do robotnik\u00f3w w grudniu 1970 r.? Chyba najkr\u00f3cej okre\u015bli\u0107 to mo\u017cna tak: reprezentowa\u0142 w PZPR \u201efrakcj\u0119 betonow\u0105\u201d, kt\u00f3ra d\u0105\u017cy\u0142a do krwawej rozprawy z Solidarno\u015bci\u0105.<\/p>\n\n\n\n<p>Byli\u015bmy, jako Fundacja \u201e\u0141\u0105czka\u201d, na pogrzebie Kocio\u0142ka 7 pa\u017adziernika 2015 r. Przeszli\u015bmy od domu pogrzebowego do kolumbarium w cichym marszu, trzymaj\u0105c zdj\u0119cia ofiar grudnia 1970 r. A\u017c do rozpocz\u0119cia pogrzebu mieli\u015bmy jednak nadziej\u0119, \u017ce \u201ekat Tr\u00f3jmiasta\u201d nie spocznie na Pow\u0105zkach Wojskowych, tylko na cmentarzu komunalnym. \u017be nasze i innych apele przynios\u0105 rezultat. Jednak zaledwie miesi\u0105c wcze\u015bniej na tym samym cmentarzu protestowali\u015bmy przeciwko poch\u00f3wkowi Jana Ptasi\u0144skiego \u2013 wiceministra bezpiecze\u0144stwa publicznego jeszcze w czasach stalinowskich. W obu przypadkach \u2013 wobec bezradno\u015bci decydent\u00f3w \u2013 pokazali\u015bmy, \u017ce pami\u0119tamy o zbrodniach komunizmu i konkretnych osobach za to odpowiedzialnych. Co nam pozosta\u0142o, skoro Kocio\u0142ek, Ptasi\u0144ski i wielu innych komunistycznych oprawc\u00f3w do dzi\u015b spoczywa na Pow\u0105zkach.<\/p>\n","protected":false},"excerpt":{"rendered":"<p>Tadeusz P\u0142u\u017ca\u0144ski 3 sierpnia 1952 r. w Zielonej G\u00f3rze urodzi\u0142 si\u0119 Zbigniew Godlewski, pracownik Stoczni Gdy\u0144skiej im. Komuny<\/p>\n","protected":false},"author":1,"featured_media":4697,"comment_status":"closed","ping_status":"closed","sticky":false,"template":"","format":"standard","meta":{"footnotes":""},"categories":[4,9],"tags":[],"class_list":["post-4696","post","type-post","status-publish","format-standard","has-post-thumbnail","hentry","category-publicystyka","category-start"],"_links":{"self":[{"href":"https:\/\/kuriercodziennychicago.com\/index.php\/wp-json\/wp\/v2\/posts\/4696","targetHints":{"allow":["GET"]}}],"collection":[{"href":"https:\/\/kuriercodziennychicago.com\/index.php\/wp-json\/wp\/v2\/posts"}],"about":[{"href":"https:\/\/kuriercodziennychicago.com\/index.php\/wp-json\/wp\/v2\/types\/post"}],"author":[{"embeddable":true,"href":"https:\/\/kuriercodziennychicago.com\/index.php\/wp-json\/wp\/v2\/users\/1"}],"replies":[{"embeddable":true,"href":"https:\/\/kuriercodziennychicago.com\/index.php\/wp-json\/wp\/v2\/comments?post=4696"}],"version-history":[{"count":1,"href":"https:\/\/kuriercodziennychicago.com\/index.php\/wp-json\/wp\/v2\/posts\/4696\/revisions"}],"predecessor-version":[{"id":4698,"href":"https:\/\/kuriercodziennychicago.com\/index.php\/wp-json\/wp\/v2\/posts\/4696\/revisions\/4698"}],"wp:featuredmedia":[{"embeddable":true,"href":"https:\/\/kuriercodziennychicago.com\/index.php\/wp-json\/wp\/v2\/media\/4697"}],"wp:attachment":[{"href":"https:\/\/kuriercodziennychicago.com\/index.php\/wp-json\/wp\/v2\/media?parent=4696"}],"wp:term":[{"taxonomy":"category","embeddable":true,"href":"https:\/\/kuriercodziennychicago.com\/index.php\/wp-json\/wp\/v2\/categories?post=4696"},{"taxonomy":"post_tag","embeddable":true,"href":"https:\/\/kuriercodziennychicago.com\/index.php\/wp-json\/wp\/v2\/tags?post=4696"}],"curies":[{"name":"wp","href":"https:\/\/api.w.org\/{rel}","templated":true}]}}