{"id":4726,"date":"2023-08-08T18:21:42","date_gmt":"2023-08-08T23:21:42","guid":{"rendered":"https:\/\/kuriercodziennychicago.com\/?p=4726"},"modified":"2023-08-08T18:21:42","modified_gmt":"2023-08-08T23:21:42","slug":"polska-nie-bedzie-smietnikiem-niemiec","status":"publish","type":"post","link":"https:\/\/kuriercodziennychicago.com\/index.php\/2023\/08\/08\/polska-nie-bedzie-smietnikiem-niemiec\/","title":{"rendered":"Polska nie b\u0119dzie \u015bmietnikiem Niemiec"},"content":{"rendered":"<div class=\"wp-block-image is-style-rounded\">\n<figure class=\"alignleft size-full is-resized\"><img decoding=\"async\" src=\"https:\/\/kuriercodziennychicago.com\/wp-content\/uploads\/2022\/05\/Tomasz-Teluk-e1674526892729.jpg\" alt=\"\" class=\"wp-image-43\" width=\"58\" height=\"61\"\/><\/figure>\n<\/div>\n\n\n<blockquote class=\"wp-block-quote is-layout-flow wp-block-quote-is-layout-flow\">\n<h3 class=\"wp-block-heading\">Tomasz Teluk<\/h3>\n\n\n\n<p><strong><em>Autor jest za\u0142o\u017cycielem i\u00a0dyrektorem Instytutu Globalizacji (www.globalizacja.org)<\/em><\/strong><\/p>\n<\/blockquote>\n\n\n\n<p>Rz\u0105d sprzeciwia si\u0119 wizji naszego kraju jako wysypiska \u015bmieci dla naszego zachodniego s\u0105siada. Warszawa zaskar\u017cy\u0142a w&nbsp;tej sprawie Berlin do Komisji Europejskiej. Prawdopodobnie sko\u0144czy si\u0119 to post\u0119powaniem przed Trybuna\u0142em Sprawiedliwo\u015bci Unii Europejskiej. Skarga dotyczy odpad\u00f3w nielegalnie przywiezionych i&nbsp;nieodebranych przez w\u0142a\u015bcicieli.<\/p>\n\n\n\n<p>Post\u0119powanie ma zwi\u0105zek z&nbsp;35&nbsp;tys. ton odpad\u00f3w, kt\u00f3re zosta\u0142y zgromadzone na siedmiu sk\u0142adowiskach. Najwi\u0119cej z&nbsp;nich przywieziono na prze\u0142omie 2015&nbsp;i&nbsp;2016&nbsp;r., gdy\u017c pozwala\u0142y na to przepisy stworzone przez rz\u0105d PO-PSL. Dotychczas nasz kraj interweniowa\u0142 wielokrotnie w&nbsp;tej sprawie na wszystkich poziomach w\u0142adzy, \u0142\u0105cznie z&nbsp;federalnym. Bezskutecznie.<\/p>\n\n\n\n<h2 class=\"wp-block-heading\">Polski podatnik p\u0142aci za niemieckie \u015bmieci<\/h2>\n\n\n\n<p>Dlatego teraz pozosta\u0142 nam jedynie wniosek do KE, a&nbsp;potem do TSUE. Post\u0119powanie odbywa si\u0119 na podstawie art. 259&nbsp;Traktatu o&nbsp;funkcjonowaniu Unii Europejskiej. Komisja ma trzy miesi\u0105ce na analiz\u0119 skargi i&nbsp;wydanie uzasadnionej opinii. Wniosek do TSUE jest dopiero kolejn\u0105 mo\u017cliwo\u015bci\u0105 w&nbsp;przypadku braku reakcji zainteresowanej strony. Wed\u0142ug rz\u0105du dosz\u0142o do powa\u017cnego naruszenia prawa europejskiego.&nbsp;<\/p>\n\n\n<div class=\"wp-block-image\">\n<figure class=\"aligncenter size-full\"><img decoding=\"async\" width=\"303\" height=\"166\" src=\"https:\/\/kuriercodziennychicago.com\/wp-content\/uploads\/2023\/08\/Untitled-5.jpg\" alt=\"\" class=\"wp-image-4727\" srcset=\"https:\/\/kuriercodziennychicago.com\/wp-content\/uploads\/2023\/08\/Untitled-5.jpg 303w, https:\/\/kuriercodziennychicago.com\/wp-content\/uploads\/2023\/08\/Untitled-5-300x164.jpg 300w\" sizes=\"(max-width: 303px) 100vw, 303px\" \/><\/figure>\n<\/div>\n\n\n<p>Furtka dla niemieckich \u015bmieci jest pok\u0142osiem rz\u0105d\u00f3w Platformy Obywatelskiej. Wskutek uchwalenia bardzo liberalnych przepis\u00f3w umo\u017cliwiono bezkarny import odpad\u00f3w, cz\u0119sto szkodliwych dla \u015brodowiska naturalnego. \u0141\u0105cznie sprowadzono a\u017c 6&nbsp;mln ton odpad\u00f3w z&nbsp;ca\u0142ego \u015bwiata: nie tylko z&nbsp;Niemiec czy W\u0142och, lecz tak\u017ce z&nbsp;Ghany i&nbsp;Wenezueli. Niemieckie \u015bmieci zalegaj\u0105 na siedmiu sk\u0142adowiskach. Wed\u0142ug Ministerstwa Klimatu i&nbsp;\u015arodowiska w&nbsp;Tuplicach zalega a\u017c 20&nbsp;tys. ton takich odpad\u00f3w, w&nbsp;Sarbii \u2013 8,7&nbsp;tys. ton, w&nbsp;Sobolewie 3,4&nbsp;tys. ton, w&nbsp;Gliwicach 1,3&nbsp;tys. ton, w&nbsp;Starym Jaworze 1,16&nbsp;tys. ton, a&nbsp;w&nbsp;Babinie 450&nbsp;ton. &nbsp;<\/p>\n\n\n\n<p>Rz\u0105d Prawa i&nbsp;Sprawiedliwo\u015bci po doj\u015bciu do w\u0142adzy zmieni\u0142 przepisy. Znowelizowano Kodeks karny, podniesiono kary za tego typu przest\u0119pstwa. Wprowadzono tak\u017ce system elektronicznego nadzoru transportu (SENT). Wkr\u00f3tce monitoring odpad\u00f3w obejmie ca\u0142\u0105 Polsk\u0119. Skarg\u0119 do KE i&nbsp;TSUE zapowiadano ju\u017c w&nbsp;maju. Rz\u0105dz\u0105cy wskazuj\u0105 na hipokryzj\u0119 Niemc\u00f3w. Z&nbsp;jednej strony w&nbsp;rz\u0105dzie zasiadaj\u0105 Zieloni, kt\u00f3rzy szczyc\u0105 si\u0119 radykalnym podej\u015bciem do spraw ochrony \u015brodowiska. Domagaj\u0105 si\u0119 zamykania elektrowni j\u0105drowych, kopalni w\u0119gla kamiennego i&nbsp;walki ze zmianami klimatu w&nbsp;ramach programu Fit for 55. Z&nbsp;drugiej za\u015b przymykaj\u0105 oko na wyw\u00f3z toksycznych odpad\u00f3w za granic\u0119.&nbsp;<\/p>\n\n\n\n<p>W&nbsp;odpowiedzi, kt\u00f3rej udzieli\u0142 rz\u0105d Niemiec, Berlin przekonuje, \u017ce problem \u015bmieci nie jest zagadnieniem federalnym, lecz le\u017cy w&nbsp;gestii kraj\u00f3w zwi\u0105zkowych. Tamtejsze ministerstwo \u015brodowiska napisa\u0142o kuriozaln\u0105 odpowied\u017a, \u017ce \u201eanga\u017cuje si\u0119 w&nbsp;te kwestie w&nbsp;spos\u00f3b nieformalny\u201d. Stwierdzi\u0142o te\u017c, \u017ce landy s\u0105 zaanga\u017cowane w&nbsp;procedury zwrotu nielegalnie wywiezionych odpad\u00f3w. Wed\u0142ug strony niemieckiej wszystko jest wi\u0119c w&nbsp;najlepszym porz\u0105dku.&nbsp;<\/p>\n\n\n\n<h2 class=\"wp-block-heading\">Stare \u015bmieci, nowy problem<\/h2>\n\n\n\n<p>Policja zatrzymuje tiry i&nbsp;naczepy z&nbsp;nielegalnymi odpadami ju\u017c od lat. W&nbsp;2017&nbsp;r. na autostradzie A4 funkcjonariusze zatrzymali ci\u0105gnik z&nbsp;naczep\u0105, z&nbsp;kt\u00f3rej ciek\u0142a toksyczna substancja. Okaza\u0142o si\u0119, \u017ce kierowca przewozi\u0142 odpady bez koniecznych zezwole\u0144. Zamiast tworzyw sztucznych i&nbsp;gumy w&nbsp;transporcie by\u0142y odpady komunalne. Pojazd i&nbsp;kierowc\u0119 zatrzymano. W\u0142a\u015bcicielowi grozi\u0142a kara jedynie 10&nbsp;tys. z\u0142.&nbsp;<\/p>\n\n\n\n<p>W&nbsp;Gliwicach od lat znajduje si\u0119 ekologiczna bomba przy ul. Cmentarnej. Na terenie nieczynnej stacji paliw jest nielegalne sk\u0142adowisko. W&nbsp;2018&nbsp;r. porzucono tu a\u017c 46&nbsp;ton \u015bmieci z&nbsp;Niemiec i&nbsp;W\u0142och. G\u0142\u00f3wny Inspektorat Ochrony \u015arodowiska zarz\u0105dzi\u0142, aby odpady wr\u00f3ci\u0142y tam, sk\u0105d przyby\u0142y. Nikt jednak nie spe\u0142ni\u0142 tego wymogu. W\u0142osi i&nbsp;Niemcy uznali, \u017ce wszystkie procedury zosta\u0142y dochowane.&nbsp;<\/p>\n\n\n\n<p>Rok p\u00f3\u017anej GIO\u015a wszcz\u0105\u0142 post\u0119powanie wobec polskiego odbiorcy odpad\u00f3w. By\u0142a to sp\u00f3\u0142ka GUM Recykling zarejestrowana w&nbsp;\u017borach. W&nbsp;spraw\u0119 w\u0142\u0105czy\u0142 si\u0119 samorz\u0105d. Stwierdzono brak odpowiednich oznacze\u0144. Niemcy w&nbsp;og\u00f3le odm\u00f3wili wyja\u015bnie\u0144 w&nbsp;przedmiotowej sprawie.&nbsp;<\/p>\n\n\n\n<p>Prokuratura Okr\u0119gowa w&nbsp;Gliwicach postawi\u0142a w&nbsp;stan oskar\u017cenia trzy osoby, kt\u00f3re by\u0142y zwi\u0105zane z&nbsp;nielegalnym transgranicznym sprowadzaniem odpad\u00f3w komunalnych bez odpowiedniej dokumentacji. Wed\u0142ug skar\u017c\u0105cych narazili oni na szwank \u015brodowisko naturalne, jako\u015b\u0107 wody, ziemi, powietrza, fauny i&nbsp;flory. Oskar\u017ceni sprowadzali \u015bmieci z&nbsp;Niemiec, W\u0142och i&nbsp;Wielkiej Brytanii. Trafia\u0142y one do dw\u00f3ch firm w&nbsp;\u017borach. Nie by\u0142y poddane recyklingowi, na sk\u0142adowiskach za\u015b wybucha\u0142y toksyczne po\u017cary. Jako ich przyczyn\u0119 wskazywano podpalenie.&nbsp;<\/p>\n\n\n\n<p>W&nbsp;Polsce istnieje kilkaset nielegalnych sk\u0142adowisk \u015bmieci, na kt\u00f3rych zalegaj\u0105 toksyczne odpady zagra\u017caj\u0105ce zdrowiu ludzi i&nbsp;\u015brodowisku naturalnemu. Mafie \u015bmieciowe, korzystaj\u0105c z&nbsp;liberalnych przepis\u00f3w, sprowadza\u0142y na pot\u0119g\u0119 szkodliwe odpady, z&nbsp;kt\u00f3rymi nikt nie chcia\u0142 mie\u0107 nic do czynienia. Poniewa\u017c utylizacja takich odpad\u00f3w jest horrendalnie droga, naj\u0142atwiej by\u0142o je podpali\u0107. W\u00f3wczas problem znika\u0142, a&nbsp;wszystkim zajmowa\u0142a si\u0119 stra\u017c po\u017carna.&nbsp;<\/p>\n\n\n\n<p>Dzikie sk\u0142adowiska znajduj\u0105 si\u0119 w&nbsp;co najmniej 500&nbsp;lokalizacjach, w&nbsp;Cz\u0119stochowie, wielu miejscach pod Warszaw\u0105, Chabielicach, Rogowcu, Tarnowskich G\u00f3rach, Kutnie, Zgierzu i&nbsp;wielu innych. Rekultywacja takich miejsc to koszt kilku, kilkudziesi\u0119ciu milion\u00f3w z\u0142otych w&nbsp;ka\u017cdym przypadku. Nielegalnie sk\u0142adowane s\u0105 przewa\u017cnie rozpuszczalniki, kwasy, smary, \u017cywice, szlamy, kleje, farby i&nbsp;lakiery.&nbsp;<\/p>\n\n\n\n<p>Advertisement<\/p>\n\n\n\n<h2 class=\"wp-block-heading\">Europejski problem&nbsp;<\/h2>\n\n\n\n<p>Przez wiele lat Europejczycy starali si\u0119 radzi\u0107 sobie z&nbsp;problemem \u015bmieciowym, eksportuj\u0105c odpady za granic\u0119. W&nbsp;ten spos\u00f3b pozbywano si\u0119 nawet po\u0142owy \u015bmieci. Kilka lat temu importu tego typu \u0142adunk\u00f3w zakaza\u0142y Chiny. Ww\u00f3z odpad\u00f3w ograniczy\u0142y: Malezja, Tajlandia, Filipiny, Indonezja, Indie i&nbsp;Wietnam. Azja nie chcia\u0142a by\u0107 \u015bmietnikiem \u015bwiata.&nbsp;<\/p>\n\n\n\n<p>Dlatego UE zosta\u0142a ze \u015bmierdz\u0105cym problemem. Polska sama w&nbsp;sobie nie mo\u017ce zakaza\u0107 wwozu odpad\u00f3w z&nbsp;tzw. listy zielonej (np. z\u0142om, papier, st\u0142uczka szklana). Musia\u0142yby zmieni\u0107 si\u0119 przepisy na poziomie europejskim. Mo\u017cemy natomiast blokowa\u0107 odpady toksyczne. W&nbsp;2018&nbsp;r. zosta\u0142 wprowadzony zakaz importu odpad\u00f3w komunalnych. Wed\u0142ug danych GIO\u015a w&nbsp;zesz\u0142ym roku wyeksportowali\u015bmy 350&nbsp;tys. ton odpad\u00f3w, a&nbsp;importowali\u015bmy 300&nbsp;tys. ton. Kontrastuje to z&nbsp;poprzednimi latami, gdy masowo p\u0142yn\u0119\u0142y do nas odpady zza naszej zachodniej granicy. Import sta\u0142 si\u0119 coraz mniej op\u0142acalny, w&nbsp;szczeg\u00f3lno\u015bci odpad\u00f3w zmieszanych, kt\u00f3re nale\u017ca\u0142oby neutralizowa\u0107 w&nbsp;spalarniach, kt\u00f3rych nie posiadamy. W&nbsp;szczytowym okresie trafia\u0142o do nas ponad 434&nbsp;tys. ton \u015bmieci rocznie. Teraz tendencja jest spadkowa, importujemy ponad 100&nbsp;tys. ton \u015bmieci mniej i&nbsp;tylko tych, kt\u00f3re \u0142atwo potem przerobi\u0107.&nbsp;<\/p>\n\n\n\n<p>Krajem, kt\u00f3ry bardzo cierpi z&nbsp;powodu z\u0142ej gospodarki \u015bmieciowej, s\u0105 W\u0142ochy. Tam od dekad gigantyczne zlecenia publiczne zwi\u0105zane z&nbsp;odpadami przejmuje mafia. W&nbsp;\u015bmieciowym biznesie aktywnych jest nawet kilkaset grup przest\u0119pczych. Najwi\u0119ksze organizacje mafijne zakopa\u0142y w&nbsp;\u017cyznych ziemiach Kampanii czy Kalabrii setki ton odpad\u00f3w, powoduj\u0105c nieodwracalne szkody dla \u015brodowiska, niszcz\u0105c tereny uprawne i&nbsp;turystyczne. Rynek szacowany jest na kilkadziesi\u0105t miliard\u00f3w dolar\u00f3w rocznie. Okazuje si\u0119, \u017ce mafijne \u015bmieci mog\u0142y tak\u017ce trafia\u0107 do naszego kraju. Dziennikarze dotarli do zezna\u0144 skruszonego mafiosa Nunzia Perrelli, kt\u00f3ry potwierdzi\u0142 ten proceder. W\u0142oskie \u015bmieci p\u0142on\u0119\u0142y potem na polskich sk\u0142adowiskach. Jak ujawni\u0142 w&nbsp;2020&nbsp;r. w\u0142oski oddzia\u0142 Greenpeace\u2019u, tak\u017ce do Gliwic trafi\u0142y sprasowane pakiety plastiku. Mia\u0142y sfa\u0142szowane dokumenty, a&nbsp;ich nadawc\u0105 by\u0142y firmy zwi\u0105zane z&nbsp;neapolita\u0144sk\u0105 kamorr\u0105.&nbsp;<\/p>\n","protected":false},"excerpt":{"rendered":"<p>Tomasz Teluk Autor jest za\u0142o\u017cycielem i\u00a0dyrektorem Instytutu Globalizacji (www.globalizacja.org) Rz\u0105d sprzeciwia si\u0119 wizji naszego kraju jako wysypiska \u015bmieci<\/p>\n","protected":false},"author":1,"featured_media":4727,"comment_status":"closed","ping_status":"closed","sticky":false,"template":"","format":"standard","meta":{"footnotes":""},"categories":[2,9],"tags":[],"class_list":["post-4726","post","type-post","status-publish","format-standard","has-post-thumbnail","hentry","category-polityka","category-start"],"_links":{"self":[{"href":"https:\/\/kuriercodziennychicago.com\/index.php\/wp-json\/wp\/v2\/posts\/4726","targetHints":{"allow":["GET"]}}],"collection":[{"href":"https:\/\/kuriercodziennychicago.com\/index.php\/wp-json\/wp\/v2\/posts"}],"about":[{"href":"https:\/\/kuriercodziennychicago.com\/index.php\/wp-json\/wp\/v2\/types\/post"}],"author":[{"embeddable":true,"href":"https:\/\/kuriercodziennychicago.com\/index.php\/wp-json\/wp\/v2\/users\/1"}],"replies":[{"embeddable":true,"href":"https:\/\/kuriercodziennychicago.com\/index.php\/wp-json\/wp\/v2\/comments?post=4726"}],"version-history":[{"count":1,"href":"https:\/\/kuriercodziennychicago.com\/index.php\/wp-json\/wp\/v2\/posts\/4726\/revisions"}],"predecessor-version":[{"id":4728,"href":"https:\/\/kuriercodziennychicago.com\/index.php\/wp-json\/wp\/v2\/posts\/4726\/revisions\/4728"}],"wp:featuredmedia":[{"embeddable":true,"href":"https:\/\/kuriercodziennychicago.com\/index.php\/wp-json\/wp\/v2\/media\/4727"}],"wp:attachment":[{"href":"https:\/\/kuriercodziennychicago.com\/index.php\/wp-json\/wp\/v2\/media?parent=4726"}],"wp:term":[{"taxonomy":"category","embeddable":true,"href":"https:\/\/kuriercodziennychicago.com\/index.php\/wp-json\/wp\/v2\/categories?post=4726"},{"taxonomy":"post_tag","embeddable":true,"href":"https:\/\/kuriercodziennychicago.com\/index.php\/wp-json\/wp\/v2\/tags?post=4726"}],"curies":[{"name":"wp","href":"https:\/\/api.w.org\/{rel}","templated":true}]}}