{"id":4744,"date":"2023-08-13T18:05:42","date_gmt":"2023-08-13T23:05:42","guid":{"rendered":"https:\/\/kuriercodziennychicago.com\/?p=4744"},"modified":"2023-08-13T18:05:42","modified_gmt":"2023-08-13T23:05:42","slug":"sw-klara-juz-za-zycia-dokonywala-cudow","status":"publish","type":"post","link":"https:\/\/kuriercodziennychicago.com\/index.php\/2023\/08\/13\/sw-klara-juz-za-zycia-dokonywala-cudow\/","title":{"rendered":"\u015aw. Klara. Ju\u017c za \u017cycia dokonywa\u0142a cud\u00f3w"},"content":{"rendered":"\n<p><strong>\u201eNapominam i zach\u0119cam w Panu Jezusie Chrystusie wszystkie moje siostry, obecne i przysz\u0142e, aby zawsze stara\u0142y si\u0119 i\u015b\u0107 drog\u0105 \u015bwi\u0119tej prostoty, pokory i ub\u00f3stwa i prowadzi\u0107 \u017cycie \u015bwi\u0119te\u201d \u2013 pisa\u0142a do wsp\u00f3\u0142si\u00f3str z za\u0142o\u017conego przez siebie zakonu klarysek w swym testamencie \u015bw. Klara z Asy\u017cu.<\/strong><\/p>\n\n\n\n<p>Klara wzrasta\u0142a w atmosferze mi\u0142o\u015bci i pobo\u017cno\u015bci. Gdy mia\u0142a 12 lat, w Asy\u017cu zacz\u0105\u0142 sw\u0105 dzia\u0142alno\u015b\u0107 Jan Bernardone, przysz\u0142y \u015bw. Franciszek. Z czasem zacz\u0105\u0142 zdobywa\u0107 ludzi, kt\u00f3rzy po\u015bwi\u0119cali swe \u017cycie Bogu. Klara cz\u0119sto spotyka\u0142a si\u0119 z nim, by zrozumie\u0107 jego s\u0142owa. Rodzice, zamo\u017cni mieszczanie, daremnie dwa razy usi\u0142owali wyda\u0107 c\u00f3rk\u0119 za m\u0105\u017c. Klara poprosi\u0142a bowiem Franciszka, by zwr\u00f3ci\u0142 si\u0119 z pro\u015bb\u0105 do biskupa Asy\u017cu, aby mog\u0142a sta\u0107 si\u0119 siostr\u0105 Braci Mniejszych.<\/p>\n\n\n\n<p>W Niedziel\u0119 Palmow\u0105 28 marca 1212 r. z ca\u0142\u0105 rodzin\u0105 posz\u0142a do pobliskiego ko\u015bcio\u0142a. Po po\u015bwi\u0119ceniu palm ka\u017cdy odbiera\u0142 palm\u0119 z r\u0105k biskupa. Biskup Gwidon podszed\u0142 jednak sam do Klary i wr\u0119czy\u0142 jej palm\u0119 &#8211; by\u0142 to um\u00f3wiony wcze\u015bniej znak zgody. Tej samej nocy dziewczyna wymkn\u0119\u0142a si\u0119 z domu, by odda\u0107 \u017cycie Chrystusowi. Z r\u0105k \u015bw. Franciszka otrzyma\u0142a zgrzebny habit i welon zakonny. Po pewnym czasie przy\u0142\u0105czy\u0142a si\u0119 do niej jej siostra, b\u0142. Agnieszka.<\/p>\n\n\n\n<figure class=\"wp-block-image size-full\"><img decoding=\"async\" width=\"925\" height=\"592\" src=\"https:\/\/kuriercodziennychicago.com\/wp-content\/uploads\/2023\/08\/sw-klara-jasniejaca-ubogim-jezusem.jpg\" alt=\"\" class=\"wp-image-4745\" srcset=\"https:\/\/kuriercodziennychicago.com\/wp-content\/uploads\/2023\/08\/sw-klara-jasniejaca-ubogim-jezusem.jpg 925w, https:\/\/kuriercodziennychicago.com\/wp-content\/uploads\/2023\/08\/sw-klara-jasniejaca-ubogim-jezusem-300x192.jpg 300w, https:\/\/kuriercodziennychicago.com\/wp-content\/uploads\/2023\/08\/sw-klara-jasniejaca-ubogim-jezusem-768x492.jpg 768w\" sizes=\"(max-width: 925px) 100vw, 925px\" \/><\/figure>\n\n\n\n<p>Klara odm\u00f3wi\u0142a powrotu do domu swoim krewnym, kt\u00f3rzy przyjechali, by j\u0105 do tego przekona\u0107. Franciszek wystawi\u0142 siostrom ma\u0142y klasztor przy ko\u015bci\u00f3\u0142ku \u015bw. Damiana. Pierwsz\u0105 jego ksieni\u0105 zosta\u0142a Klara. Franciszek bardzo cieszy\u0142 si\u0119 z powstania tej rodziny \u017ce\u0144skiej. Kiedy bowiem bracia byli zaj\u0119ci \u017cyciem apostolskim, siostry mia\u0142y dla nich stanowi\u0107 zaplecze pokuty i modlitwy. Zakon nosi\u0142 nazw\u0119 Pa\u0144 Ubogich, potem nazwano je II Zakonem, a popularnie klaryskami. W 1215 roku Innocenty III nada\u0142 zakonowi Klary &#8222;przywilej ub\u00f3stwa&#8221;. Siostry nie mog\u0142y posiada\u0107 \u017cadnej w\u0142asno\u015bci, a powinny utrzymywa\u0107 si\u0119 jedynie z pracy swoich r\u0105k. Odt\u0105d San Damiano sta\u0142o si\u0119 kolebk\u0105 nowego Zakonu. Wst\u0119powa\u0142y do niego g\u0142\u00f3wnie c\u00f3rki szlacheckie, pozostawiaj\u0105c wszystko i wybieraj\u0105c skrajne ub\u00f3stwo.<\/p>\n\n\n\n<p>Swoje \u017carliwe modlitwy Klara wspiera\u0142a surowym \u017cyciem, cz\u0119stymi postami i nocnymi czuwaniami. Dokonywa\u0142a ju\u017c za \u017cycia cud\u00f3w &#8211; cudownie rozmno\u017cy\u0142a chleb dla g\u0142odnych si\u00f3str, uzdrawia\u0142a je, wyjedna\u0142a im opiek\u0119 Jezusa. Pod koniec \u017cycia dozna\u0142a cudownej \u0142aski; kiedy bowiem nadesz\u0142a noc Narodzenia Pa\u0144skiego, os\u0142abiona i chora Klara pozosta\u0142a na swym pos\u0142aniu. Otrzyma\u0142a jednak \u0142ask\u0119 widzenia i s\u0142yszenia Pasterki, odprawianej w pobliskim ko\u015bciele z udzia\u0142em Franciszka i jego braci. Z tego te\u017c powodu \u015bw. Klara zosta\u0142a patronk\u0105 telewizji. Po \u015bmierci \u015bw. Franciszka ca\u0142y trud utrzymania zakonu spad\u0142 na jej barki.<\/p>\n\n\n\n<p>Klara w klasztorze \u015bw. Damiana \u017cy\u0142a przez 42 lata. Wyczerpuj\u0105ce posty, umartwienia i czuwania spowodowa\u0142y, \u017ce 11 sierpnia 1253 r. umar\u0142a. Nast\u0119pnego dnia odby\u0142 si\u0119 jej uroczysty pogrzeb, kt\u00f3remu przewodniczy\u0142 papie\u017c Innocenty IV. Jej cia\u0142o z\u0142o\u017cono w grobie, w kt\u00f3rym przedtem spoczywa\u0142o cia\u0142o \u015bw. Franciszka. Ju\u017c dwa lata p\u00f3\u017aniej Aleksander IV, po zebraniu koniecznych materia\u0142\u00f3w kanonizacyjnych, og\u0142osi\u0142 j\u0105 \u015bwi\u0119t\u0105. Papie\u017c dokona\u0142 jej uroczystej kanonizacji w Anagni w 1255 roku.<\/p>\n\n\n\n<p><em>brewiarz.pl<\/em><\/p>\n","protected":false},"excerpt":{"rendered":"<p>\u201eNapominam i zach\u0119cam w Panu Jezusie Chrystusie wszystkie moje siostry, obecne i przysz\u0142e, aby zawsze stara\u0142y si\u0119 i\u015b\u0107<\/p>\n","protected":false},"author":1,"featured_media":4745,"comment_status":"closed","ping_status":"closed","sticky":false,"template":"","format":"standard","meta":{"footnotes":""},"categories":[3,9],"tags":[],"class_list":["post-4744","post","type-post","status-publish","format-standard","has-post-thumbnail","hentry","category-religia","category-start"],"_links":{"self":[{"href":"https:\/\/kuriercodziennychicago.com\/index.php\/wp-json\/wp\/v2\/posts\/4744","targetHints":{"allow":["GET"]}}],"collection":[{"href":"https:\/\/kuriercodziennychicago.com\/index.php\/wp-json\/wp\/v2\/posts"}],"about":[{"href":"https:\/\/kuriercodziennychicago.com\/index.php\/wp-json\/wp\/v2\/types\/post"}],"author":[{"embeddable":true,"href":"https:\/\/kuriercodziennychicago.com\/index.php\/wp-json\/wp\/v2\/users\/1"}],"replies":[{"embeddable":true,"href":"https:\/\/kuriercodziennychicago.com\/index.php\/wp-json\/wp\/v2\/comments?post=4744"}],"version-history":[{"count":1,"href":"https:\/\/kuriercodziennychicago.com\/index.php\/wp-json\/wp\/v2\/posts\/4744\/revisions"}],"predecessor-version":[{"id":4746,"href":"https:\/\/kuriercodziennychicago.com\/index.php\/wp-json\/wp\/v2\/posts\/4744\/revisions\/4746"}],"wp:featuredmedia":[{"embeddable":true,"href":"https:\/\/kuriercodziennychicago.com\/index.php\/wp-json\/wp\/v2\/media\/4745"}],"wp:attachment":[{"href":"https:\/\/kuriercodziennychicago.com\/index.php\/wp-json\/wp\/v2\/media?parent=4744"}],"wp:term":[{"taxonomy":"category","embeddable":true,"href":"https:\/\/kuriercodziennychicago.com\/index.php\/wp-json\/wp\/v2\/categories?post=4744"},{"taxonomy":"post_tag","embeddable":true,"href":"https:\/\/kuriercodziennychicago.com\/index.php\/wp-json\/wp\/v2\/tags?post=4744"}],"curies":[{"name":"wp","href":"https:\/\/api.w.org\/{rel}","templated":true}]}}