{"id":4822,"date":"2023-08-21T18:34:14","date_gmt":"2023-08-21T23:34:14","guid":{"rendered":"https:\/\/kuriercodziennychicago.com\/?p=4822"},"modified":"2023-08-21T18:34:15","modified_gmt":"2023-08-21T23:34:15","slug":"14-emerytura-w-tym-roku-wyniesie-az-22-tys-zl-netto","status":"publish","type":"post","link":"https:\/\/kuriercodziennychicago.com\/index.php\/2023\/08\/21\/14-emerytura-w-tym-roku-wyniesie-az-22-tys-zl-netto\/","title":{"rendered":"14. emerytura w tym roku wyniesie a\u017c 2,2 tys. z\u0142 netto"},"content":{"rendered":"<div class=\"wp-block-image is-style-rounded\">\n<figure class=\"alignleft size-full is-resized\"><img decoding=\"async\" src=\"https:\/\/kuriercodziennychicago.com\/wp-content\/uploads\/2022\/09\/Zbigniew_Kuzmiuk-e1674519588646.jpg\" alt=\"\" class=\"wp-image-1480\" style=\"width:57px;height:60px\" width=\"57\" height=\"60\"\/><\/figure>\n<\/div>\n\n\n<blockquote class=\"wp-block-quote is-layout-flow wp-block-quote-is-layout-flow\">\n<h3 class=\"wp-block-heading\"><a href=\"https:\/\/wpolityce.pl\/autorzy\/274-zbigniew-kuzmiuk\">Zbigniew Ku\u017amiuk<\/a><\/h3>\n<\/blockquote>\n\n\n\n<p><strong>Wczoraj podczas do\u017cynek w&nbsp;Parady\u017cu, organizowanych przez samorz\u0105d wojew\u00f3dztwa \u0142\u00f3dzkiego, wicepremier Jaros\u0142aw Kaczy\u0144ski poinformowa\u0142, \u017ce&nbsp;w&nbsp;tym roku 14. emerytura wyniesie a\u017c&nbsp;2,2&nbsp;tys. z\u0142&nbsp;netto, b\u0119dzie wi\u0119c o&nbsp;ponad 750 z\u0142&nbsp;wy\u017csza od&nbsp;tej kt\u00f3r\u0105 planowano wyp\u0142aca\u0107 w&nbsp;tym&nbsp;roku.<\/strong><\/p>\n\n\n\n<p>Jak wyja\u015bni\u0142 wicepremier Kaczy\u0144ski, chodzi o&nbsp;to&nbsp;aby emerytom w&nbsp;pe\u0142ni wyr\u00f3wna\u0107 konsekwencje podwy\u017cszonej inflacji w&nbsp;poprzednim i&nbsp;tym roku i&nbsp;tak w\u0142a\u015bnie si\u0119 stanie po&nbsp;tegorocznej waloryzacji \u015bwiadcze\u0144 emerytalnych wska\u017anikiem 14,8%, wyp\u0142at\u0105 13&nbsp;emerytury i&nbsp;podwy\u017cszonej 14. emerytury, a&nbsp;tak\u017ce przysz\u0142oroczn\u0105 wysok\u0105 marcow\u0105 waloryzacj\u0105 (wy\u017csz\u0105 ni\u017c tegoroczny \u015bredni wska\u017anik&nbsp;inflacji).<\/p>\n\n\n\n<p>Poniewa\u017c 14. emerytura jest wyp\u0142acana emerytom maj\u0105cym \u015bwiadczenia do&nbsp;2,9&nbsp;tys. z\u0142, a&nbsp;powy\u017cej tej kwoty wg&nbsp;zasady z\u0142ot\u00f3wka za&nbsp;z\u0142ot\u00f3wk\u0119, podwy\u017cszenie jej o&nbsp;750 z\u0142&nbsp;ponad emerytur\u0119 minimaln\u0105, ma&nbsp;pom\u00f3c mniej zamo\u017cnym&nbsp;emerytom.<\/p>\n\n\n\n<p>Przypomnijmy, \u017ce&nbsp;pod koniec lipca wesz\u0142a w&nbsp;\u017cycie ustawa o&nbsp;14. emeryturze, kt\u00f3ra od&nbsp;tej pory b\u0119dzie ju\u017c \u015bwiadczeniem sta\u0142ym, wyp\u0142acanym corocznie, podobnie jak obowi\u0105zuj\u0105ca od&nbsp;2019 roku 13.&nbsp;emerytura.<\/p>\n\n\n<div class=\"wp-block-image\">\n<figure class=\"aligncenter size-full\"><img decoding=\"async\" width=\"620\" height=\"312\" src=\"https:\/\/kuriercodziennychicago.com\/wp-content\/uploads\/2023\/08\/z30099000QJaroslaw-Kaczynski.jpg\" alt=\"\" class=\"wp-image-4823\" srcset=\"https:\/\/kuriercodziennychicago.com\/wp-content\/uploads\/2023\/08\/z30099000QJaroslaw-Kaczynski.jpg 620w, https:\/\/kuriercodziennychicago.com\/wp-content\/uploads\/2023\/08\/z30099000QJaroslaw-Kaczynski-300x151.jpg 300w\" sizes=\"(max-width: 620px) 100vw, 620px\" \/><\/figure>\n<\/div>\n\n\n<p>Poinformowali o&nbsp;tym wsp\u00f3lnie na&nbsp;konferencji prasowej w&nbsp;Domu Dziennym \u201eSenior Plus\u201d w&nbsp;Woli Karczewskiej w&nbsp;wojew\u00f3dztwie mazowieckim, prezydent Andrzej Duda i&nbsp;premier Mateusz Morawiecki, m\u00f3wi\u0105c wr\u0119cz \u201eo&nbsp;rewolucji godno\u015bciowej\u201d w&nbsp;stosunku do&nbsp;\u015brodowiska emeryckiego, przeprowadzanej od&nbsp;2016 roku przez rz\u0105d Zjednoczonej&nbsp;Prawicy.<\/p>\n\n\n\n<p>Emerytura to&nbsp;dodatkowe \u015bwiadczenie wyp\u0142acane w&nbsp;wysoko\u015bci przynajmniej minimalnej emerytury, a&nbsp;w&nbsp;pe\u0142nej wysoko\u015bci otrzymaj\u0105 j\u0105&nbsp;te&nbsp;osoby, kt\u00f3rych wysoko\u015b\u0107 comiesi\u0119cznego \u015bwiadczenia brutto, nie przekracza 2,9&nbsp;tys.&nbsp;z\u0142.<\/p>\n\n\n\n<p>Do&nbsp;os\u00f3b, kt\u00f3re otrzymuj\u0105 wy\u017csze \u015bwiadczenie \u201eczternastka\u201d, trafi pomniejszona na&nbsp;zasadzie \u201ez\u0142ot\u00f3wka za&nbsp;z\u0142ot\u00f3wk\u0119\u201d, przy czym emeryt nie musi sk\u0142ada\u0107 w&nbsp;tej sprawie \u017cadnych wniosk\u00f3w, ani&nbsp;deklaracji.<\/p>\n\n\n\n<p>W&nbsp;tegorocznym bud\u017cecie pa\u0144stwa s\u0105&nbsp;zabezpieczone \u015brodki na&nbsp;ten cel, a&nbsp;rz\u0105d zaplanowa\u0142, \u017ce&nbsp;po&nbsp;przygotowaniu odpowiedniego oprogramowania przez ZUS, \u015bwiadczenie to&nbsp;w&nbsp;2023 r., wp\u0142ynie na&nbsp;konta senior\u00f3w na&nbsp;prze\u0142omie sierpnia&nbsp;i&nbsp;wrze\u015bnia.<\/p>\n\n\n\n<p>Przypomnijmy tak\u017ce, \u017ce&nbsp;od&nbsp;1&nbsp;marca tego roku zosta\u0142a dokonana waloryzacja \u015bwiadcze\u0144 emerytalno-rentowych, polegaj\u0105ca na&nbsp;podwy\u017cce kwotowo-procentowej, przy czym najni\u017csze \u015bwiadczenie wynosi ju\u017c 1588,44&nbsp;z\u0142&nbsp;(w&nbsp;2015 roku wynosi\u0142o zaledwie 880&nbsp;z\u0142).<\/p>\n\n\n\n<p>Ostatecznie wska\u017anik waloryzacji rent i&nbsp;emerytur w&nbsp;2023 roku, zosta\u0142 okre\u015blony w&nbsp;wysoko\u015bci 14,8% (\u015brednia wysoko\u015b\u0107 inflacji og\u0142oszona przez GUS w&nbsp;2022 roku, wynios\u0142a 14,4%), a&nbsp;najni\u017csz\u0105 gwarantowan\u0105 podwy\u017ck\u0119 \u015bwiadczenia okre\u015blono w&nbsp;wysoko\u015bci 250 z\u0142&nbsp;(waloryzacja&nbsp;kwotowo-procentowa).<\/p>\n\n\n\n<p>Przy przyj\u0119ciu wska\u017anika waloryzacji w&nbsp;wysoko\u015bci 14,8% i&nbsp;najni\u017cszej kwoty waloryzacji w&nbsp;wysoko\u015bci 250 z\u0142, najni\u017csza emerytura od&nbsp;1&nbsp;marca wynosi 1588,44&nbsp;z\u0142&nbsp;brutto (cho\u0107 przy najni\u017cszych \u015bwiadczeniach, kwoty brutto s\u0105&nbsp;kwotami netto, ze&nbsp;wzgl\u0119du na&nbsp;podwy\u017cszenie kwoty wolnej od&nbsp;podatku PIT z&nbsp;3&nbsp;tys. z\u0142&nbsp;do&nbsp;30&nbsp;tys. z\u0142, co&nbsp;oznacza, \u017ce&nbsp;pobieraj\u0105cy \u015bwiadczenia do&nbsp;2,5&nbsp;tys. z\u0142&nbsp;brutto, nie p\u0142ac\u0105 w&nbsp;og\u00f3le podatku dochodowego, tylko sk\u0142adk\u0119&nbsp;zdrowotn\u0105).<\/p>\n\n\n\n<p>Na&nbsp;tak wysok\u0105 waloryzacj\u0119 emerytur i&nbsp;rent w&nbsp;bud\u017cecie na&nbsp;2023 rok, zabezpieczono kwot\u0119 w&nbsp;wysoko\u015bci a\u017c&nbsp;44&nbsp;mld z\u0142, dla por\u00f3wnania na&nbsp;ubieg\u0142oroczn\u0105 waloryzacj\u0119 emerytur i&nbsp;rent przeznaczono oko\u0142o 18,5&nbsp;mld&nbsp;z\u0142.<\/p>\n\n\n\n<p>Wyp\u0142acona zostanie tak\u017ce 13. emerytura, kt\u00f3ra jest ju\u017c sta\u0142ym \u015bwiadczeniem dodatkowym, a&nbsp;tak\u017ce wspomniana wy\u017cej 14.&nbsp;emerytura.<\/p>\n\n\n\n<h2 class=\"wp-block-heading\">70&nbsp;mld z\u0142&nbsp;dodatkowych \u015brodk\u00f3w&nbsp;finansowych<\/h2>\n\n\n\n<p>Sumarycznie wi\u0119c z&nbsp;obydwoma \u015bwiadczeniami dodatkowymi i&nbsp;przewidzianymi \u015brodkami na&nbsp;waloryzacj\u0119 emerytur i&nbsp;rent w&nbsp;2023 roku do&nbsp;\u015brodowiska emeryckiego, zostanie skierowane a\u017c&nbsp;ponad 70&nbsp;mld z\u0142&nbsp;dodatkowych \u015brodk\u00f3w finansowych (44&nbsp;mld z\u0142&nbsp;na&nbsp;waloryzacj\u0119 i&nbsp;ponad 26&nbsp;mld&nbsp;z\u0142&nbsp;na&nbsp;13&nbsp;i&nbsp;14&nbsp;emerytur\u0119).<\/p>\n\n\n\n<p>Z&nbsp;kolei \u015brodki przeznaczone na&nbsp;podwy\u017cki emerytur w&nbsp;ostatnim roku rz\u0105d\u00f3w PO-PSL czyli 2015 roku, wynios\u0142y tylko 3,6&nbsp;mld z\u0142&nbsp;(w&nbsp;poprzednich latach by\u0142y jeszcze ni\u017csze), a&nbsp;o&nbsp;13. czy 14. emeryturze za&nbsp;tamtych rz\u0105d\u00f3w, emeryci mogli tylko&nbsp;pomarzy\u0107.<\/p>\n\n\n\n<p>Podczas rz\u0105d\u00f3w Zjednoczonej Prawicy ju\u017c w&nbsp;roku 2021 do&nbsp;\u015brodowiska emeryckiego, zosta\u0142o skierowane dodatkowo 36&nbsp;mld z\u0142, a&nbsp;w&nbsp;2022 roku ju\u017c blisko 44&nbsp;mld z\u0142&nbsp;(kwoty przeznaczone na&nbsp;waloryzacj\u0119, a&nbsp;tak\u017ce na&nbsp;13., a&nbsp;tak\u017ce 14. podwy\u017cszon\u0105 emerytur\u0119), a&nbsp;w&nbsp;2023 roku jak ju\u017c wspomnia\u0142em a\u017c&nbsp;ponad 70&nbsp;mld&nbsp;z\u0142.<\/p>\n\n\n\n<p>By\u0142y to&nbsp;wi\u0119c dodatkowe \u015brodki odpowiednio 10-krotnie i&nbsp;14-krotnie i&nbsp;blisko 20-krotnie wy\u017csze ni\u017c te&nbsp;wyp\u0142acane emerytom w&nbsp;2015 roku i&nbsp;wszystko wskazuje na&nbsp;to, \u017ce&nbsp;gdyby Platforma nie daj Bo\u017ce, wr\u00f3ci\u0142a do&nbsp;w\u0142adzy po&nbsp;wyborach na&nbsp;jesieni tego roku, to&nbsp;dodatkowe \u015brodki kierowane do&nbsp;emeryt\u00f3w od&nbsp;2024 roku, wr\u00f3c\u0105 do&nbsp;poziomu zaledwie kilku miliard\u00f3w z\u0142otych&nbsp;rocznie.<\/p>\n\n\n\n<p>Po&nbsp;prostu w&nbsp;bud\u017cecie nie b\u0119dzie na&nbsp;to&nbsp;\u015brodk\u00f3w, poniewa\u017c wr\u00f3ci przyzwolenie na&nbsp;\u201eprywatyzacj\u0119 podatk\u00f3w\u201d, kt\u00f3re obowi\u0105zywa\u0142o podczas rz\u0105d\u00f3w PO-PSL i&nbsp;w&nbsp;zwi\u0105zku z&nbsp;czym wp\u0142ywy bud\u017cetowe podczas tamtych rz\u0105d\u00f3w, stanowi\u0142y nieca\u0142e 50% tych&nbsp;tegorocznych.<\/p>\n\n\n\n<p>W&nbsp;takiej sytuacji wr\u00f3c\u0105 waloryzacje emerytur rz\u0119du zaledwie kilku z\u0142otych, jak to&nbsp;by\u0142o w&nbsp;czasach rz\u0105d\u00f3w PO-PSL, a&nbsp;o&nbsp;13. i&nbsp;14. emeryturze emeryci b\u0119d\u0105 musieli zapomnie\u0107, bo&nbsp;po&nbsp;prostu zabraknie na&nbsp;nie \u015brodk\u00f3w&nbsp;w&nbsp;bud\u017cecie.<\/p>\n","protected":false},"excerpt":{"rendered":"<p>Zbigniew Ku\u017amiuk Wczoraj podczas do\u017cynek w&nbsp;Parady\u017cu, organizowanych przez samorz\u0105d wojew\u00f3dztwa \u0142\u00f3dzkiego, wicepremier Jaros\u0142aw Kaczy\u0144ski poinformowa\u0142, \u017ce&nbsp;w&nbsp;tym roku 14.<\/p>\n","protected":false},"author":1,"featured_media":4823,"comment_status":"closed","ping_status":"closed","sticky":false,"template":"","format":"standard","meta":{"footnotes":""},"categories":[2,9],"tags":[],"class_list":["post-4822","post","type-post","status-publish","format-standard","has-post-thumbnail","hentry","category-polityka","category-start"],"_links":{"self":[{"href":"https:\/\/kuriercodziennychicago.com\/index.php\/wp-json\/wp\/v2\/posts\/4822","targetHints":{"allow":["GET"]}}],"collection":[{"href":"https:\/\/kuriercodziennychicago.com\/index.php\/wp-json\/wp\/v2\/posts"}],"about":[{"href":"https:\/\/kuriercodziennychicago.com\/index.php\/wp-json\/wp\/v2\/types\/post"}],"author":[{"embeddable":true,"href":"https:\/\/kuriercodziennychicago.com\/index.php\/wp-json\/wp\/v2\/users\/1"}],"replies":[{"embeddable":true,"href":"https:\/\/kuriercodziennychicago.com\/index.php\/wp-json\/wp\/v2\/comments?post=4822"}],"version-history":[{"count":1,"href":"https:\/\/kuriercodziennychicago.com\/index.php\/wp-json\/wp\/v2\/posts\/4822\/revisions"}],"predecessor-version":[{"id":4824,"href":"https:\/\/kuriercodziennychicago.com\/index.php\/wp-json\/wp\/v2\/posts\/4822\/revisions\/4824"}],"wp:featuredmedia":[{"embeddable":true,"href":"https:\/\/kuriercodziennychicago.com\/index.php\/wp-json\/wp\/v2\/media\/4823"}],"wp:attachment":[{"href":"https:\/\/kuriercodziennychicago.com\/index.php\/wp-json\/wp\/v2\/media?parent=4822"}],"wp:term":[{"taxonomy":"category","embeddable":true,"href":"https:\/\/kuriercodziennychicago.com\/index.php\/wp-json\/wp\/v2\/categories?post=4822"},{"taxonomy":"post_tag","embeddable":true,"href":"https:\/\/kuriercodziennychicago.com\/index.php\/wp-json\/wp\/v2\/tags?post=4822"}],"curies":[{"name":"wp","href":"https:\/\/api.w.org\/{rel}","templated":true}]}}