{"id":4859,"date":"2023-10-01T18:49:02","date_gmt":"2023-10-01T23:49:02","guid":{"rendered":"https:\/\/kuriercodziennychicago.com\/?p=4859"},"modified":"2023-10-01T18:49:02","modified_gmt":"2023-10-01T23:49:02","slug":"rzad-po-psl-doprowadzil-to-takiego-bezrobocia-ze-premier-tusk-wyjechal-do-pracy-za-granice","status":"publish","type":"post","link":"https:\/\/kuriercodziennychicago.com\/index.php\/2023\/10\/01\/rzad-po-psl-doprowadzil-to-takiego-bezrobocia-ze-premier-tusk-wyjechal-do-pracy-za-granice\/","title":{"rendered":"Rz\u0105d PO-PSL doprowadzi\u0142 to takiego bezrobocia, \u017ce premier Tusk wyjecha\u0142 do pracy za granic\u0119"},"content":{"rendered":"<div class=\"wp-block-image is-style-rounded\">\n<figure class=\"alignleft size-full is-resized\"><img decoding=\"async\" src=\"https:\/\/kuriercodziennychicago.com\/wp-content\/uploads\/2022\/09\/Zbigniew_Kuzmiuk-e1674519588646.jpg\" alt=\"\" class=\"wp-image-1480\" style=\"width:58px;height:61px\" width=\"58\" height=\"61\"\/><\/figure>\n<\/div>\n\n\n<blockquote class=\"wp-block-quote is-layout-flow wp-block-quote-is-layout-flow\">\n<h3 class=\"wp-block-heading\"><a href=\"https:\/\/wpolityce.pl\/autorzy\/274-zbigniew-kuzmiuk\">Zbigniew Ku\u017amiuk<\/a><\/h3>\n<\/blockquote>\n\n\n\n<p><strong>Platforma zdecydowa\u0142a si\u0119 na&nbsp;sp\u00f3r s\u0105dowy w&nbsp;trybie wyborczym w&nbsp;sprawie spotu wyborczego Prawa i&nbsp;Sprawiedliwo\u015bci, w&nbsp;kt\u00f3rym pada stwierdzenie o&nbsp;15&nbsp;proc. bezrobociu podczas rz\u0105d\u00f3w&nbsp;PO-PSL.<\/strong><\/p>\n\n\n\n<p>To&nbsp;sprostowanie nast\u0105pi\u0142o, \u015brednia stopa bezrobocia w&nbsp;Polsce w&nbsp;lutym 2013 roku wynios\u0142a 14,4&nbsp;proc., cho\u0107 nie ulega w\u0105tpliwo\u015bci, \u017ce&nbsp;w&nbsp;wi\u0119kszo\u015bci wojew\u00f3dztw (a\u017c&nbsp;w&nbsp;11) i&nbsp;wi\u0119kszo\u015bci powiat\u00f3w (w&nbsp;ponad 230) w&nbsp;tym okresie, wska\u017anik ten by\u0142 zdecydowanie wy\u017cszy ni\u017c 15&nbsp;proc. (np. w&nbsp;wojew\u00f3dztwie warmi\u0144sko-mazurskim wynios\u0142o ono a\u017c&nbsp;22,5&nbsp;proc., a&nbsp;w&nbsp;powiecie szyd\u0142owieckim w&nbsp;wojew\u00f3dztwie mazowieckim ponad&nbsp;34&nbsp;proc.).<\/p>\n\n\n\n<p>Ta&nbsp;skarga do&nbsp;s\u0105du i&nbsp;jego rozstrzygni\u0119cie spowodowa\u0142o jednak szczeg\u00f3lnie w&nbsp;mediach spo\u0142eczo\u015bciowych wr\u0119cz lawin\u0119 informacji, pokazuj\u0105cych bardzo trudn\u0105 sytuacj\u0119 na&nbsp;rynku pracy, podczas rz\u0105d\u00f3w&nbsp;Platformy.<\/p>\n\n\n\n<p>Najcelniej podsumowa\u0142 t\u0119&nbsp;sytuacj\u0119 premier Mateusz Morawiecki, kt\u00f3ry napisa\u0142, \u017ce&nbsp;\u201eza&nbsp;Tuska by\u0142o takie bezrobocie, \u017ce&nbsp;sam Tusk wyjecha\u0142 do&nbsp;pracy za&nbsp;granic\u0119\u201d, podobnie zreszt\u0105 opisa\u0142 obj\u0119cie funkcji szefa Rady Europejskiej przez Tuska w&nbsp;jednej z&nbsp;debat w&nbsp;Parlamencie Europejskim, brytyjski europose\u0142 Nigiel&nbsp;Farage.<\/p>\n\n\n\n<h3 class=\"wp-block-heading\">Korzystne 2-letnie rz\u0105dy PiS w&nbsp;okresie&nbsp;2005-2007<\/h3>\n\n\n\n<p>Rzeczywi\u015bcie analiza danych dotycz\u0105cych sytuacji na&nbsp;rynku pracy z&nbsp;okresu rz\u0105d\u00f3w PO-PSL pokazuje, \u017ce&nbsp;odwr\u00f3cono korzystn\u0105 sytuacj\u0119 na&nbsp;rynku pracy, zostawion\u0105 przez rz\u0105d Prawa i&nbsp;Sprawiedliwo\u015bci, mimo zaledwie 2-letnich rz\u0105d\u00f3w w&nbsp;okresie&nbsp;2005-2007.<\/p>\n\n\n\n<figure class=\"wp-block-image size-large\"><img decoding=\"async\" width=\"1024\" height=\"432\" src=\"https:\/\/kuriercodziennychicago.com\/wp-content\/uploads\/2023\/10\/1920x810-1024x432.jpg\" alt=\"\" class=\"wp-image-4860\" srcset=\"https:\/\/kuriercodziennychicago.com\/wp-content\/uploads\/2023\/10\/1920x810-1024x432.jpg 1024w, https:\/\/kuriercodziennychicago.com\/wp-content\/uploads\/2023\/10\/1920x810-300x127.jpg 300w, https:\/\/kuriercodziennychicago.com\/wp-content\/uploads\/2023\/10\/1920x810-768x324.jpg 768w, https:\/\/kuriercodziennychicago.com\/wp-content\/uploads\/2023\/10\/1920x810-1536x648.jpg 1536w, https:\/\/kuriercodziennychicago.com\/wp-content\/uploads\/2023\/10\/1920x810.jpg 1920w\" sizes=\"(max-width: 1024px) 100vw, 1024px\" \/><\/figure>\n\n\n\n<p>Ot\u00f3\u017c w&nbsp;tym kr\u00f3tkim okresie uda\u0142o si\u0119 rz\u0105dowi obni\u017cy\u0107 bezrobocie z&nbsp;oko\u0142o 18&nbsp;proc. pod koniec 2015 roku zostawionych przez rz\u0105d SLD, do&nbsp;ok.11&nbsp;proc. pod koniec 2007 roku (a&nbsp;wi\u0119c a\u017c&nbsp;7&nbsp;punkt\u00f3w procentowych) i&nbsp;ta&nbsp;dobra tendencja trwa\u0142a jeszcze za&nbsp;rz\u0105d\u00f3w PO-PSL, przez 10&nbsp;miesi\u0119cy roku 2008 (w&nbsp;pa\u017adzierniku 2008 roku bezrobocie wynios\u0142o tylko&nbsp;8,8%).<\/p>\n\n\n\n<p>Ale od&nbsp;tego momentu ju\u017c tylko ros\u0142o i&nbsp;to&nbsp;mimo wzrostu PKB w&nbsp;poszczeg\u00f3lnych latach, a\u017c&nbsp;do&nbsp;wspomnianych 14,4&nbsp;proc. w&nbsp;lutym 2013 (a&nbsp;wi\u0119c wzros\u0142o o&nbsp;blisko 6&nbsp;punkt\u00f3w&nbsp;procentowych).<\/p>\n\n\n\n<h3 class=\"wp-block-heading\">Najni\u017csze bezrobocie w&nbsp;ca\u0142ej&nbsp;UE<\/h3>\n\n\n\n<p>Gdy Platforma oddawa\u0142a w\u0142adz\u0119 bezrobocie wynosi\u0142o ok. 11&nbsp;proc. i&nbsp;dopiero rz\u0105dy Prawa i&nbsp;Sprawiedliwo\u015bci doprowadzi\u0142y do&nbsp;jego spadku do&nbsp;poziomu 5&nbsp;proc., a&nbsp;wed\u0142ug metodologii unijnej do&nbsp;poziomu 2,7&nbsp;proc., najni\u017cszego w&nbsp;ca\u0142ej Unii&nbsp;Europejskiej.<\/p>\n\n\n\n<p>Sta\u0142o si\u0119 tak mimo ogromnego kryzysu spowodowanego pandemi\u0105 Covid 19, a&nbsp;tak\u017ce agresji Rosji na&nbsp;Ukrain\u0119, co&nbsp;spowodowa\u0142o powa\u017cny wzrost cen surowc\u00f3w energetycznych, a&nbsp;w&nbsp;konsekwencji wyra\u017ane spowolnienie&nbsp;gospodarcze.<\/p>\n\n\n\n<p>W&nbsp;konsekwencji tej wojny na&nbsp;polskim rynku pracy znalaz\u0142o si\u0119 przynajmniej ok. 0,5&nbsp;mln obywateli Ukrainy, a&nbsp;mimo tego bezrobocie nie wzros\u0142o, a&nbsp;w&nbsp;Polsce pracuje po&nbsp;raz pierwszy po&nbsp;roku 1989, ponad 17&nbsp;mln&nbsp;pracownik\u00f3w.<\/p>\n\n\n\n<h3 class=\"wp-block-heading\">Umowy \u015bmieciowe i&nbsp;wyjazdy&nbsp;za&nbsp;granic\u0119<\/h3>\n\n\n\n<p>Ale o&nbsp;dramatycznie trudnej sytuacji na&nbsp;rynku pracy podczas rz\u0105d\u00f3w PO-PSL \u015bwiadcz\u0105 nie tylko wy\u017cej przedstawione dane, ale tak\u017ce warunki na&nbsp;jakich przychodzi\u0142o Polakom podejmowa\u0107&nbsp;prac\u0119.<\/p>\n\n\n\n<p>Bardzo cz\u0119sto by\u0142y to&nbsp;tzw. umowy \u015bmieciowe, a&nbsp;wi\u0119c nawet nie zabezpieczaj\u0105ce podstawowych praw pracowniczych, a&nbsp;oferowane stawki godzinowe znajdowa\u0142y si\u0119 w&nbsp;przedziale 3-do&nbsp;5&nbsp;z\u0142&nbsp;i&nbsp;pracownicy t\u0119&nbsp;prac\u0119 podejmowali, bo&nbsp;nawet na&nbsp;takie miejsca pracy, czeka\u0142o po&nbsp;kilka os\u00f3b&nbsp;w&nbsp;kolejce.<\/p>\n\n\n\n<p>Konsekwencj\u0105 tak trudnej sytuacji na&nbsp;rynku pracy by\u0142y masowe wyjazdy do&nbsp;pracy za&nbsp;granic\u0119 szczeg\u00f3lnie m\u0142odych ludzi, w&nbsp;konsekwencji w&nbsp;szczytowym okresie tych wyjazd\u00f3w, w&nbsp;krajach Unii Europejskiej, pracowa\u0142o blisko 2,5&nbsp;mln&nbsp;Polak\u00f3w.<\/p>\n\n\n\n<h3 class=\"wp-block-heading\">Poprawa sytuacji na&nbsp;rynku&nbsp;pracy<\/h3>\n\n\n\n<p>Dopiero obj\u0119cie w\u0142adzy przez Prawo i&nbsp;Sprawiedliwo\u015b\u0107 i&nbsp;znacz\u0105ce przy\u015bpieszenie wzrostu gospodarczego, doprowadzi\u0142o do&nbsp;poprawy sytuacji na&nbsp;rynku pracy, co&nbsp;pozwoli\u0142o na&nbsp;proces przekszta\u0142cania sytuacji na&nbsp;rynku pracy z&nbsp;rynku pracodawcy na&nbsp;rynek&nbsp;pracownika.<\/p>\n\n\n\n<p>Wprowadzenie ustawowej stawki godzinowej i&nbsp;regularne coroczne wysokie podwy\u017cki p\u0142acy minimalnej (obecnie ju\u017c 2&nbsp;krotnie wy\u017cszej ni\u017c w&nbsp;roku 2015), spowodowa\u0142o znacz\u0105c\u0105 popraw\u0119 sytuacji pracownik\u00f3w na&nbsp;rynku pracy (blisko 2-krotnie wzros\u0142o tak\u017ce wynagrodzenie \u015brednie w&nbsp;gospodarce), a&nbsp;bezrobocie konsekwentnie by\u0142o zmniejszane do&nbsp;jak ju\u017c wspomnia\u0142em najni\u017cszego w&nbsp;ca\u0142ej Unii Europejskiej (wg&nbsp;metodologii&nbsp;BAEL).<\/p>\n\n\n\n<p>Platforma w&nbsp;procesie s\u0105dowym udowodni\u0142a wi\u0119c ca\u0142ej Polsce, \u017ce&nbsp;bezrobocie podczas jej rz\u0105d\u00f3w ros\u0142o i&nbsp;w&nbsp;ich apogeum w&nbsp;lutym 2013 roku wynios\u0142o a\u017c&nbsp;14,4&nbsp;proc., a&nbsp;ubocznym tego rezultatem by\u0142o porzucenie premierowania przez Donalda Tuska w&nbsp;Polsce i&nbsp;wyjazd w&nbsp;2014 roku do&nbsp;pracy&nbsp;w&nbsp;Brukseli.<\/p>\n","protected":false},"excerpt":{"rendered":"<p>Zbigniew Ku\u017amiuk Platforma zdecydowa\u0142a si\u0119 na&nbsp;sp\u00f3r s\u0105dowy w&nbsp;trybie wyborczym w&nbsp;sprawie spotu wyborczego Prawa i&nbsp;Sprawiedliwo\u015bci, w&nbsp;kt\u00f3rym pada stwierdzenie o&nbsp;15&nbsp;proc.<\/p>\n","protected":false},"author":1,"featured_media":4860,"comment_status":"closed","ping_status":"closed","sticky":false,"template":"","format":"standard","meta":{"footnotes":""},"categories":[2,9],"tags":[],"class_list":["post-4859","post","type-post","status-publish","format-standard","has-post-thumbnail","hentry","category-polityka","category-start"],"_links":{"self":[{"href":"https:\/\/kuriercodziennychicago.com\/index.php\/wp-json\/wp\/v2\/posts\/4859","targetHints":{"allow":["GET"]}}],"collection":[{"href":"https:\/\/kuriercodziennychicago.com\/index.php\/wp-json\/wp\/v2\/posts"}],"about":[{"href":"https:\/\/kuriercodziennychicago.com\/index.php\/wp-json\/wp\/v2\/types\/post"}],"author":[{"embeddable":true,"href":"https:\/\/kuriercodziennychicago.com\/index.php\/wp-json\/wp\/v2\/users\/1"}],"replies":[{"embeddable":true,"href":"https:\/\/kuriercodziennychicago.com\/index.php\/wp-json\/wp\/v2\/comments?post=4859"}],"version-history":[{"count":1,"href":"https:\/\/kuriercodziennychicago.com\/index.php\/wp-json\/wp\/v2\/posts\/4859\/revisions"}],"predecessor-version":[{"id":4861,"href":"https:\/\/kuriercodziennychicago.com\/index.php\/wp-json\/wp\/v2\/posts\/4859\/revisions\/4861"}],"wp:featuredmedia":[{"embeddable":true,"href":"https:\/\/kuriercodziennychicago.com\/index.php\/wp-json\/wp\/v2\/media\/4860"}],"wp:attachment":[{"href":"https:\/\/kuriercodziennychicago.com\/index.php\/wp-json\/wp\/v2\/media?parent=4859"}],"wp:term":[{"taxonomy":"category","embeddable":true,"href":"https:\/\/kuriercodziennychicago.com\/index.php\/wp-json\/wp\/v2\/categories?post=4859"},{"taxonomy":"post_tag","embeddable":true,"href":"https:\/\/kuriercodziennychicago.com\/index.php\/wp-json\/wp\/v2\/tags?post=4859"}],"curies":[{"name":"wp","href":"https:\/\/api.w.org\/{rel}","templated":true}]}}