{"id":4889,"date":"2023-10-01T19:03:07","date_gmt":"2023-10-02T00:03:07","guid":{"rendered":"https:\/\/kuriercodziennychicago.com\/?p=4889"},"modified":"2023-10-01T19:03:08","modified_gmt":"2023-10-02T00:03:08","slug":"bezplatne-leki-dla-seniorow-65-i-dzieci-do-18-roku-zycia-juz-od-1-wrzesnia","status":"publish","type":"post","link":"https:\/\/kuriercodziennychicago.com\/index.php\/2023\/10\/01\/bezplatne-leki-dla-seniorow-65-i-dzieci-do-18-roku-zycia-juz-od-1-wrzesnia\/","title":{"rendered":"Bezp\u0142atne leki dla senior\u00f3w 65 + i dzieci do 18 roku \u017cycia ju\u017c od 1 wrze\u015bnia"},"content":{"rendered":"<div class=\"wp-block-image is-style-rounded\">\n<figure class=\"alignleft size-full is-resized\"><img decoding=\"async\" src=\"https:\/\/kuriercodziennychicago.com\/wp-content\/uploads\/2022\/09\/Zbigniew_Kuzmiuk-e1674519588646.jpg\" alt=\"\" class=\"wp-image-1480\" style=\"width:62px;height:65px\" width=\"62\" height=\"65\"\/><\/figure>\n<\/div>\n\n\n<blockquote class=\"wp-block-quote is-layout-flow wp-block-quote-is-layout-flow\">\n<h3 class=\"wp-block-heading\"><a href=\"https:\/\/wpolityce.pl\/autorzy\/274-zbigniew-kuzmiuk\">Zbigniew Ku\u017amiuk<\/a><\/h3>\n<\/blockquote>\n\n\n\n<p><strong>Opozycja w&nbsp;Polsce jest w&nbsp;k\u0142opocie, tak\u017ce i&nbsp;z&nbsp;tego powodu, \u017ce&nbsp;rz\u0105dy Prawa i&nbsp;Sprawiedliwo\u015bci zyska\u0142y w&nbsp;ci\u0105gu prawie 8&nbsp;lat rz\u0105dzenia, nies\u0142ychanie wa\u017cn\u0105 cech\u0119, mianowicie&nbsp;wiarygodno\u015b\u0107.<\/strong><\/p>\n\n\n\n<h2 class=\"wp-block-heading\">Realizacja obietnic&nbsp;wyborczych<\/h2>\n\n\n\n<p>Deklaracje programowe z\u0142o\u017cone w&nbsp;kampanii wyborczej 2015 roku i&nbsp;2019 roku zosta\u0142y w&nbsp;du\u017cej mierze zrealizowane, co&nbsp;by\u0142o swoistym prze\u0142omem w&nbsp;stosunku do&nbsp;poprzednich rz\u0105d\u00f3w PO-PSL, czy&nbsp;SLD-PSL.<\/p>\n\n\n\n<p>Wicepremier Jaros\u0142aw Kaczy\u0144ski w&nbsp;wielu publicznych wyst\u0105pieniach, nazwa\u0142 to&nbsp;\u201enapraw\u0105 naszej demokracji\u201d i&nbsp;w&nbsp;tym kontek\u015bcie po&nbsp;wielokro\u0107 przypomnia\u0142, \u017ce&nbsp;wybory mog\u0105 by\u0107 aktem demokracji, albo aktem&nbsp;manipulacji.<\/p>\n\n\n\n<p>S\u0105&nbsp;aktem manipulacji wtedy, kiedy w&nbsp;kampanii wyborczej obiecuje si\u0119 r\u00f3\u017cne rzeczy, kt\u00f3rych nie ma&nbsp;si\u0119 zamiaru realizowa\u0107 i&nbsp;w&nbsp;ten spos\u00f3b wprowadza si\u0119 w&nbsp;b\u0142\u0105d, wr\u0119cz \u015bwiadomie, oszukuje si\u0119&nbsp;wyborc\u00f3w.<\/p>\n\n\n\n<p>Przypomina\u0142 tak\u017ce wielokrotnie, \u017ce&nbsp;\u201ePiS zapowiada\u0142 w&nbsp;obydwu kampaniach wyborczych bardzo wiele, mieli\u015bmy program, wielki program. I&nbsp;mog\u0119 uczciwie powiedzie\u0107, \u017ce&nbsp;my\u015bmy ten program zrealizowali i&nbsp;w&nbsp;ten spos\u00f3b nadali\u015bmy demokracji w\u0142a\u015bciwy&nbsp;sens\u201d.<\/p>\n\n\n<div class=\"wp-block-image\">\n<figure class=\"alignleft size-full\"><img decoding=\"async\" width=\"318\" height=\"159\" src=\"https:\/\/kuriercodziennychicago.com\/wp-content\/uploads\/2023\/10\/Untitled-2.jpg\" alt=\"\" class=\"wp-image-4890\" srcset=\"https:\/\/kuriercodziennychicago.com\/wp-content\/uploads\/2023\/10\/Untitled-2.jpg 318w, https:\/\/kuriercodziennychicago.com\/wp-content\/uploads\/2023\/10\/Untitled-2-300x150.jpg 300w\" sizes=\"(max-width: 318px) 100vw, 318px\" \/><\/figure>\n<\/div>\n\n\n<p>W&nbsp;maju tego roku podczas kolejnej konferencji programowej Prawa i&nbsp;Sprawiedliwo\u015bci nazywanej \u201eProgramowym Ulem\u201d prezes Jaros\u0142aw Kaczy\u0144ski, z\u0142o\u017cy\u0142 cztery kolejne zobowi\u0105zania programowe i&nbsp;zapowiedzia\u0142, \u017ce&nbsp;ich realizacja nast\u0105pi w&nbsp;II&nbsp;po\u0142owie tego roku, a&nbsp;wi\u0119c jeszcze przed tegorocznymi&nbsp;wyborami.<\/p>\n\n\n\n<p>Przypomnijmy, \u017ce&nbsp;prezes Kaczy\u0144ski zapowiedzia\u0142 podniesienie a\u017c&nbsp;o&nbsp;60% \u015bwiadczenia wychowawczego w&nbsp;ramach programu \u201erodzina 500 plus\u201d z&nbsp;dotychczasowych 500 z\u0142&nbsp;na&nbsp;800 z\u0142, bezp\u0142atne leki dla senior\u00f3w od&nbsp;65&nbsp;roku \u017cycia, bezp\u0142atne leki dla dzieci i&nbsp;m\u0142odzie\u017cy do&nbsp;18&nbsp;roku \u017cycia oraz bezp\u0142atne przejazdy dla samochod\u00f3w osobowych autostradami i&nbsp;drogami szybkiego ruchu, zar\u00f3wno pa\u0144stwowymi jak i&nbsp;tymi, kt\u00f3re obecnie s\u0105&nbsp;we&nbsp;w\u0142adaniu&nbsp;koncesjonariuszy.<\/p>\n\n\n\n<p>Najszybciej uda\u0142o si\u0119 zrealizowa\u0107 to&nbsp;ostatnie zobowi\u0105zanie, poniewa\u017c do&nbsp;uruchomienia przejazdu bez op\u0142at autostradami i&nbsp;drogami szybkiego ruchu, kt\u00f3re s\u0105&nbsp;we&nbsp;w\u0142adaniu Skarbu Pa\u0144stwa, konieczna by\u0142a tylko nowelizacja odpowiedniego&nbsp;rozporz\u0105dzenia.<\/p>\n\n\n\n<p>I&nbsp;w&nbsp;zwi\u0105zku z&nbsp;tym tu\u017c przed rozpocz\u0119ciem wakacji przejazd dwoma odcinkami na&nbsp;autostradzie A4&nbsp;Wroc\u0142aw- So\u015bnica i&nbsp;na&nbsp;autostradzie A2&nbsp;Konin -Stryk\u00f3w by\u0142 ju\u017c bezp\u0142atny bezterminowo, a&nbsp;na&nbsp;jednym odcinku na&nbsp;autostradzie A1&nbsp;Gda\u0144sk -Toru\u0144, jest bezp\u0142atny w&nbsp;wakacyjne weekendy. Rozpocz\u0119\u0142y si\u0119 tak\u017ce negocjacje z&nbsp;prywatnymi koncesjonariuszami 3&nbsp;p\u0142atnych odcink\u00f3w autostrad, wspomnianej A1&nbsp;Gda\u0144sk-Toru\u0144, A2&nbsp;\u015awieck-Konin i&nbsp;A4&nbsp;Katowice-Krak\u00f3w, aby w&nbsp;zamian za&nbsp;stosowne odszkodowania, tak\u017ce i&nbsp;te&nbsp;odcinki by\u0142y bezp\u0142atne dla samochod\u00f3w osobowych i&nbsp;dostawczych&nbsp;do&nbsp;3,5&nbsp;tony.<\/p>\n\n\n\n<h2 class=\"wp-block-heading\">Wsparcie dla&nbsp;rodzin<\/h2>\n\n\n\n<p>Po&nbsp;ponad 2&nbsp;miesi\u0119cznym procesie legislacyjnym wesz\u0142a tak\u017ce w&nbsp;\u017cycie znowelizowana ustawa o&nbsp;pomocy pa\u0144stwa w&nbsp;wychowywaniu dzieci, w&nbsp;kt\u00f3rej zawarto podwy\u017cszenie \u015bwiadczenia na&nbsp;dzieci z&nbsp;dotychczasowych 500 z\u0142&nbsp;do&nbsp;800&nbsp;z\u0142&nbsp;na&nbsp;dziecko.<\/p>\n\n\n\n<p>B\u0119dzie ona obowi\u0105zywa\u0142a od&nbsp;1&nbsp;stycznia 2024 roku, b\u0119dzie obejmowa\u0142a ponad 7&nbsp;mln dzieci (w&nbsp;tym ok. 400 tys. dzieci z&nbsp;Ukrainy) w&nbsp;ponad 4,5&nbsp;mln rodzin, a&nbsp;jej roczny koszt po&nbsp;zmianach zwi\u0119kszy si\u0119 z&nbsp;kwoty ok.41&nbsp;mld z\u0142&nbsp;do&nbsp;kwoty ok.65&nbsp;mld z\u0142, czyli blisko 2% naszego&nbsp;PKB.<\/p>\n\n\n\n<p>Przypomnijmy, \u017ce&nbsp;w&nbsp;tym roku w&nbsp;kwietniu min\u0119\u0142o 7&nbsp;lat od&nbsp;wprowadzenia programu rodzina 500 plus (zosta\u0142 wprowadzony 1&nbsp;kwietnia 2016 roku), z&nbsp;kt\u00f3rego jak poinformowa\u0142 resort Rodziny i&nbsp;Polityki Spo\u0142ecznej, do&nbsp;rodzin wychowuj\u0105cych dzieci, trafi\u0142a astronomiczna suma ponad 230 mld&nbsp;z\u0142.<\/p>\n\n\n\n<p>Poniewa\u017c \u015bwiadczenie przys\u0142uguje ka\u017cdemu dziecku od&nbsp;jego narodzin do&nbsp;uko\u0144czenia 18. roku \u017cycia, wi\u0119c rodzina na&nbsp;ka\u017cde dziecko otrzymuje do&nbsp;tej pory rocznie 6&nbsp;tys. z\u0142, a&nbsp;przez ca\u0142y okres wychowywania dziecka do&nbsp;jego pe\u0142noletno\u015bci, kwot\u0119 108 tysi\u0119cy z\u0142otych, po&nbsp;tej podwy\u017cce b\u0119dzie to&nbsp;ju\u017c 9,6&nbsp;tys. z\u0142&nbsp;rocznie, wi\u0119c w&nbsp;ci\u0105gu 18&nbsp;lat, b\u0119dzie to&nbsp;kwota blisko 173 tysi\u0105ce&nbsp;z\u0142otych.<\/p>\n\n\n\n<h2 class=\"wp-block-heading\">Bezp\u0142atne leki dla dzieci&nbsp;i&nbsp;senior\u00f3w<\/h2>\n\n\n\n<p>Wczoraj prezydent Andrzej Duda podpisa\u0142 nowelizacj\u0119 ustawy o&nbsp;\u015bwiadczeniach opieki zdrowotnej finansowanych ze&nbsp;\u015brodk\u00f3w publicznych oraz ustawy o&nbsp;refundacji lek\u00f3w, kt\u00f3re rozszerzaj\u0105 grup\u0119 os\u00f3b, kt\u00f3rym przys\u0142uguj\u0105 bezp\u0142atne&nbsp;leki.<\/p>\n\n\n\n<p>Do&nbsp;grupy senior\u00f3w 75+, kt\u00f3rym przys\u0142uguj\u0105 bezp\u0142atne leki ju\u017c od&nbsp;roku 2017, dojd\u0105 i&nbsp;to&nbsp;ju\u017c od&nbsp;1&nbsp;wrze\u015bnia tego roku, dwie kolejne grupy: seniorzy w&nbsp;wieku 65+ oraz dzieci i&nbsp;m\u0142odzie\u017c do&nbsp;18&nbsp;roku&nbsp;\u017cycia.<\/p>\n\n\n\n<p>Jak poinformowa\u0142 premier Morawiecki z&nbsp;bezp\u0142atnych lek\u00f3w (rodzaje tych bezp\u0142atnych lek\u00f3w dla dw\u00f3ch nowych grup pacjent\u00f3w, zostan\u0105 okre\u015blone w&nbsp;rozporz\u0105dzeniu ministra zdrowia), b\u0119dzie teraz mog\u0142o korzysta\u0107 a\u017c&nbsp;oko\u0142o 16&nbsp;mln os\u00f3b, a&nbsp;program \u201eBezp\u0142atne leki\u201d, b\u0119dzie kosztowa\u0142 oko\u0142o 2,5&nbsp;mld&nbsp;z\u0142&nbsp;rocznie.<\/p>\n\n\n\n<p>Jak podkre\u015bli\u0142 premier, rozszerzenie listy uprawnionych do&nbsp;korzystania z&nbsp;bezp\u0142atnych lek\u00f3w jest to&nbsp;z&nbsp;jednej strony istotnym dodatkowym wsparciem dla polskich rodzin, z&nbsp;drugiej natomiast oznacza popraw\u0119 bezpiecze\u0144stwa zdrowotnego&nbsp;Polak\u00f3w.<\/p>\n","protected":false},"excerpt":{"rendered":"<p>Zbigniew Ku\u017amiuk Opozycja w&nbsp;Polsce jest w&nbsp;k\u0142opocie, tak\u017ce i&nbsp;z&nbsp;tego powodu, \u017ce&nbsp;rz\u0105dy Prawa i&nbsp;Sprawiedliwo\u015bci zyska\u0142y w&nbsp;ci\u0105gu prawie 8&nbsp;lat rz\u0105dzenia, nies\u0142ychanie<\/p>\n","protected":false},"author":1,"featured_media":4890,"comment_status":"closed","ping_status":"closed","sticky":false,"template":"","format":"standard","meta":{"footnotes":""},"categories":[2,9],"tags":[],"class_list":["post-4889","post","type-post","status-publish","format-standard","has-post-thumbnail","hentry","category-polityka","category-start"],"_links":{"self":[{"href":"https:\/\/kuriercodziennychicago.com\/index.php\/wp-json\/wp\/v2\/posts\/4889","targetHints":{"allow":["GET"]}}],"collection":[{"href":"https:\/\/kuriercodziennychicago.com\/index.php\/wp-json\/wp\/v2\/posts"}],"about":[{"href":"https:\/\/kuriercodziennychicago.com\/index.php\/wp-json\/wp\/v2\/types\/post"}],"author":[{"embeddable":true,"href":"https:\/\/kuriercodziennychicago.com\/index.php\/wp-json\/wp\/v2\/users\/1"}],"replies":[{"embeddable":true,"href":"https:\/\/kuriercodziennychicago.com\/index.php\/wp-json\/wp\/v2\/comments?post=4889"}],"version-history":[{"count":1,"href":"https:\/\/kuriercodziennychicago.com\/index.php\/wp-json\/wp\/v2\/posts\/4889\/revisions"}],"predecessor-version":[{"id":4891,"href":"https:\/\/kuriercodziennychicago.com\/index.php\/wp-json\/wp\/v2\/posts\/4889\/revisions\/4891"}],"wp:featuredmedia":[{"embeddable":true,"href":"https:\/\/kuriercodziennychicago.com\/index.php\/wp-json\/wp\/v2\/media\/4890"}],"wp:attachment":[{"href":"https:\/\/kuriercodziennychicago.com\/index.php\/wp-json\/wp\/v2\/media?parent=4889"}],"wp:term":[{"taxonomy":"category","embeddable":true,"href":"https:\/\/kuriercodziennychicago.com\/index.php\/wp-json\/wp\/v2\/categories?post=4889"},{"taxonomy":"post_tag","embeddable":true,"href":"https:\/\/kuriercodziennychicago.com\/index.php\/wp-json\/wp\/v2\/tags?post=4889"}],"curies":[{"name":"wp","href":"https:\/\/api.w.org\/{rel}","templated":true}]}}