{"id":4901,"date":"2023-10-01T19:09:25","date_gmt":"2023-10-02T00:09:25","guid":{"rendered":"https:\/\/kuriercodziennychicago.com\/?p=4901"},"modified":"2023-10-01T19:09:26","modified_gmt":"2023-10-02T00:09:26","slug":"pewnosc-w-polityce-spolecznej","status":"publish","type":"post","link":"https:\/\/kuriercodziennychicago.com\/index.php\/2023\/10\/01\/pewnosc-w-polityce-spolecznej\/","title":{"rendered":"Pewno\u015b\u0107 w polityce spo\u0142ecznej"},"content":{"rendered":"<div class=\"wp-block-image is-style-rounded\">\n<figure class=\"alignleft size-full is-resized\"><img decoding=\"async\" src=\"https:\/\/kuriercodziennychicago.com\/wp-content\/uploads\/2022\/09\/Zbigniew_Kuzmiuk-e1674519588646.jpg\" alt=\"\" class=\"wp-image-1480\" style=\"width:60px;height:63px\" width=\"60\" height=\"63\"\/><\/figure>\n<\/div>\n\n\n<blockquote class=\"wp-block-quote is-layout-flow wp-block-quote-is-layout-flow\">\n<h3 class=\"wp-block-heading\"><a href=\"https:\/\/wpolityce.pl\/autorzy\/274-zbigniew-kuzmiuk\">Zbigniew Ku\u017amiuk<\/a><\/h3>\n<\/blockquote>\n\n\n\n<p><strong>Premier Morawiecki za&nbsp;po\u015brednictwem \u201eSuper Expressu\u201d, w&nbsp;zwi\u0105zku z&nbsp;podpisaniem przez prezydenta Andrzeja Dud\u0119 nowelizacji dw\u00f3ch ustaw: ustawy o&nbsp;\u015bwiadczeniach opieki zdrowotnej finansowanych ze&nbsp;\u015brodk\u00f3w publicznych oraz ustawy o&nbsp;refundacji lek\u00f3w, rozszerzaj\u0105cych list\u0119 uprawnionych do&nbsp;korzystania z&nbsp;bezp\u0142atnych lek\u00f3w, zwr\u00f3ci\u0142 si\u0119 do&nbsp;senior\u00f3w z&nbsp;przes\u0142aniem, \u017ce&nbsp;tylko kontynuacja rz\u0105d\u00f3w PiS, gwarantuje kontynuowanie i&nbsp;rozwijanie program\u00f3w dla tego&nbsp;\u015brodowiska.<\/strong><\/p>\n\n\n\n<p>Przypomnijmy, \u017ce&nbsp;dzi\u0119ki tym decyzjom do&nbsp;grupy senior\u00f3w 75&nbsp;plus, kt\u00f3rym przys\u0142uguj\u0105 bezp\u0142atne leki ju\u017c od&nbsp;2017 roku, ju\u017c od&nbsp;1&nbsp;wrze\u015bnia tego roku, dojd\u0105 dwie kolejne grupy: seniorzy w&nbsp;wieku 65&nbsp;plus oraz dzieci i&nbsp;m\u0142odzie\u017c do&nbsp;18&nbsp;roku&nbsp;\u017cycia.<\/p>\n\n\n\n<p>Premier Morawiecki poinformowa\u0142 \u017ce&nbsp;bezp\u0142atnych lek\u00f3w (rodzaje tych bezp\u0142atnych lek\u00f3w dla dw\u00f3ch nowych grup pacjent\u00f3w, zostan\u0105 okre\u015blone w&nbsp;rozporz\u0105dzeniu ministra zdrowia i&nbsp;b\u0119dzie to&nbsp;oko\u0142o 3&nbsp;tys. pozycji dla ka\u017cdej grupy wiekowej), b\u0119dzie teraz mog\u0142o korzysta\u0107 a\u017c&nbsp;oko\u0142o 16&nbsp;mln os\u00f3b, a&nbsp;program \u201eBezp\u0142atne leki\u201d, b\u0119dzie kosztowa\u0142 oko\u0142o 2,5&nbsp;mld&nbsp;z\u0142&nbsp;rocznie.<\/p>\n\n\n\n<figure class=\"wp-block-image size-large\"><img decoding=\"async\" width=\"1024\" height=\"512\" src=\"https:\/\/kuriercodziennychicago.com\/wp-content\/uploads\/2023\/10\/p4-k9kqTURBXy9kN2EyYzViYzAzMGJjZGZmMGRmYWQwMDQ0YTk4OGY0Yy5qcGVnkpUDI80HM80P2M0I6pMFzQSwzQJY3gABoTAB-1024x512.jpg\" alt=\"\" class=\"wp-image-4902\" srcset=\"https:\/\/kuriercodziennychicago.com\/wp-content\/uploads\/2023\/10\/p4-k9kqTURBXy9kN2EyYzViYzAzMGJjZGZmMGRmYWQwMDQ0YTk4OGY0Yy5qcGVnkpUDI80HM80P2M0I6pMFzQSwzQJY3gABoTAB-1024x512.jpg 1024w, https:\/\/kuriercodziennychicago.com\/wp-content\/uploads\/2023\/10\/p4-k9kqTURBXy9kN2EyYzViYzAzMGJjZGZmMGRmYWQwMDQ0YTk4OGY0Yy5qcGVnkpUDI80HM80P2M0I6pMFzQSwzQJY3gABoTAB-300x150.jpg 300w, https:\/\/kuriercodziennychicago.com\/wp-content\/uploads\/2023\/10\/p4-k9kqTURBXy9kN2EyYzViYzAzMGJjZGZmMGRmYWQwMDQ0YTk4OGY0Yy5qcGVnkpUDI80HM80P2M0I6pMFzQSwzQJY3gABoTAB-768x384.jpg 768w, https:\/\/kuriercodziennychicago.com\/wp-content\/uploads\/2023\/10\/p4-k9kqTURBXy9kN2EyYzViYzAzMGJjZGZmMGRmYWQwMDQ0YTk4OGY0Yy5qcGVnkpUDI80HM80P2M0I6pMFzQSwzQJY3gABoTAB.jpg 1200w\" sizes=\"(max-width: 1024px) 100vw, 1024px\" \/><\/figure>\n\n\n\n<p>W&nbsp;tym li\u015bcie premier Morawiecki przypomina seniorom, o&nbsp;wyj\u0105tkowym dodatkowym wsparciu finansowym dla tego \u015brodowiska, kt\u00f3re rozpocz\u0119\u0142o si\u0119 ju\u017c od&nbsp;pierwszego roku rz\u0105d\u00f3w Prawa&nbsp;i&nbsp;Sprawiedliwo\u015bci.<\/p>\n\n\n\n<p>Z&nbsp;kolei od&nbsp;1&nbsp;marca tego roku od&nbsp;1&nbsp;marca tego roku zosta\u0142a dokonana waloryzacja \u015bwiadcze\u0144 emerytalno- rentowych, polegaj\u0105ca na&nbsp;podwy\u017cce kwotowo-procentowej, przy czym najni\u017csze \u015bwiadczenie wynosi ju\u017c 1588,44&nbsp;z\u0142&nbsp;(w&nbsp;2015 roku wynosi\u0142o zaledwie 880&nbsp;z\u0142).<\/p>\n\n\n\n<p>Ostatecznie wska\u017anik waloryzacji rent i&nbsp;emerytur w&nbsp;2023 roku, zosta\u0142 okre\u015blony w&nbsp;wysoko\u015bci 14,8% (\u015brednia wysoko\u015b\u0107 inflacji og\u0142oszona przez GUS w&nbsp;2022 roku, wynios\u0142a 14,4%), a&nbsp;najni\u017csz\u0105 gwarantowan\u0105 podwy\u017ck\u0119 \u015bwiadczenia okre\u015blono w&nbsp;wysoko\u015bci 250 z\u0142&nbsp;(waloryzacja&nbsp;kwotowo-procentowa).<\/p>\n\n\n\n<p>Przy przyj\u0119ciu wska\u017anika waloryzacji w&nbsp;wysoko\u015bci 14,8% i&nbsp;najni\u017cszej kwoty waloryzacji w&nbsp;wysoko\u015bci 250 z\u0142, najni\u017csza emerytura od&nbsp;1&nbsp;marca wynosi 1588,44&nbsp;z\u0142&nbsp;brutto (cho\u0107 przy najni\u017cszych \u015bwiadczeniach, kwoty brutto s\u0105&nbsp;kwotami netto, \u017ce&nbsp;wzgl\u0119du na&nbsp;podwy\u017cszenie kwoty wolnej od&nbsp;podatku PIT z&nbsp;3&nbsp;tys. z\u0142&nbsp;do&nbsp;30&nbsp;tys. z\u0142, co&nbsp;oznacza, \u017ce&nbsp;pobieraj\u0105cy \u015bwiadczenia do&nbsp;2,5&nbsp;tys. z\u0142&nbsp;brutto, nie p\u0142ac\u0105 w&nbsp;og\u00f3le podatku dochodowego, tylko sk\u0142adk\u0119&nbsp;zdrowotn\u0105).<\/p>\n\n\n\n<p>Na&nbsp;tak wysok\u0105 waloryzacj\u0119 emerytur i&nbsp;rent w&nbsp;bud\u017cecie na&nbsp;2023 rok, zabezpieczono kwot\u0119 w&nbsp;wysoko\u015bci a\u017c&nbsp;44&nbsp;mld z\u0142, dla por\u00f3wnania na&nbsp;ubieg\u0142oroczn\u0105 waloryzacj\u0119 emerytur i&nbsp;rent przeznaczono oko\u0142o 18,5&nbsp;mld&nbsp;z\u0142.<\/p>\n\n\n\n<p>Wyp\u0142acono ju\u017c 13. emerytur\u0119, kt\u00f3ra jest ju\u017c sta\u0142ym \u015bwiadczeniem dodatkowym w&nbsp;wysoko\u015bci 1588,44&nbsp;z\u0142&nbsp;brutto, a&nbsp;14. emerytura b\u0119dzie wyp\u0142acana od&nbsp;1&nbsp;wrze\u015bnia w&nbsp;wysoko\u015bci, a\u017c&nbsp;2650 z\u0142&nbsp;brutto (czyli 2200&nbsp;z\u0142&nbsp;netto).<\/p>\n\n\n\n<p>Sumarycznie wi\u0119c z&nbsp;obydwoma \u015bwiadczeniami dodatkowymi i&nbsp;przewidzianymi \u015brodkami na&nbsp;waloryzacj\u0119 emerytur i&nbsp;rent w&nbsp;2023 roku do&nbsp;\u015brodowiska emeryckiego, zostanie skierowane a\u017c&nbsp;ponad 74&nbsp;mld z\u0142&nbsp;dodatkowych \u015brodk\u00f3w finansowych (44&nbsp;mld z\u0142&nbsp;na&nbsp;waloryzacj\u0119 i&nbsp;ponad 30&nbsp;mld&nbsp;z\u0142&nbsp;na&nbsp;13&nbsp;i&nbsp;14&nbsp;emerytur\u0119).<\/p>\n\n\n\n<p>Przypomnijmy tak\u017ce, \u017ce&nbsp;\u015brodki przeznaczone na&nbsp;podwy\u017cki emerytur w&nbsp;ostatnim roku rz\u0105d\u00f3w PO-PSL czyli 2015 roku, wynios\u0142y tylko 3,6&nbsp;mld z\u0142&nbsp;(w&nbsp;poprzednich latach by\u0142y jeszcze ni\u017csze), a&nbsp;o&nbsp;13. czy 14. emeryturze za&nbsp;tamtych rz\u0105d\u00f3w, emeryci mogli tylko&nbsp;pomarzy\u0107.<\/p>\n\n\n\n<p>Podczas rz\u0105d\u00f3w Zjednoczonej Prawicy ju\u017c w&nbsp;roku 2021 do&nbsp;\u015brodowiska emeryckiego, zosta\u0142o skierowane dodatkowo 36&nbsp;mld z\u0142, a&nbsp;w&nbsp;2022 roku ju\u017c blisko 44&nbsp;mld z\u0142&nbsp;(kwoty przeznaczone na&nbsp;waloryzacj\u0119, a&nbsp;tak\u017ce na&nbsp;13. i&nbsp;14. emerytur\u0119), a&nbsp;w&nbsp;2023 roku jak ju\u017c wspomnia\u0142em a\u017c&nbsp;ponad 74&nbsp;mld&nbsp;z\u0142.<\/p>\n\n\n\n<p>By\u0142y to&nbsp;wi\u0119c w&nbsp;ci\u0105gu 3&nbsp;ostatnich lat, dodatkowe \u015brodki odpowiednio 10-krotnie i&nbsp;14-krotnie i&nbsp;blisko 20-krotnie wy\u017csze ni\u017c te&nbsp;wyp\u0142acane emerytom w&nbsp;2015 roku i&nbsp;wszystko wskazuje na&nbsp;to, \u017ce&nbsp;gdyby Platforma nie daj Bo\u017ce, wr\u00f3ci\u0142a do&nbsp;w\u0142adzy po&nbsp;wyborach na&nbsp;jesieni tego roku, to&nbsp;dodatkowe \u015brodki kierowane do&nbsp;emeryt\u00f3w od&nbsp;2024 roku, wr\u00f3c\u0105 do&nbsp;poziomu zaledwie kilku miliard\u00f3w z\u0142otych rocznie, bo&nbsp;tylko na&nbsp;tyle b\u0119dzie sta\u0107 bud\u017cet&nbsp;pa\u0144stwa.<\/p>\n\n\n\n<p>Premier Morawiecki pisze do&nbsp;senior\u00f3w, \u017ce&nbsp;gwarancj\u0105 kontynuowania i&nbsp;rozwijania program\u00f3w spo\u0142ecznych skierowanych do&nbsp;tego \u015brodowiska w&nbsp;kolejnych latach jest rz\u0105d Prawa&nbsp;i&nbsp;Sprawiedliwo\u015bci.<\/p>\n\n\n\n<p>Po&nbsp;pierwsze dlatego, \u017ce&nbsp;jest to&nbsp;twardo zapisane w&nbsp;programie wyborczym Prawa i&nbsp;Sprawiedliwo\u015bci, po&nbsp;drugie dlatego, \u017ce&nbsp;tylko ten rz\u0105d gwarantuje odpowiedni poziom dochod\u00f3w bud\u017cetowych, bowiem rz\u0105dy opozycji to&nbsp;powr\u00f3t mafii vatowskich, paliwowych i&nbsp;wszystkich innych i&nbsp;wyra\u017any spadek dochod\u00f3w&nbsp;podatkowych.<\/p>\n","protected":false},"excerpt":{"rendered":"<p>Zbigniew Ku\u017amiuk Premier Morawiecki za&nbsp;po\u015brednictwem \u201eSuper Expressu\u201d, w&nbsp;zwi\u0105zku z&nbsp;podpisaniem przez prezydenta Andrzeja Dud\u0119 nowelizacji dw\u00f3ch ustaw: ustawy o&nbsp;\u015bwiadczeniach<\/p>\n","protected":false},"author":1,"featured_media":4902,"comment_status":"closed","ping_status":"closed","sticky":false,"template":"","format":"standard","meta":{"footnotes":""},"categories":[2,9],"tags":[],"class_list":["post-4901","post","type-post","status-publish","format-standard","has-post-thumbnail","hentry","category-polityka","category-start"],"_links":{"self":[{"href":"https:\/\/kuriercodziennychicago.com\/index.php\/wp-json\/wp\/v2\/posts\/4901","targetHints":{"allow":["GET"]}}],"collection":[{"href":"https:\/\/kuriercodziennychicago.com\/index.php\/wp-json\/wp\/v2\/posts"}],"about":[{"href":"https:\/\/kuriercodziennychicago.com\/index.php\/wp-json\/wp\/v2\/types\/post"}],"author":[{"embeddable":true,"href":"https:\/\/kuriercodziennychicago.com\/index.php\/wp-json\/wp\/v2\/users\/1"}],"replies":[{"embeddable":true,"href":"https:\/\/kuriercodziennychicago.com\/index.php\/wp-json\/wp\/v2\/comments?post=4901"}],"version-history":[{"count":1,"href":"https:\/\/kuriercodziennychicago.com\/index.php\/wp-json\/wp\/v2\/posts\/4901\/revisions"}],"predecessor-version":[{"id":4903,"href":"https:\/\/kuriercodziennychicago.com\/index.php\/wp-json\/wp\/v2\/posts\/4901\/revisions\/4903"}],"wp:featuredmedia":[{"embeddable":true,"href":"https:\/\/kuriercodziennychicago.com\/index.php\/wp-json\/wp\/v2\/media\/4902"}],"wp:attachment":[{"href":"https:\/\/kuriercodziennychicago.com\/index.php\/wp-json\/wp\/v2\/media?parent=4901"}],"wp:term":[{"taxonomy":"category","embeddable":true,"href":"https:\/\/kuriercodziennychicago.com\/index.php\/wp-json\/wp\/v2\/categories?post=4901"},{"taxonomy":"post_tag","embeddable":true,"href":"https:\/\/kuriercodziennychicago.com\/index.php\/wp-json\/wp\/v2\/tags?post=4901"}],"curies":[{"name":"wp","href":"https:\/\/api.w.org\/{rel}","templated":true}]}}