{"id":4944,"date":"2023-10-18T12:49:15","date_gmt":"2023-10-18T17:49:15","guid":{"rendered":"https:\/\/kuriercodziennychicago.com\/?p=4944"},"modified":"2023-10-18T12:49:16","modified_gmt":"2023-10-18T17:49:16","slug":"chleb-z-napisem-d-tusk-przy-koszu-na-smieci-to-symbol-podejscia-po-do-deklaracji-wyborczych","status":"publish","type":"post","link":"https:\/\/kuriercodziennychicago.com\/index.php\/2023\/10\/18\/chleb-z-napisem-d-tusk-przy-koszu-na-smieci-to-symbol-podejscia-po-do-deklaracji-wyborczych\/","title":{"rendered":"Chleb z napisem D. Tusk przy koszu na \u015bmieci, to symbol podej\u015bcia PO do deklaracji wyborczych"},"content":{"rendered":"<div class=\"wp-block-image is-style-rounded\">\n<figure class=\"alignleft size-full is-resized\"><img decoding=\"async\" width=\"113\" height=\"118\" src=\"https:\/\/kuriercodziennychicago.com\/wp-content\/uploads\/2022\/09\/Zbigniew_Kuzmiuk-e1674519588646.jpg\" alt=\"\" class=\"wp-image-1480\" style=\"aspect-ratio:0.9576271186440678;width:59px;height:auto\"\/><\/figure>\n<\/div>\n\n\n<blockquote class=\"wp-block-quote is-layout-flow wp-block-quote-is-layout-flow\">\n<h3 class=\"wp-block-heading\"><a href=\"https:\/\/naszeblogi.pl\/users\/zbigniew-kuzmiuk\">Zbigniew Ku\u017amiuk<\/a><\/h3>\n<\/blockquote>\n\n\n\n<p>1. Wczoraj internet obieg\u0142o zdj\u0119cie zamieszczone przez \u201eTarnowsk\u0105 TV\u201d z zako\u0144czenia konwencji programowej Platformy, na kt\u00f3rym wida\u0107 poka\u017any bochen chleba z napisem zrobionym z zapieczonego ciasta \u201eDonald Tusk\u201d i naklejonym bia\u0142o-czerwonym serduszkiem, le\u017c\u0105cy obok koszy na \u015bmieci.<br>Donald Tusk by\u0142 na pocz\u0105tku konwencji witany tym bochnem chleba, nawet go uca\u0142owa\u0142, a p\u00f3\u017aniej potraktowa\u0142 tak, \u017ce oburzy\u0142o to dziennikarzy \u201eTarnowskiej TV\u201d i zamie\u015bcili to zdj\u0119cie w internecie.<br>Zdj\u0119cie wywo\u0142a\u0142o burz\u0119 i niezliczone ilo\u015bci komentarzy, kt\u00f3re nie zostawiaj\u0105 suchej nitki na samym Donaldzie Tusku i jego najbli\u017cszym otoczeniu, kt\u00f3re najprawdopodobniej dopu\u015bci\u0142o do tak skandalicznej sytuacji.<br>\u00a0<br>2. Tak si\u0119 sk\u0142ada, \u017ce w drugiej po\u0142owie sierpnia i we wrze\u015bniu w ca\u0142ej Polsce odbywaj\u0105 si\u0119 do\u017cynki, gminne, powiatowe, wojew\u00f3dzkie, diecezjalne, parafialne oraz og\u00f3lnopolskie w Cz\u0119stochowie i prezydenckie w Warszawie, podczas kt\u00f3rych Polacy dzi\u0119kuj\u0105 rolnikom za ich ca\u0142oroczny trud i zapewnienie nam bezpiecze\u0144stwa \u017cywno\u015bciowego.<br>Podczas ka\u017cdych do\u017cynek odbywa si\u0119 obrz\u0119d dzielenia si\u0119 chlebem, podczas kt\u00f3rego starostowie do\u017cynek dziel\u0105 si\u0119 z zebranymi chlebem wypieczonym z m\u0105ki pochodz\u0105cej z tegorocznego ziarna i w ka\u017cdym przypadku, organizatorzy staraj\u0105 si\u0119 aby na ziemi nie znalaz\u0142 si\u0119 nawet ma\u0142y u\u0142omek tego chleba.<br>Chleb w Polsce jest otaczany powszechnym szacunkiem, czemu dobitny wyraz da\u0142 mi\u0119dzy innymi Cyprian Kamil Norwid pisz\u0105c na emigracji \u201eDo kraju tego, gdzie kruszyn\u0119 chleba. Podnosz\u0105 z ziemi przez uszanowanie. Dla dar\u00f3w nieba. T\u0119skno mi, Panie\u201d.<br>\u00a0<\/p>\n\n\n<div class=\"wp-block-image\">\n<figure class=\"alignleft size-full\"><img decoding=\"async\" width=\"259\" height=\"195\" src=\"https:\/\/kuriercodziennychicago.com\/wp-content\/uploads\/2023\/10\/Untitled-7.jpg\" alt=\"\" class=\"wp-image-4945\"\/><\/figure>\n<\/div>\n\n\n<p>3. Takie potraktowanie bochna chleba przez Donalda Tuska, kt\u00f3ry zosta\u0142 mu zadedykowany oznacza, \u017ce podobnie traktuje on rolnik\u00f3w, kt\u00f3rzy orz\u0105, siej\u0105 i zbieraj\u0105, aby nikt w Polsce nie by\u0142 g\u0142odny.<br>Tusk tu\u017c przed og\u0142oszeniem list wyborczych przyj\u0105\u0142 na nie Micha\u0142a Ko\u0142odziejczaka, chc\u0105c niejako rzutem na ta\u015bm\u0119, pokaza\u0107 wyborcom, \u017ce Platform\u0119 interesuj\u0105 tak\u017ce problemy polskiego rolnictwa, cho\u0107 akurat lider Agrounii, znany jest bardziej z r\u00f3\u017cnego rodzaju awantur, organizowania blokad na drogach, a ostatnio prorosyjskich i antyameryka\u0144skich deklaracji, ni\u017c propozycji, kt\u00f3re mia\u0142by dobrze s\u0142u\u017cy\u0107 polskim rolnikom.<br>Teraz ten obrazek z bochnem chleba przy \u015bmietniku z tarnowskiej hali sportowej po zako\u0144czeniu konwencji Platformy, b\u0119dzie prze\u015bladowa\u0142 Tuska i polityk\u00f3w Platformy przez ca\u0142\u0105 kampani\u0119 wyborcz\u0105 i po jej zako\u0144czeniu, bo brak szacunku dla chleba, to tak\u017ce brak szacunku dla rolnik\u00f3w i ich ci\u0119\u017ckiej pracy.<br>\u00a0<br>4. Ale to jak zosta\u0142 potraktowany przez Tuska bochen chleba imiennie mu zadedykowany i po\u015brednio tak\u017ce polscy rolnicy, jest potwierdzeniem jak przewodnicz\u0105cy Platformy i czo\u0142owi politycy tej partii podchodz\u0105 do deklaracji wyborczych.<br>Ten bochen chleba Tusk uca\u0142owa\u0142 na pocz\u0105tku konwencji programowej, a po 2 godzinach znalaz\u0142 si\u0119 on ju\u017c na \u015bmietniku i w taki spos\u00f3b zostan\u0105 potraktowane obietnice wyborcze, kt\u00f3re z szybko\u015bci\u0105 automatu by\u0142y rzucane dziesi\u0105tkami ze sceny w tarnowskiej hali.<br>\u00a0<br>5.Podwy\u017cka pensji dla nauczycieli o 30%, podwy\u017cka pensji dla pracownik\u00f3w sfery bud\u017cetowej o 20% , podwy\u017cszenie kwoty wolnej od podatku w PIT do 60 tys. z\u0142, to tylko 3 propozycje, kt\u00f3rych \u0142\u0105czne koszty przekraczaj\u0105 100 mld z\u0142, a wi\u0119c nie ulega w\u0105tpliwo\u015bci, \u017ce ju\u017c w poniedzia\u0142ek nikt w Platformie o nich nie b\u0119dzie pami\u0119ta\u0142.<br>Zreszt\u0105 podniesienie kwoty wolnej w PIT z 30 tys. z\u0142 do 60 tys. z\u0142 Tusk og\u0142osi\u0142 ju\u017c w po\u0142owie maja, ale jak si\u0119 okaza\u0142o, ju\u017c na drugi dzie\u0144 nie pami\u0119ta\u0142 jaka to by\u0142a kwota, dopytywa\u0142 jednego ze wsp\u00f3\u0142pracownik\u00f3w, czy aby na pewno by\u0142o 60 tys. z\u0142.<br>Zreszt\u0105 tak\u017ce pos\u0142owie PO, t\u0119 zapowied\u017a reklamowali zupe\u0142nie b\u0142\u0119dnie, poniewa\u017c twierdzili, \u017ce w wyniku podwy\u017cszenia kwoty wolnej do 60 tys. z\u0142, pracownicy otrzymuj\u0105cy wynagrodzenia do 6 tys. z\u0142 miesi\u0119cznie, nie b\u0119d\u0105 p\u0142acili podatku PIT.<br>Tyle tylko, \u017ce \u017ceby tak by\u0142o, kwota wolna w PIT powinna wynosi\u0107 72 tys. z\u0142, co oznacza, \u017ce albo autorzy tej deklaracji wyborczej, nie rozumiej\u0105 jak dzia\u0142a ten mechanizm, albo nie potrafi\u0105 wykona\u0107 prostego dzia\u0142ania rachunkowego 12 x 6 tys. z\u0142.<br>\u00a0<br>6. Tak jak Tusk potraktowa\u0142 bochen chleba, a po\u015brednio i rolnik\u00f3w, tak potraktuje wszystkie deklaracje wyborcze jakie z\u0142o\u017cy\u0142 wczoraj w Tarnowie i wcze\u015bniej na r\u00f3\u017cnych wiecach wyborczych.<br>Teraz w kampanii mo\u017ce sk\u0142ada\u0107 je \u201esetkami\u201d, jak wczoraj w Tarnowie, ale zaledwie za kilkana\u015bcie godzin, nie b\u0119dzie ju\u017c o nich pami\u0119ta\u0142, jak by\u0142o w maju w przypadku propozycji z podniesienia kwoty wolnej w podatku PIT do 60 tys. z\u0142.<\/p>\n","protected":false},"excerpt":{"rendered":"<p>Zbigniew Ku\u017amiuk 1. Wczoraj internet obieg\u0142o zdj\u0119cie zamieszczone przez \u201eTarnowsk\u0105 TV\u201d z zako\u0144czenia konwencji programowej Platformy, na kt\u00f3rym<\/p>\n","protected":false},"author":1,"featured_media":4945,"comment_status":"closed","ping_status":"closed","sticky":false,"template":"","format":"standard","meta":{"footnotes":""},"categories":[2,9],"tags":[],"class_list":["post-4944","post","type-post","status-publish","format-standard","has-post-thumbnail","hentry","category-polityka","category-start"],"_links":{"self":[{"href":"https:\/\/kuriercodziennychicago.com\/index.php\/wp-json\/wp\/v2\/posts\/4944","targetHints":{"allow":["GET"]}}],"collection":[{"href":"https:\/\/kuriercodziennychicago.com\/index.php\/wp-json\/wp\/v2\/posts"}],"about":[{"href":"https:\/\/kuriercodziennychicago.com\/index.php\/wp-json\/wp\/v2\/types\/post"}],"author":[{"embeddable":true,"href":"https:\/\/kuriercodziennychicago.com\/index.php\/wp-json\/wp\/v2\/users\/1"}],"replies":[{"embeddable":true,"href":"https:\/\/kuriercodziennychicago.com\/index.php\/wp-json\/wp\/v2\/comments?post=4944"}],"version-history":[{"count":1,"href":"https:\/\/kuriercodziennychicago.com\/index.php\/wp-json\/wp\/v2\/posts\/4944\/revisions"}],"predecessor-version":[{"id":4946,"href":"https:\/\/kuriercodziennychicago.com\/index.php\/wp-json\/wp\/v2\/posts\/4944\/revisions\/4946"}],"wp:featuredmedia":[{"embeddable":true,"href":"https:\/\/kuriercodziennychicago.com\/index.php\/wp-json\/wp\/v2\/media\/4945"}],"wp:attachment":[{"href":"https:\/\/kuriercodziennychicago.com\/index.php\/wp-json\/wp\/v2\/media?parent=4944"}],"wp:term":[{"taxonomy":"category","embeddable":true,"href":"https:\/\/kuriercodziennychicago.com\/index.php\/wp-json\/wp\/v2\/categories?post=4944"},{"taxonomy":"post_tag","embeddable":true,"href":"https:\/\/kuriercodziennychicago.com\/index.php\/wp-json\/wp\/v2\/tags?post=4944"}],"curies":[{"name":"wp","href":"https:\/\/api.w.org\/{rel}","templated":true}]}}