{"id":5001,"date":"2023-10-18T13:20:57","date_gmt":"2023-10-18T18:20:57","guid":{"rendered":"https:\/\/kuriercodziennychicago.com\/?p=5001"},"modified":"2023-10-18T13:20:58","modified_gmt":"2023-10-18T18:20:58","slug":"bezpieka-gorsza-od-mafii","status":"publish","type":"post","link":"https:\/\/kuriercodziennychicago.com\/index.php\/2023\/10\/18\/bezpieka-gorsza-od-mafii\/","title":{"rendered":"Bezpieka gorsza od mafii"},"content":{"rendered":"<div class=\"wp-block-image is-style-rounded\">\n<figure class=\"alignleft size-full is-resized\"><img decoding=\"async\" width=\"136\" height=\"134\" src=\"https:\/\/kuriercodziennychicago.com\/wp-content\/uploads\/2022\/05\/pluzanski-edited-e1674519825278.jpg\" alt=\"\" class=\"wp-image-93\" style=\"aspect-ratio:1.0149253731343284;width:61px;height:auto\"\/><\/figure>\n<\/div>\n\n\n<blockquote class=\"wp-block-quote is-layout-flow wp-block-quote-is-layout-flow\">\n<h3 class=\"wp-block-heading\">Tadeusz M. P\u0142u\u017ca\u0144ski<\/h3>\n<\/blockquote>\n\n\n\n<p>25 wrze\u015bnia 1909 roku w Warszawie urodzi\u0142 si\u0119 Anatol Fejgin, zbrodniarz komunistyczny, cz\u0142onek KPP, PPR i PZPR. W 1957 roku us\u0142ysza\u0142 wyrok 12 lat wi\u0119zienia za \u201enaruszenie socjalistycznej praworz\u0105dno\u015bci\u201d.<\/p>\n\n\n\n<p>Na wolno\u015b\u0107 wyszed\u0142 \u2013 razem z innymi okrutnikami: Romkowskim i R\u00f3\u017ca\u0144skim w 1964 roku. Fejgin uwa\u017ca\u0142 siebie za bohatera \u2013 w III RP domaga\u0142 si\u0119 honorowych uprawnie\u0144 kombatanckich. Anatol Fejgin urodzi\u0142 si\u0119 w zamo\u017cnej rodzinie Moj\u017cesza i Marii, co pozwoli\u0142o mu studiowa\u0107 na Wydziale Medycznym Uniwersytetu Warszawskiego. Ju\u017c w wieku 16 lat zacz\u0105\u0142 komunizowa\u0107. Za komunizm by\u0142 dwukrotnie aresztowany i skazany. Etatowym funkcjonariuszem KPP pozostawa\u0142 a\u017c do jej rozwi\u0105zania w 1938 roku. Do wybuchu wojny pracowa\u0142 jako nauczyciel. W 1939 roku przedosta\u0142 si\u0119 do Brze\u015bcia, a nast\u0119pnie do Lwowa, gdzie pracowa\u0142 jako ekonomista w tamtejszych zak\u0142adach artyleryjskich, a p\u00f3\u017aniej w pa\u0144stwowej drukarni. W maju 1943 roku wst\u0105pi\u0142 do 1. Warszawskiej Dywizji Piechoty im. Tadeusza Ko\u015bciuszki, gdzie od razu zosta\u0142 oficerem politycznym. Bra\u0142 udzia\u0142 w bitwie pod Lenino. 24 wrze\u015bnia 1945 roku w podaniu o przyj\u0119cie do kontrwywiadu wojskowego napisa\u0142: \u201eZ powagi obowi\u0105zk\u00f3w pracownika Informacji zdaj\u0119 sobie w pe\u0142ni spraw\u0119 i obowi\u0105zuj\u0119 si\u0119 uczciwie wype\u0142nia\u0107 je\u201d.<\/p>\n\n\n<div class=\"wp-block-image\">\n<figure class=\"alignleft size-full\"><img decoding=\"async\" width=\"399\" height=\"456\" src=\"https:\/\/kuriercodziennychicago.com\/wp-content\/uploads\/2023\/10\/Anatol_Fejgin.jpeg\" alt=\"\" class=\"wp-image-5002\" srcset=\"https:\/\/kuriercodziennychicago.com\/wp-content\/uploads\/2023\/10\/Anatol_Fejgin.jpeg 399w, https:\/\/kuriercodziennychicago.com\/wp-content\/uploads\/2023\/10\/Anatol_Fejgin-263x300.jpeg 263w\" sizes=\"(max-width: 399px) 100vw, 399px\" \/><\/figure>\n<\/div>\n\n\n<p>Fejgina nie tylko przyj\u0119to, lecz tak\u017ce uczyniono zast\u0119pc\u0105 szefa Informacji \u2013 chyba najbardziej krwawej instytucji w stalinowskiej Polsce. Cztery lata p\u00f3\u017aniej przeni\u00f3s\u0142 si\u0119 do r\u00f3wnie \u201ezas\u0142u\u017conego\u201d Ministerstwa Bezpiecze\u0144stwa Publicznego. \u201eR\u00f3\u017ca\u0144ski nienawidzi\u0142 Fejgina, Fejgin R\u00f3\u017ca\u0144skiego, a \u015awiat\u0142o ich obydwu i jeszcze innych te\u017c. By\u0142o to chyba gorsze od mafii, bo nawet absolutna lojalno\u015b\u0107 wobec szef\u00f3w nie stanowi\u0142a w bezpiece \u017cadnej gwarancji przetrwania\u201d (Barbara Fija\u0142kowska, \u201eBorejsza i R\u00f3\u017ca\u0144ski. Przyczynek do dziej\u00f3w stalinizmu w Polsce\u201d). Dlatego po absolutnie oddanym komunizmowi Fejginie te\u017c przejecha\u0142 bolszewicki walec. Jednak w latach 60. mi\u0119kko wyl\u0105dowa\u0142 w Instytucie Bada\u0144 J\u0105drowych, a potem w Ministerstwie \u0141\u0105czno\u015bci. Przez nikogo nie n\u0119kany zmar\u0142 w 2002 roku w Warszawie, pochowany zosta\u0142 na Pow\u0105zkach Wojskowych.<\/p>\n","protected":false},"excerpt":{"rendered":"<p>Tadeusz M. P\u0142u\u017ca\u0144ski 25 wrze\u015bnia 1909 roku w Warszawie urodzi\u0142 si\u0119 Anatol Fejgin, zbrodniarz komunistyczny, cz\u0142onek KPP, PPR<\/p>\n","protected":false},"author":1,"featured_media":5002,"comment_status":"closed","ping_status":"closed","sticky":false,"template":"","format":"standard","meta":{"footnotes":""},"categories":[4,9],"tags":[],"class_list":["post-5001","post","type-post","status-publish","format-standard","has-post-thumbnail","hentry","category-publicystyka","category-start"],"_links":{"self":[{"href":"https:\/\/kuriercodziennychicago.com\/index.php\/wp-json\/wp\/v2\/posts\/5001","targetHints":{"allow":["GET"]}}],"collection":[{"href":"https:\/\/kuriercodziennychicago.com\/index.php\/wp-json\/wp\/v2\/posts"}],"about":[{"href":"https:\/\/kuriercodziennychicago.com\/index.php\/wp-json\/wp\/v2\/types\/post"}],"author":[{"embeddable":true,"href":"https:\/\/kuriercodziennychicago.com\/index.php\/wp-json\/wp\/v2\/users\/1"}],"replies":[{"embeddable":true,"href":"https:\/\/kuriercodziennychicago.com\/index.php\/wp-json\/wp\/v2\/comments?post=5001"}],"version-history":[{"count":1,"href":"https:\/\/kuriercodziennychicago.com\/index.php\/wp-json\/wp\/v2\/posts\/5001\/revisions"}],"predecessor-version":[{"id":5003,"href":"https:\/\/kuriercodziennychicago.com\/index.php\/wp-json\/wp\/v2\/posts\/5001\/revisions\/5003"}],"wp:featuredmedia":[{"embeddable":true,"href":"https:\/\/kuriercodziennychicago.com\/index.php\/wp-json\/wp\/v2\/media\/5002"}],"wp:attachment":[{"href":"https:\/\/kuriercodziennychicago.com\/index.php\/wp-json\/wp\/v2\/media?parent=5001"}],"wp:term":[{"taxonomy":"category","embeddable":true,"href":"https:\/\/kuriercodziennychicago.com\/index.php\/wp-json\/wp\/v2\/categories?post=5001"},{"taxonomy":"post_tag","embeddable":true,"href":"https:\/\/kuriercodziennychicago.com\/index.php\/wp-json\/wp\/v2\/tags?post=5001"}],"curies":[{"name":"wp","href":"https:\/\/api.w.org\/{rel}","templated":true}]}}