{"id":5069,"date":"2023-11-19T11:13:21","date_gmt":"2023-11-19T17:13:21","guid":{"rendered":"https:\/\/kuriercodziennychicago.com\/?p=5069"},"modified":"2023-11-19T11:13:21","modified_gmt":"2023-11-19T17:13:21","slug":"unijny-budzet-jest-pusty","status":"publish","type":"post","link":"https:\/\/kuriercodziennychicago.com\/index.php\/2023\/11\/19\/unijny-budzet-jest-pusty\/","title":{"rendered":"Unijny bud\u017cet jest pusty!"},"content":{"rendered":"<div class=\"wp-block-image is-style-rounded\">\n<figure class=\"alignleft size-full is-resized\"><img decoding=\"async\" width=\"113\" height=\"118\" src=\"https:\/\/kuriercodziennychicago.com\/wp-content\/uploads\/2022\/09\/Zbigniew_Kuzmiuk-e1674519588646.jpg\" alt=\"\" class=\"wp-image-1480\" style=\"width:51px;height:auto\"\/><\/figure>\n<\/div>\n\n\n<blockquote class=\"wp-block-quote is-layout-flow wp-block-quote-is-layout-flow\">\n<h3 class=\"wp-block-heading\"><a href=\"https:\/\/wpolityce.pl\/autorzy\/274-zbigniew-kuzmiuk\">Zbigniew Ku\u017amiuk<\/a><\/h3>\n<\/blockquote>\n\n\n\n<p><strong>Na&nbsp;zako\u0144czonym w&nbsp;ostatni pi\u0105tek posiedzeniu Rady Europejskiej w&nbsp;Brukseli przewodnicz\u0105ca Parlamentu Europejskiego Roberta Metsola w&nbsp;dramatycznym wyst\u0105pieniu apelowa\u0142a do&nbsp;szef\u00f3w rz\u0105d\u00f3w o&nbsp;uzupe\u0142nienie dochod\u00f3w 7-letniego unijnego bud\u017cetu, poniewa\u017c jak to&nbsp;uj\u0119\u0142a \u201enasze zasoby s\u0105&nbsp;napi\u0119te do&nbsp;granic&nbsp;mo\u017cliwo\u015bci\u201d.<\/strong><\/p>\n\n\n\n<p>W&nbsp;ten spos\u00f3b przewodnicz\u0105ca PE&nbsp;nawi\u0105za\u0142a do&nbsp;tzw. rewizji wieloletniego bud\u017cetu UE&nbsp;na&nbsp;lata 2021-2027, kt\u00f3ra zosta\u0142a przedstawiona przez komisarza ds. bud\u017cetu Johannesa Hahna pod koniec czerwca tego&nbsp;roku.<\/p>\n\n\n\n<p>Tzw. rewizja wieloletnich ram finansowych to&nbsp;standardowa procedura, zawsze w&nbsp;3. roku realizacji 7. letniego unijnego bud\u017cetu, dokonuje si\u0119 jego przegl\u0105du i&nbsp;ewentualnych przesuni\u0119\u0107 wydatk\u00f3w, teraz jednak chodzi o&nbsp;dodatkowe \u015brodki, na&nbsp;kt\u00f3re mia\u0142yby si\u0119 z\u0142o\u017cy\u0107 wszystkie pa\u0144stwa&nbsp;cz\u0142onkowskie.<\/p>\n\n\n\n<figure class=\"wp-block-image size-full\"><img decoding=\"async\" width=\"940\" height=\"626\" src=\"https:\/\/kuriercodziennychicago.com\/wp-content\/uploads\/2023\/11\/084492_r0_940.jpg\" alt=\"\" class=\"wp-image-5070\" srcset=\"https:\/\/kuriercodziennychicago.com\/wp-content\/uploads\/2023\/11\/084492_r0_940.jpg 940w, https:\/\/kuriercodziennychicago.com\/wp-content\/uploads\/2023\/11\/084492_r0_940-300x200.jpg 300w, https:\/\/kuriercodziennychicago.com\/wp-content\/uploads\/2023\/11\/084492_r0_940-768x511.jpg 768w\" sizes=\"(max-width: 940px) 100vw, 940px\" \/><\/figure>\n\n\n\n<p>Chodzi o&nbsp;dodatkowe \u015brodki zwi\u0105zane z&nbsp;nielegaln\u0105 imigracj\u0105, ze&nbsp;wzgl\u0119du na&nbsp;agresj\u0119 Rosji na&nbsp;Ukrain\u0119, wzros\u0142o tak\u017ce zapotrzebowanie na&nbsp;dodatkowe \u015brodki zwi\u0105zane z&nbsp;t\u0105&nbsp;wojn\u0105 i&nbsp;jej konsekwencjami, wreszcie i&nbsp;to&nbsp;jest wr\u0119cz pal\u0105ca potrzeba, konieczne s\u0105&nbsp;znaczne dodatkowe \u015brodki na&nbsp;koszty odsetek od&nbsp;zaci\u0105gni\u0119tych d\u0142ug\u00f3w w&nbsp;zwi\u0105zku z&nbsp;finansowaniem tzw. Funduszu Odbudowy i&nbsp;Zwi\u0119kszania&nbsp;Odporno\u015bci.<\/p>\n\n\n\n<p>Ta&nbsp;ostatnia sprawa jest szczeg\u00f3lnie bulwersuj\u0105ca bo&nbsp;gdy w&nbsp;2020 roku decydowano o&nbsp;powstaniu tego Funduszu, \u015brodki na&nbsp;obs\u0142ug\u0119 odsetek zaplanowano w&nbsp;ramach wieloletniego bud\u017cetu na&nbsp;lata 2021-2027 w&nbsp;kwocie ok. 15&nbsp;mld&nbsp;euro.<\/p>\n\n\n\n<p>Przypomnijmy, \u017ce&nbsp;wspomniany wy\u017cej Fundusz zosta\u0142 ustanowiony w&nbsp;kwocie 750 mld euro (w&nbsp;cenach sta\u0142ych z&nbsp;2018 roku, w&nbsp;cenach bie\u017c\u0105cych to&nbsp;ju\u017c 800 mld euro), w&nbsp;ca\u0142o\u015bci pochodzi z&nbsp;po\u017cyczek zaci\u0105ganych przez Komisj\u0119 Europejsk\u0105 na&nbsp;warunkach rynkowych do&nbsp;2026 roku w\u0142\u0105cznie, przy czym do&nbsp;tej pory po\u017cyczono mniej ni\u017c 1\/3&nbsp;tej&nbsp;sumy.<\/p>\n\n\n\n<p>Przyj\u0119to \u017ce&nbsp;odsetki w&nbsp;strefie euro w&nbsp;tym okresie b\u0119d\u0105 wprawdzie ros\u0142y od&nbsp;0,55% w&nbsp;2021 roku do&nbsp;1,15% w&nbsp;2027 roku tyle tylko, \u017ce&nbsp;EBC zdecydowa\u0142 podnosi\u0107 te&nbsp;stopy znacznie szybciej, a&nbsp;podstawowa stopa od&nbsp;20&nbsp;wrze\u015bnia tego roku wnosi ju\u017c&nbsp;4%.<\/p>\n\n\n\n<p>Oznacza to&nbsp;gwa\u0142towne podro\u017cenie koszt\u00f3w obs\u0142ugi unijnego d\u0142ugu i&nbsp;w&nbsp;tej sytuacji ca\u0142a kwota 15&nbsp;mld euro przewidziana na&nbsp;odsetki do&nbsp;2027 roku, zosta\u0142a w\u0142a\u015bnie wyczerpana i&nbsp;jak si\u0119 szacuje do&nbsp;ko\u0144ca tej perspektywy finansowej na&nbsp;ten cel potrzebne b\u0119dzie dodatkowo przynajmniej 19&nbsp;mld euro (a&nbsp;w&nbsp;praktyce zapewne jeszcze&nbsp;wi\u0119cej).<\/p>\n\n\n\n<p>W&nbsp;tej sytuacji w&nbsp;przedstawionej przez KE&nbsp;rewizji bud\u017cetu na&nbsp;lata 2021-2027 znalaz\u0142o si\u0119 zapotrzebowanie na&nbsp;dodatkowe \u015brodki w&nbsp;kwocie a\u017c&nbsp;66&nbsp;mld euro, kt\u00f3re kraje cz\u0142onkowskie powinny sfinansowa\u0107 w&nbsp;ci\u0105gu najbli\u017cszych&nbsp;4&nbsp;lat.<\/p>\n\n\n\n<p>KE&nbsp;przewiduje ok. 17&nbsp;mld euro dotacji dla Ukrainy (przewidywana kwota dla tego kraju ma&nbsp;wynie\u015b\u0107 sumarycznie 50&nbsp;mld euro, ale 33&nbsp;mld euro maj\u0105 stanowi\u0107 nowe po\u017cyczki zaci\u0105gni\u0119te przez KE), dodatkowo 15&nbsp;mld euro na&nbsp;migracje, 10&nbsp;mld euro na&nbsp;wparcie kilku wcze\u015bniej utworzonych funduszy inwestycyjnych, 2&nbsp;mld euro na&nbsp;sfinansowanie skutk\u00f3w inflacji, 3&nbsp;mld euro na&nbsp;tzw. mechanizm elastyczno\u015bci i&nbsp;wspomniane wcze\u015bniej 19&nbsp;mld euro na&nbsp;koszty&nbsp;odsetkowe.<\/p>\n\n\n\n<p>Z&nbsp;jednej strony mamy wi\u0119c propozycj\u0119 przeznaczenia dodatkowych 15&nbsp;mld euro na&nbsp;migracj\u0119 i&nbsp;jej skutki wewn\u0119trzne i&nbsp;0&nbsp;euro (s\u0142ownie zero euro) na&nbsp;pomoc dla tzw. kraj\u00f3w frontowych, kt\u00f3re przyj\u0119\u0142y najwi\u0119ksz\u0105 ilo\u015b\u0107 uchod\u017ac\u00f3w&nbsp;wojennych.<\/p>\n\n\n\n<p>Dla Polski propozycja takiej nowelizacji wieloletnich ram finansowanych jest niemo\u017cliwa do&nbsp;przyj\u0119cia co&nbsp;najmniej z&nbsp;dw\u00f3ch powod\u00f3w, zerowych \u015brodk\u00f3w na&nbsp;uchod\u017ac\u00f3w z&nbsp;Ukrainy, w&nbsp;sytuacji kiedy Polska tylko w&nbsp;2022 roku przeznaczy\u0142a na&nbsp;ten cel oko\u0142o 8,4&nbsp;mld euro czyli blisko 1% naszego PKB, oraz finansowania odsetek w&nbsp;sytuacji kiedy od&nbsp;blisko 2&nbsp;lat blokowane s\u0105&nbsp;\u015brodki z&nbsp;KPO dla naszego kraju i&nbsp;to&nbsp;jak si\u0119 teraz okaza\u0142o \u201eczarno na&nbsp;bia\u0142ym\u201d, brutaln\u0105 decyzj\u0105 polityczn\u0105 przewodnicz\u0105cej Ursuli von der&nbsp;Leyen.<\/p>\n\n\n\n<p>Ba&nbsp;jak si\u0119 wydaje taka propozycja nowelizacji wieloletniego bud\u017cetu z&nbsp;zerowymi \u015brodkami na&nbsp;finansowanie uchod\u017ac\u00f3w wojennych z&nbsp;Ukrainy przez najbli\u017csze 4&nbsp;lata jest wr\u0119cz prowokacj\u0105 w&nbsp;stosunku do&nbsp;wszystkich tzw. kraj\u00f3w frontowych, kt\u00f3re przyj\u0119\u0142y ich najwi\u0119cej i&nbsp;ci\u0105gle ponosz\u0105 ogromne dodatkowe koszty z&nbsp;tego&nbsp;tytu\u0142u.<\/p>\n","protected":false},"excerpt":{"rendered":"<p>Zbigniew Ku\u017amiuk Na&nbsp;zako\u0144czonym w&nbsp;ostatni pi\u0105tek posiedzeniu Rady Europejskiej w&nbsp;Brukseli przewodnicz\u0105ca Parlamentu Europejskiego Roberta Metsola w&nbsp;dramatycznym wyst\u0105pieniu apelowa\u0142a do&nbsp;szef\u00f3w<\/p>\n","protected":false},"author":1,"featured_media":5070,"comment_status":"closed","ping_status":"closed","sticky":false,"template":"","format":"standard","meta":{"footnotes":""},"categories":[2,9],"tags":[],"class_list":["post-5069","post","type-post","status-publish","format-standard","has-post-thumbnail","hentry","category-polityka","category-start"],"_links":{"self":[{"href":"https:\/\/kuriercodziennychicago.com\/index.php\/wp-json\/wp\/v2\/posts\/5069","targetHints":{"allow":["GET"]}}],"collection":[{"href":"https:\/\/kuriercodziennychicago.com\/index.php\/wp-json\/wp\/v2\/posts"}],"about":[{"href":"https:\/\/kuriercodziennychicago.com\/index.php\/wp-json\/wp\/v2\/types\/post"}],"author":[{"embeddable":true,"href":"https:\/\/kuriercodziennychicago.com\/index.php\/wp-json\/wp\/v2\/users\/1"}],"replies":[{"embeddable":true,"href":"https:\/\/kuriercodziennychicago.com\/index.php\/wp-json\/wp\/v2\/comments?post=5069"}],"version-history":[{"count":1,"href":"https:\/\/kuriercodziennychicago.com\/index.php\/wp-json\/wp\/v2\/posts\/5069\/revisions"}],"predecessor-version":[{"id":5071,"href":"https:\/\/kuriercodziennychicago.com\/index.php\/wp-json\/wp\/v2\/posts\/5069\/revisions\/5071"}],"wp:featuredmedia":[{"embeddable":true,"href":"https:\/\/kuriercodziennychicago.com\/index.php\/wp-json\/wp\/v2\/media\/5070"}],"wp:attachment":[{"href":"https:\/\/kuriercodziennychicago.com\/index.php\/wp-json\/wp\/v2\/media?parent=5069"}],"wp:term":[{"taxonomy":"category","embeddable":true,"href":"https:\/\/kuriercodziennychicago.com\/index.php\/wp-json\/wp\/v2\/categories?post=5069"},{"taxonomy":"post_tag","embeddable":true,"href":"https:\/\/kuriercodziennychicago.com\/index.php\/wp-json\/wp\/v2\/tags?post=5069"}],"curies":[{"name":"wp","href":"https:\/\/api.w.org\/{rel}","templated":true}]}}