{"id":5078,"date":"2023-11-19T11:17:49","date_gmt":"2023-11-19T17:17:49","guid":{"rendered":"https:\/\/kuriercodziennychicago.com\/?p=5078"},"modified":"2023-11-19T11:17:50","modified_gmt":"2023-11-19T17:17:50","slug":"nieznane-ludobojstwo-czyli-tanzania-niemcy-reparacje","status":"publish","type":"post","link":"https:\/\/kuriercodziennychicago.com\/index.php\/2023\/11\/19\/nieznane-ludobojstwo-czyli-tanzania-niemcy-reparacje\/","title":{"rendered":"NIEZNANE LUDOB\u00d3JSTWO CZYLI TANZANIA, NIEMCY, REPARACJE&#8230;"},"content":{"rendered":"<div class=\"wp-block-image is-style-rounded\">\n<figure class=\"alignleft size-full is-resized\"><img decoding=\"async\" width=\"164\" height=\"164\" src=\"https:\/\/kuriercodziennychicago.com\/wp-content\/uploads\/2022\/05\/czarnecki-ryszard-e1674519703884.jpg\" alt=\"\" class=\"wp-image-39\" style=\"width:55px;height:auto\" srcset=\"https:\/\/kuriercodziennychicago.com\/wp-content\/uploads\/2022\/05\/czarnecki-ryszard-e1674519703884.jpg 164w, https:\/\/kuriercodziennychicago.com\/wp-content\/uploads\/2022\/05\/czarnecki-ryszard-e1674519703884-150x150.jpg 150w\" sizes=\"(max-width: 164px) 100vw, 164px\" \/><\/figure>\n<\/div>\n\n\n<blockquote class=\"wp-block-quote is-layout-flow wp-block-quote-is-layout-flow\">\n<h3 class=\"wp-block-heading\"><a href=\"https:\/\/naszeblogi.pl\/users\/ryszard-czarnecki\">Ryszard Czarnecki<\/a><\/h3>\n<\/blockquote>\n\n\n\n<p>Przesz\u0142o\u015b\u0107 dogania Niemcy. Nawet ta odleg\u0142a, bo datuj\u0105ca si\u0119 na pocz\u0105tek XX wieku. Nie chodzi bynajmniej o zbrodnie z czas\u00f3w II wojny \u015bwiatowej, kt\u00f3ra rozpocz\u0119\u0142y Niemcy napa\u015bci\u0105 na Polsk\u0119 i I wojny \u015bwiatowej rozpocz\u0119tej w wielkiej mierze przez Niemcy &#8211; ale o, uwaga, niemieckie czasy kolonialne w Afryce. Tym razem mowa o Tanzanii. Ledwo Berlin zatka\u0142, przynajmniej na jaki\u015b czas usta Namibii przyznaj\u0105c jej w dw\u00f3ch ratach 2,1 miliarda euro (najpierw 1 miliard \u20ac, a przed rokiem 1,1 miliarda \u20ac ponownie) za ludob\u00f3jstwo lud\u00f3w Nama i\u00a0 Herrera dokonane w latach 1906-1908, w du\u017cej cz\u0119\u015bci poprzez\u2026 zag\u0142odzenie i \u015bmier\u0107 z powodu braku wody pitnej. A\u00a0 ju\u017c teraz odzywa si\u0119 Tanzania. \u017beby gasi\u0107 po\u017car zwi\u0105zany z \u017c\u0105daniami reparacyjnych pojecha\u0142 tam prezydent Republiki Federalnej Niemiec<br>Frank-Walter Steinmeier. Warto tu jednak doda\u0107, \u017ce o ile Niemcy w Namibii zg\u0142adzili 75 tysi\u0119cy ludzi (65 tysi\u0119cy cz\u0142onk\u00f3w ludu Herrera i 10 tysi\u0119cy ludu Nama) to skala niemieckiego ludob\u00f3jstwa w Tanzanii jest parokrotnie lub nawet kilkakrotnie wi\u0119ksza: szacuje si\u0119, \u017ce zgin\u0105\u0107 tam mog\u0142o nawet 300 tysi\u0119cy tubylc\u00f3w pochodz\u0105cych z dwudziestu tamtejszych plemion.<\/p>\n\n\n\n<figure class=\"wp-block-image size-large\"><img decoding=\"async\" width=\"1024\" height=\"576\" src=\"https:\/\/kuriercodziennychicago.com\/wp-content\/uploads\/2023\/11\/uid_80eb0eaf79b44a41a2ee447bd2ffb6ea_width_1280_play_0_pos_0_gs_0_height_720-1024x576.jpg\" alt=\"\" class=\"wp-image-5079\" srcset=\"https:\/\/kuriercodziennychicago.com\/wp-content\/uploads\/2023\/11\/uid_80eb0eaf79b44a41a2ee447bd2ffb6ea_width_1280_play_0_pos_0_gs_0_height_720-1024x576.jpg 1024w, https:\/\/kuriercodziennychicago.com\/wp-content\/uploads\/2023\/11\/uid_80eb0eaf79b44a41a2ee447bd2ffb6ea_width_1280_play_0_pos_0_gs_0_height_720-300x169.jpg 300w, https:\/\/kuriercodziennychicago.com\/wp-content\/uploads\/2023\/11\/uid_80eb0eaf79b44a41a2ee447bd2ffb6ea_width_1280_play_0_pos_0_gs_0_height_720-768x432.jpg 768w, https:\/\/kuriercodziennychicago.com\/wp-content\/uploads\/2023\/11\/uid_80eb0eaf79b44a41a2ee447bd2ffb6ea_width_1280_play_0_pos_0_gs_0_height_720.jpg 1280w\" sizes=\"(max-width: 1024px) 100vw, 1024px\" \/><\/figure>\n\n\n\n<p>Charakterystyczne, \u017ce mieszka\u0144c\u00f3w Tanganiki (taka by\u0142a \u00f3wczesna nazwa ziem, kt\u00f3re po p\u00f3\u017aniejszym po\u0142\u0105czeniu z Zanzibarem wesz\u0142y w sk\u0142ad pa\u0144stwa o nazwie Tanzania) nie tylko na masow\u0105 skal\u0119 mordowano, ale te\u017c powszechnie torturowano. Historycy oceniaj\u0105 owe cierpienia jako wr\u0119cz \u201eniewiarygodne\u201d. Dodajmy, \u017ce Niemcy nie dawali tamtejszym\u00a0 Murzynom spokoju nawet po \u015bmierci, bo okaleczali ich cia\u0142a i w du\u017cych ilo\u015bciach wywozili do Niemiec ich&#8230; odci\u0119te g\u0142owy! W Niemczech panuje na ten temat powszechne i\u00a0 zgodne milczenie \u201eponad podzia\u0142ami\u201d.<br>\u00a0<br>Tanzania wyst\u0105pi\u0142a do Berlina o finansowe zado\u015b\u0107uczynienie przed trzema laty. Oficjalnie zwr\u00f3ci\u0142 si\u0119 o to ich ambasador w RFN. Niemiecki prezydent, kt\u00f3ry rozpocz\u0105\u0142 swoj\u0105 wizyt\u0119 ju\u017c wczoraj, w poniedzia\u0142ek, zapewne przeprosi, a przynajmniej wyrazi ubolewanie, odda ho\u0142d itp. ,itd. ale zgodnie z niemieck\u0105 metod\u0105 stosowan\u0105 odno\u015bnie reparacji w Europie (Polska, Grecja, Rumunia, W\u0142ochy) i Afryce (Namibia) b\u0119dzie gra\u0142 na czas licz\u0105c na rozmycie problemu albo przynajmniej znacz\u0105ce zmniejszenie apetyt\u00f3w finansowych kraj\u00f3w europejskich czy afryka\u0144skich \u017c\u0105daj\u0105cych reparacji.<br>\u00a0<br>Sama jednak podr\u00f3\u017c do Canossy cesarza Franza-Waltera jest znamienna: Berlin chce, ale nie mo\u017ce uciec od zbrodni ,kt\u00f3re pope\u0142ni\u0142o pa\u0144stwo niemieckie czy 115 czy 80 lat temu&#8230;<\/p>\n","protected":false},"excerpt":{"rendered":"<p>Ryszard Czarnecki Przesz\u0142o\u015b\u0107 dogania Niemcy. Nawet ta odleg\u0142a, bo datuj\u0105ca si\u0119 na pocz\u0105tek XX wieku. Nie chodzi bynajmniej<\/p>\n","protected":false},"author":1,"featured_media":5079,"comment_status":"closed","ping_status":"closed","sticky":false,"template":"","format":"standard","meta":{"footnotes":""},"categories":[4,9],"tags":[],"class_list":["post-5078","post","type-post","status-publish","format-standard","has-post-thumbnail","hentry","category-publicystyka","category-start"],"_links":{"self":[{"href":"https:\/\/kuriercodziennychicago.com\/index.php\/wp-json\/wp\/v2\/posts\/5078","targetHints":{"allow":["GET"]}}],"collection":[{"href":"https:\/\/kuriercodziennychicago.com\/index.php\/wp-json\/wp\/v2\/posts"}],"about":[{"href":"https:\/\/kuriercodziennychicago.com\/index.php\/wp-json\/wp\/v2\/types\/post"}],"author":[{"embeddable":true,"href":"https:\/\/kuriercodziennychicago.com\/index.php\/wp-json\/wp\/v2\/users\/1"}],"replies":[{"embeddable":true,"href":"https:\/\/kuriercodziennychicago.com\/index.php\/wp-json\/wp\/v2\/comments?post=5078"}],"version-history":[{"count":1,"href":"https:\/\/kuriercodziennychicago.com\/index.php\/wp-json\/wp\/v2\/posts\/5078\/revisions"}],"predecessor-version":[{"id":5080,"href":"https:\/\/kuriercodziennychicago.com\/index.php\/wp-json\/wp\/v2\/posts\/5078\/revisions\/5080"}],"wp:featuredmedia":[{"embeddable":true,"href":"https:\/\/kuriercodziennychicago.com\/index.php\/wp-json\/wp\/v2\/media\/5079"}],"wp:attachment":[{"href":"https:\/\/kuriercodziennychicago.com\/index.php\/wp-json\/wp\/v2\/media?parent=5078"}],"wp:term":[{"taxonomy":"category","embeddable":true,"href":"https:\/\/kuriercodziennychicago.com\/index.php\/wp-json\/wp\/v2\/categories?post=5078"},{"taxonomy":"post_tag","embeddable":true,"href":"https:\/\/kuriercodziennychicago.com\/index.php\/wp-json\/wp\/v2\/tags?post=5078"}],"curies":[{"name":"wp","href":"https:\/\/api.w.org\/{rel}","templated":true}]}}