{"id":5084,"date":"2023-11-19T11:20:38","date_gmt":"2023-11-19T17:20:38","guid":{"rendered":"https:\/\/kuriercodziennychicago.com\/?p=5084"},"modified":"2023-11-19T11:20:39","modified_gmt":"2023-11-19T17:20:39","slug":"sw-karol-boromeusz-nauczyciel-biskupow","status":"publish","type":"post","link":"https:\/\/kuriercodziennychicago.com\/index.php\/2023\/11\/19\/sw-karol-boromeusz-nauczyciel-biskupow\/","title":{"rendered":"\u015aw. Karol Boromeusz, nauczyciel biskup\u00f3w"},"content":{"rendered":"\n<p><strong>\u201eNauczyciel biskup\u00f3w&#8221;, przyczyni\u0142 si\u0119 do zako\u0144czenia Soboru Trydenckiego, za\u0142o\u017cy\u0142 pierwsze na \u015bwiecie seminarium duchowne \u2013 pisze ks. Arkadiusz Noco\u0144 w felietonie dla portalu www.vaticannews.va\/pl i Radia Watyka\u0144skiego. 4 listopada wspominamy \u015bw. Karola Boromeusza (1538-1584). Beatyfikowa\u0142 go papie\u017c Klemens VIII w 1602 r., a kanonizowa\u0142 Pawe\u0142 V w 1610 r. Jego relikwie znajduj\u0105 si\u0119 w katedrze w Mediolanie, a serce w ko\u015bciele San Carlo al Corso w Rzymie. Jest patronem ojc\u00f3w duchownych, profesor\u00f3w seminarium, bibliotekarzy, wzywany tak\u017ce na pomoc przy chorobach \u017co\u0142\u0105dka.<\/strong><\/p>\n\n\n\n<p>\u015aw. Karol Boromeusz urodzi\u0142 si\u0119 w rodzinie arystokratycznej, jako czwarte dziecko. Zgodnie ze zwyczajami epoki, przygotowywany by\u0142 do stanu duchownego. Po \u015bmierci rodzic\u00f3w jego wychowaniem zaj\u0105\u0142 si\u0119 wuj \u2013 kardyna\u0142 Giovanni Angelo Medici, p\u00f3\u017aniejszy papie\u017c Pius IV, kt\u00f3ry \u015bci\u0105gn\u0105\u0142 siostrze\u0144ca do Rzymu. W wieku 23 lat, bez \u015bwi\u0119ce\u0144 kap\u0142a\u0144skich i wykszta\u0142cenia teologicznego, Karol by\u0142 ju\u017c kardyna\u0142em i najwa\u017cniejszym urz\u0119dnikiem kurii. Dzi\u0119ki swojej pozycji m\u00f3g\u0142 \u017cy\u0107 wed\u0142ug renesansowych standard\u00f3w: bankiet\u00f3w, polowa\u0144, zabaw. Sam te\u017c by\u0142 cz\u0142owiekiem Renesansu: \u015bwietnie wykszta\u0142cony, obeznany w sztuce, gra\u0142 na wiolonczeli.<\/p>\n\n\n\n<figure class=\"wp-block-image size-full\"><img decoding=\"async\" width=\"561\" height=\"490\" src=\"https:\/\/kuriercodziennychicago.com\/wp-content\/uploads\/2023\/11\/Saint_Charles_Borromeo.jpg\" alt=\"\" class=\"wp-image-5085\" srcset=\"https:\/\/kuriercodziennychicago.com\/wp-content\/uploads\/2023\/11\/Saint_Charles_Borromeo.jpg 561w, https:\/\/kuriercodziennychicago.com\/wp-content\/uploads\/2023\/11\/Saint_Charles_Borromeo-300x262.jpg 300w\" sizes=\"(max-width: 561px) 100vw, 561px\" \/><\/figure>\n\n\n\n<p>W roku 1563, po \u015bmierci brata, prze\u017cy\u0142 jednak duchow\u0105 przemian\u0119. Zdecydowa\u0142 si\u0119 na przyj\u0119cie \u015bwi\u0119ce\u0144, cho\u0107 sam papie\u017c widzia\u0142 go w ma\u0142\u017ce\u0144stwie dla podtrzymania ci\u0105g\u0142o\u015bci rodu. Wraz z przyj\u0119ciem \u015bwi\u0119ce\u0144 zmieni\u0142 r\u00f3wnie\u017c sw\u00f3j styl \u017cycia, rezygnuj\u0105c z dworskiego przepychu (zamieszka\u0142 w dw\u00f3ch pokojach na poddaszu). W maju 1564 r. mianowany zosta\u0142 biskupem Mediolanu, gdzie czeka\u0142o go niezwykle trudne zadanie. Stan tej diecezji, w kt\u00f3rej od 80 lat nie by\u0142o rezyduj\u0105cego biskupa, by\u0142 op\u0142akany: \u201eW tutejszych \u015bwi\u0105tyniach przechowuje si\u0119 zbo\u017ce, a w klasztorach odbywaj\u0105 si\u0119 ta\u0144ce&#8221; \u2013 zapisano w jednej z kronik. Reform\u0119 \u017cycia religijnego nowy biskup rozpocz\u0105\u0142 od reformy kleru, kt\u00f3rego stan by\u0142 jeszcze gorszy ni\u017c mediola\u0144skich ko\u015bcio\u0142\u00f3w.<\/p>\n\n\n\n<p>Z przem\u00f3wienia \u015bw. Karola Boromeusza do kap\u0142an\u00f3w: \u201ePilnujcie ognia, aby w was nie zagas\u0142 i nie utraci\u0142 swego ciep\u0142a, to znaczy, uciekajcie przed rozproszeniami, trwajcie w skupieniu przed Bogiem, unikajcie pr\u00f3\u017cnych rozm\u00f3w. Polecono ci g\u0142osi\u0107 i naucza\u0107? (&#8230;). Staraj si\u0119 przede wszystkim, aby\u015b przepowiada\u0142 \u017cyciem i obyczajami, aby inni nie szydzili z twych s\u0142\u00f3w i nie potrz\u0105sali g\u0142owami, widz\u0105c, \u017ce co innego g\u0142osisz, a co innego za\u015b czynisz. Jeste\u015b duszpasterzem? Nie chciej z tego powodu zaniedbywa\u0107 siebie samego i nie udzielaj si\u0119 tak bardzo wok\u00f3\u0142, aby dla ciebie ju\u017c nic nie zosta\u0142o. Masz bowiem pami\u0119ta\u0107 o duszach, kt\u00f3rym przewodzisz, ale nie tak, aby\u015b zapomnia\u0142 o w\u0142asnej&#8221;.<\/p>\n\n\n\n<p>W zgodnej opinii historyk\u00f3w najwi\u0119ksz\u0105 zas\u0142ug\u0105 Karola Boromeusza by\u0142o przyczynienie si\u0119 do zako\u0144czenia Soboru Trydenckiego (1545-1563), kt\u00f3rego reformy powstrzyma\u0142y fal\u0119 protestantyzmu. Sam gorliwie wciela\u0142 te reformy w \u017cycie. Kiedy umiera\u0142, kierowana przez niego diecezja, by\u0142a wzorem dla ca\u0142ego chrze\u015bcija\u0144skiego \u015bwiata: \u201ereforma Ko\u015bcio\u0142a powszechnego \u2013 m\u00f3wiono \u2013 by\u0142a c\u00f3rk\u0105 reformy mediola\u0144skiej&#8221;. S\u0142usznie wi\u0119c przylgn\u0119\u0142o do niego okre\u015blenie: \u201enauczyciela biskup\u00f3w&#8221;.<\/p>\n\n\n\n<p>Kilka lat po jego przybyciu do Mediolanu, miasto i okolice nawiedzi\u0142a straszliwa epidemia d\u017cumy, kt\u00f3ra poch\u0142on\u0119\u0142a tysi\u0105ce ofiar. Kiedy w\u0142adze cywilne opu\u015bci\u0142y miasto, Karol Boromeusz wezwa\u0142 jednego z najlepszych lekarzy i nakaza\u0142 wiernym bezwzgl\u0119dnie stosowa\u0107 si\u0119 do wprowadzonych przez niego zasad higieny. On sam odda\u0142 si\u0119 bez reszty potrzebuj\u0105cym, rozdaj\u0105c im \u017cywno\u015b\u0107, lekarstwa, odzie\u017c. Przede wszystkim jednak, by\u0142 duszpasterzem: pociesza\u0142 chorych, zaopatrywa\u0142 umieraj\u0105cych, na rogach ulic celebrowa\u0142 msze \u015bwi\u0119te, aby mo\u017cna w nich uczestniczy\u0107 patrz\u0105c z okna. Zarz\u0105dzi\u0142 te\u017c procesje pokutne: szed\u0142 w nich boso ze sznurem na szyi. D\u017cuma ust\u0105pi\u0142a, a postawa pasterza Mediolanu zadziwi\u0142a \u015bwiat, do tego stopnia, \u017ce gdy kt\u00f3rego\u015b dnia mia\u0142 przyby\u0107 do Rzymu, papie\u017c wyda\u0142 rozporz\u0105dzenie: \u201eKoniec z niepowa\u017cnymi zabawami w mie\u015bcie, przyje\u017cd\u017ca do nas Karol Boromeusz&#8221;.<\/p>\n\n\n\n<p>Uwielbiany przez prosty lud, mia\u0142 jednak wielu wrog\u00f3w, tak po\u015br\u00f3d \u015bwieckich jak i duchownych, kt\u00f3rzy kontestowali jego reformy. Kt\u00f3rego\u015b wieczoru, w czasie nabo\u017ce\u0144stwa, jeden ze zbuntowanych mnich\u00f3w strzeli\u0142 mu w plecy: uratowa\u0142 go solidny w owych czasach str\u00f3j liturgiczny. Zamachowiec nale\u017ca\u0142 do zakonu humiliat\u00f3w, kt\u00f3rego nazwa pochodzi\u0142a od \u0142aci\u0144skiego s\u0142owa humilitas \u2013 pokora. To samo s\u0142owo mia\u0142 w swoim biskupim herbie Karol Boromeusz. Zamach na jego \u017cycie raz jeszcze potwierdzi\u0142, \u017ce s\u0142owa potrafi\u0105 by\u0107 czasem tak dalekie od uczynk\u00f3w, jak daleki jest grzech od cnoty.<\/p>\n\n\n\n<p><em>Ks. Arkadiusz Noco\u0144\/www.vaticannews.va\/pl<\/em><\/p>\n","protected":false},"excerpt":{"rendered":"<p>\u201eNauczyciel biskup\u00f3w&#8221;, przyczyni\u0142 si\u0119 do zako\u0144czenia Soboru Trydenckiego, za\u0142o\u017cy\u0142 pierwsze na \u015bwiecie seminarium duchowne \u2013 pisze ks. Arkadiusz<\/p>\n","protected":false},"author":1,"featured_media":5085,"comment_status":"closed","ping_status":"closed","sticky":false,"template":"","format":"standard","meta":{"footnotes":""},"categories":[3,9],"tags":[],"class_list":["post-5084","post","type-post","status-publish","format-standard","has-post-thumbnail","hentry","category-religia","category-start"],"_links":{"self":[{"href":"https:\/\/kuriercodziennychicago.com\/index.php\/wp-json\/wp\/v2\/posts\/5084","targetHints":{"allow":["GET"]}}],"collection":[{"href":"https:\/\/kuriercodziennychicago.com\/index.php\/wp-json\/wp\/v2\/posts"}],"about":[{"href":"https:\/\/kuriercodziennychicago.com\/index.php\/wp-json\/wp\/v2\/types\/post"}],"author":[{"embeddable":true,"href":"https:\/\/kuriercodziennychicago.com\/index.php\/wp-json\/wp\/v2\/users\/1"}],"replies":[{"embeddable":true,"href":"https:\/\/kuriercodziennychicago.com\/index.php\/wp-json\/wp\/v2\/comments?post=5084"}],"version-history":[{"count":1,"href":"https:\/\/kuriercodziennychicago.com\/index.php\/wp-json\/wp\/v2\/posts\/5084\/revisions"}],"predecessor-version":[{"id":5086,"href":"https:\/\/kuriercodziennychicago.com\/index.php\/wp-json\/wp\/v2\/posts\/5084\/revisions\/5086"}],"wp:featuredmedia":[{"embeddable":true,"href":"https:\/\/kuriercodziennychicago.com\/index.php\/wp-json\/wp\/v2\/media\/5085"}],"wp:attachment":[{"href":"https:\/\/kuriercodziennychicago.com\/index.php\/wp-json\/wp\/v2\/media?parent=5084"}],"wp:term":[{"taxonomy":"category","embeddable":true,"href":"https:\/\/kuriercodziennychicago.com\/index.php\/wp-json\/wp\/v2\/categories?post=5084"},{"taxonomy":"post_tag","embeddable":true,"href":"https:\/\/kuriercodziennychicago.com\/index.php\/wp-json\/wp\/v2\/tags?post=5084"}],"curies":[{"name":"wp","href":"https:\/\/api.w.org\/{rel}","templated":true}]}}