{"id":5136,"date":"2023-12-08T16:02:48","date_gmt":"2023-12-08T22:02:48","guid":{"rendered":"https:\/\/kuriercodziennychicago.com\/?p=5136"},"modified":"2023-12-08T16:02:49","modified_gmt":"2023-12-08T22:02:49","slug":"proba-postawienia-prezydenta-rp-w-trudnej-sytuacji-i-wyscig-po-100-mld-zl-dotacji","status":"publish","type":"post","link":"https:\/\/kuriercodziennychicago.com\/index.php\/2023\/12\/08\/proba-postawienia-prezydenta-rp-w-trudnej-sytuacji-i-wyscig-po-100-mld-zl-dotacji\/","title":{"rendered":"Pr\u00f3ba postawienia Prezydenta RP w trudnej sytuacji i wy\u015bcig po 100 mld z\u0142 dotacji"},"content":{"rendered":"<div class=\"wp-block-image is-style-rounded\">\n<figure class=\"alignleft size-full is-resized\"><img decoding=\"async\" width=\"113\" height=\"118\" src=\"https:\/\/kuriercodziennychicago.com\/wp-content\/uploads\/2022\/09\/Zbigniew_Kuzmiuk-e1674519588646.jpg\" alt=\"\" class=\"wp-image-1480\" style=\"width:53px;height:auto\"\/><\/figure>\n<\/div>\n\n\n<blockquote class=\"wp-block-quote is-layout-flow wp-block-quote-is-layout-flow\">\n<h3 class=\"wp-block-heading\"><a href=\"https:\/\/wpolityce.pl\/autorzy\/274-zbigniew-kuzmiuk\">Zbigniew Ku\u017amiuk<\/a><\/h3>\n<\/blockquote>\n\n\n\n<p><strong>Od&nbsp;kilku dni trwa swoiste przerzucanie \u201egor\u0105cego kartofla\u201d, czyli projektu tzw. ustawy wiatrakowej, pomi\u0119dzy pos\u0142ami Platformy i&nbsp;Ruchu Ho\u0142owni, a&nbsp;wr\u0119cz dystansuj\u0105 si\u0119 od&nbsp;niej w&nbsp;takim kszta\u0142cie pos\u0142owie PSL-u&nbsp;i&nbsp;Lewicy. Ustawa ma&nbsp;wprawdzie tytu\u0142 sugeruj\u0105cy, \u017ce&nbsp;dotyczy tylko mro\u017cenia cen na&nbsp;pr\u0105d, gaz i&nbsp;ciep\u0142o systemowe, ale jak si\u0119 okaza\u0142o, znacz\u0105ca jej cz\u0119\u015b\u0107 ( ponad 90&nbsp;proc. tekstu), po\u015bwi\u0119cone jest otwarciu w&nbsp;zasadzie bez ogranicze\u0144, ca\u0142ego terytorium Polski na&nbsp;dzia\u0142anie lobby wiatrakowego, czyli stawiania turbin wiatrowych (i&nbsp;innych urz\u0105dze\u0144 OZE), tam gdzie b\u0119d\u0105 tego chcieli inwestorzy w&nbsp;\u017ar\u00f3d\u0142a energii odnawialnej. Okazuje si\u0119 tak\u017ce, \u017ce&nbsp;kandydatka Ruchu Ho\u0142owni na&nbsp;ministra \u015brodowiska i&nbsp;klimatu, pose\u0142 Paulina Hennig- Kloska, kt\u00f3ra najpierw chwali\u0142a si\u0119 w&nbsp;mediach spo\u0142eczno\u015bciowych, jak to&nbsp;ci\u0119\u017cko pracowa\u0142a na&nbsp;projektem tej ustawy, teraz twierdzi, \u017ce&nbsp;ta&nbsp;ustawa zosta\u0142a przygotowana przez Platform\u0119, a&nbsp;ona otrzyma\u0142a j\u0105&nbsp;od&nbsp;przewodnicz\u0105cego Borysa Budki, aby j\u0105&nbsp;tylko przejrze\u0107. Co&nbsp;wi\u0119cej Borys Budka zapewni\u0142 j\u0105, \u017ce&nbsp;projekt by\u0142 konsultowany z&nbsp;PSL-em&nbsp;i&nbsp;Lewic\u0105, ale po&nbsp;gwa\u0142townym odci\u0119ciu si\u0119 od&nbsp;niej pos\u0142\u00f3w obydwu partii, wida\u0107 \u017ce&nbsp;te&nbsp;konsultacje musia\u0142y si\u0119 odby\u0107 tylko w&nbsp;g\u0142owie przewodnicz\u0105cego Platformy. W&nbsp;tej sytuacji pos\u0142owie Prawa i&nbsp;Sprawiedliwo\u015bci zawiadomili Prokuratur\u0119 i&nbsp;CBA o&nbsp;mo\u017cliwo\u015bci pope\u0142nienia przest\u0119pstwa w&nbsp;procesie tworzenia przepis\u00f3w tej ustawy, zw\u0142aszcza \u017ce&nbsp;pojawi\u0142y si\u0119 informacje, \u017ce&nbsp;w&nbsp;\u015brodowisku doradc\u00f3w Ruchu Ho\u0142owni znale\u017ali si\u0119 ludzie, kt\u00f3rych mo\u017cna uzna\u0107 za&nbsp;lobbyst\u00f3w zwi\u0105zanych z&nbsp;inwestycjami&nbsp;w&nbsp;OZE.<\/strong><\/p>\n\n\n\n<h3 class=\"wp-block-heading\">Pu\u0142apka na&nbsp;prezydenta i&nbsp;wy\u015bcig&nbsp;o&nbsp;pieni\u0105dze<\/h3>\n\n\n\n<p>Niezale\u017cnie jak potoczy si\u0119 wyja\u015bnianie tego skandalu \u201ewiatrakowego\u201d, to&nbsp;niestety wszystko wskazuje na&nbsp;to, \u017ce&nbsp;autorom tego projektu chodzi\u0142o o&nbsp;to, aby po&nbsp;pierwsze postawi\u0107 prezydenta Andrzeja Dud\u0119 w&nbsp;trudnej sytuacji, a&nbsp;jednocze\u015bnie przygotowa\u0107 grunt do&nbsp;rozpocz\u0119cia przez prywatnych inwestor\u00f3w, wy\u015bcigu o&nbsp;ponad 100 mld z\u0142&nbsp;dotacji z&nbsp;tzw. REPowerEU, b\u0119d\u0105cego cz\u0119\u015bci\u0105 polskiego KPO. Ten dodatkowy rozdzia\u0142 polskiego KPO ( podobnie jak w&nbsp;przypadku pozosta\u0142ych kraj\u00f3w cz\u0142onkowskich), zawiera przedsi\u0119wzi\u0119cia maj\u0105ce na&nbsp;celu uniezale\u017cnienie naszego kraju od&nbsp;rosyjskich surowc\u00f3w kopalnych (g\u0142\u00f3wnie gazu i&nbsp;ropy), na&nbsp;co&nbsp;ma&nbsp;by\u0107 przeznaczone blisko 3&nbsp;mld euro w&nbsp;postaci dotacji i&nbsp;blisko 23&nbsp;mld euro w&nbsp;postaci po\u017cyczek. Ju\u017c w&nbsp;styczniu nast\u0119pnego roku z&nbsp;RePowerEU Polska otrzyma ponad 5&nbsp;mld euro w&nbsp;postaci zaliczek, co&nbsp;oznacza, \u017ce&nbsp;rozpoczn\u0105 si\u0119 konkursy na&nbsp;przedsi\u0119wzi\u0119cia w&nbsp;ramach tego programu w&nbsp;tym g\u0142\u00f3wnie na&nbsp;inwestycje. Oznacza to, \u017ce&nbsp;w&nbsp;ci\u0105gu najbli\u017cszych 3&nbsp;lat, a&nbsp;wi\u0119c do&nbsp;ko\u0144ca 2026 roku do&nbsp;wydatkowania g\u0142\u00f3wnie na&nbsp;odnawialne \u017ar\u00f3d\u0142a energii, b\u0119dzie ponad 100 mld z\u0142&nbsp;i&nbsp;to&nbsp;o&nbsp;te&nbsp;pieni\u0105dze rozpocznie si\u0119 wy\u015bcig prywatnych inwestor\u00f3w, g\u0142\u00f3wnie zreszt\u0105 zagranicznych, kt\u00f3rzy do&nbsp;tej pory mocno weszli w&nbsp;polski&nbsp;rynek.<\/p>\n\n\n\n<figure class=\"wp-block-image size-large\"><img decoding=\"async\" width=\"1024\" height=\"512\" src=\"https:\/\/kuriercodziennychicago.com\/wp-content\/uploads\/2023\/12\/rjok9kpTURBXy8wMGZlZmUwNDVkNzNmODRjNmYzMGFlZDM2ZmI2MmY4Ni5qcGeSlQMAzIPNEHzNCUWTBc0EsM0CWN4AAaEwAQ-1024x512.jpg\" alt=\"\" class=\"wp-image-5137\" srcset=\"https:\/\/kuriercodziennychicago.com\/wp-content\/uploads\/2023\/12\/rjok9kpTURBXy8wMGZlZmUwNDVkNzNmODRjNmYzMGFlZDM2ZmI2MmY4Ni5qcGeSlQMAzIPNEHzNCUWTBc0EsM0CWN4AAaEwAQ-1024x512.jpg 1024w, https:\/\/kuriercodziennychicago.com\/wp-content\/uploads\/2023\/12\/rjok9kpTURBXy8wMGZlZmUwNDVkNzNmODRjNmYzMGFlZDM2ZmI2MmY4Ni5qcGeSlQMAzIPNEHzNCUWTBc0EsM0CWN4AAaEwAQ-300x150.jpg 300w, https:\/\/kuriercodziennychicago.com\/wp-content\/uploads\/2023\/12\/rjok9kpTURBXy8wMGZlZmUwNDVkNzNmODRjNmYzMGFlZDM2ZmI2MmY4Ni5qcGeSlQMAzIPNEHzNCUWTBc0EsM0CWN4AAaEwAQ-768x384.jpg 768w, https:\/\/kuriercodziennychicago.com\/wp-content\/uploads\/2023\/12\/rjok9kpTURBXy8wMGZlZmUwNDVkNzNmODRjNmYzMGFlZDM2ZmI2MmY4Ni5qcGeSlQMAzIPNEHzNCUWTBc0EsM0CWN4AAaEwAQ.jpg 1200w\" sizes=\"(max-width: 1024px) 100vw, 1024px\" \/><\/figure>\n\n\n\n<p>Projekt ustawy zawiera wi\u0119c z&nbsp;jednej strony propozycj\u0119 zamro\u017cenia cen na&nbsp;gaz, pr\u0105d i&nbsp;ciep\u0142o systemowe dla gospodarstw domowych i&nbsp;tzw. podmiot\u00f3w wra\u017cliwych, z&nbsp;drugiej bardzo kontrowersyjne zapisy zwi\u0105zane \u201eprzemys\u0142em wiatrakowym\u201d. Chodzi o&nbsp;to, aby zastawi\u0107 swoist\u0105 pu\u0142apk\u0119 na&nbsp;prezydenta Andrzeja Dud\u0119, kt\u00f3ry w&nbsp;oczywisty spos\u00f3b jest za&nbsp;zamro\u017ceniem cen no\u015bnik\u00f3w energii, z&nbsp;drugiej zapewne by\u0142by przeciwny rozwi\u0105zaniom, kt\u00f3re s\u0105&nbsp;oczywistym lobbingiem \u201eprzemys\u0142u wiatrakowego\u201d. Z&nbsp;kolei przepisy projektu ustawy po\u015bwi\u0119cone otwarto\u015bci polskiego terytorium na&nbsp;OZE, g\u0142\u00f3wnie na&nbsp;l\u0105dowe farmy wiatrowe, maj\u0105 stworzy\u0107 przedsi\u0119biorcom podstawy prawne do&nbsp;projektowania inwestycji w&nbsp;oparciu o&nbsp;pieni\u0105dze z&nbsp;polskiego KPO. Akurat dziwnym trafem w&nbsp;tym przypadku nie ma&nbsp; \u017cadnych \u201ekamieni milowych\u201d, kt\u00f3re Polska mia\u0142aby spe\u0142ni\u0107, tym samym \u015brodki o&nbsp;kt\u00f3rych wspomnia\u0142em wy\u017cej, b\u0119d\u0105 dost\u0119pne ju\u017c na&nbsp;pocz\u0105tku nast\u0119pnego&nbsp;roku.<\/p>\n\n\n\n<h3 class=\"wp-block-heading\">Wida\u0107 to&nbsp;go\u0142ym&nbsp;okiem<\/h3>\n\n\n\n<p>W\u0142a\u015bnie zapewne z&nbsp;tego powodu taki po\u015bpiech w&nbsp;procesie uchwalenia tych przepis\u00f3w, a&nbsp;to, \u017ce&nbsp;stoj\u0105 za&nbsp;nim zagraniczne firmy, kt\u00f3re chc\u0105 inwestowa\u0107 w&nbsp;farmy wiatrowe w&nbsp;Polsce, wida\u0107 go\u0142ym okiem. Potwierdzeniem tego s\u0105&nbsp;mi\u0119dzy innymi zawarte w&nbsp;projekcie ustawy przepisy zwalniaj\u0105ce&nbsp; wielkie firmy OZE dzia\u0142aj\u0105ce na&nbsp;polskim rynku z&nbsp;op\u0142at na&nbsp;rozw\u00f3j odnawialnych \u017ar\u00f3de\u0142 energii, przy czym wi\u0119kszo\u015b\u0107 z&nbsp;nich to&nbsp;firmy&nbsp;niemieckie.<\/p>\n","protected":false},"excerpt":{"rendered":"<p>Zbigniew Ku\u017amiuk Od&nbsp;kilku dni trwa swoiste przerzucanie \u201egor\u0105cego kartofla\u201d, czyli projektu tzw. ustawy wiatrakowej, pomi\u0119dzy pos\u0142ami Platformy i&nbsp;Ruchu<\/p>\n","protected":false},"author":1,"featured_media":5137,"comment_status":"closed","ping_status":"closed","sticky":false,"template":"","format":"standard","meta":{"footnotes":""},"categories":[2,9],"tags":[],"class_list":["post-5136","post","type-post","status-publish","format-standard","has-post-thumbnail","hentry","category-polityka","category-start"],"_links":{"self":[{"href":"https:\/\/kuriercodziennychicago.com\/index.php\/wp-json\/wp\/v2\/posts\/5136","targetHints":{"allow":["GET"]}}],"collection":[{"href":"https:\/\/kuriercodziennychicago.com\/index.php\/wp-json\/wp\/v2\/posts"}],"about":[{"href":"https:\/\/kuriercodziennychicago.com\/index.php\/wp-json\/wp\/v2\/types\/post"}],"author":[{"embeddable":true,"href":"https:\/\/kuriercodziennychicago.com\/index.php\/wp-json\/wp\/v2\/users\/1"}],"replies":[{"embeddable":true,"href":"https:\/\/kuriercodziennychicago.com\/index.php\/wp-json\/wp\/v2\/comments?post=5136"}],"version-history":[{"count":1,"href":"https:\/\/kuriercodziennychicago.com\/index.php\/wp-json\/wp\/v2\/posts\/5136\/revisions"}],"predecessor-version":[{"id":5138,"href":"https:\/\/kuriercodziennychicago.com\/index.php\/wp-json\/wp\/v2\/posts\/5136\/revisions\/5138"}],"wp:featuredmedia":[{"embeddable":true,"href":"https:\/\/kuriercodziennychicago.com\/index.php\/wp-json\/wp\/v2\/media\/5137"}],"wp:attachment":[{"href":"https:\/\/kuriercodziennychicago.com\/index.php\/wp-json\/wp\/v2\/media?parent=5136"}],"wp:term":[{"taxonomy":"category","embeddable":true,"href":"https:\/\/kuriercodziennychicago.com\/index.php\/wp-json\/wp\/v2\/categories?post=5136"},{"taxonomy":"post_tag","embeddable":true,"href":"https:\/\/kuriercodziennychicago.com\/index.php\/wp-json\/wp\/v2\/tags?post=5136"}],"curies":[{"name":"wp","href":"https:\/\/api.w.org\/{rel}","templated":true}]}}