{"id":5171,"date":"2024-02-09T13:44:03","date_gmt":"2024-02-09T19:44:03","guid":{"rendered":"https:\/\/kuriercodziennychicago.com\/?p=5171"},"modified":"2024-02-09T13:44:04","modified_gmt":"2024-02-09T19:44:04","slug":"szpieg-bez-maski-w-brukseli","status":"publish","type":"post","link":"https:\/\/kuriercodziennychicago.com\/index.php\/2024\/02\/09\/szpieg-bez-maski-w-brukseli\/","title":{"rendered":"Szpieg &#8211; bez maski &#8211; w Brukseli"},"content":{"rendered":"<div class=\"wp-block-image is-style-rounded\">\n<figure class=\"alignleft size-full is-resized\"><img decoding=\"async\" width=\"164\" height=\"164\" src=\"https:\/\/kuriercodziennychicago.com\/wp-content\/uploads\/2022\/05\/czarnecki-ryszard-e1674519703884.jpg\" alt=\"\" class=\"wp-image-39\" style=\"width:63px;height:auto\" srcset=\"https:\/\/kuriercodziennychicago.com\/wp-content\/uploads\/2022\/05\/czarnecki-ryszard-e1674519703884.jpg 164w, https:\/\/kuriercodziennychicago.com\/wp-content\/uploads\/2022\/05\/czarnecki-ryszard-e1674519703884-150x150.jpg 150w\" sizes=\"(max-width: 164px) 100vw, 164px\" \/><\/figure>\n<\/div>\n\n\n<blockquote class=\"wp-block-quote is-layout-flow wp-block-quote-is-layout-flow\">\n<h3 class=\"wp-block-heading\">Ryszard Czarnecki<\/h3>\n<\/blockquote>\n\n\n\n<p>Znowu w UE nag\u0142e przebudzenie odno\u015bnie Rosji. Dziennikarskie \u015bledztwo wykaza\u0142o wsp\u00f3\u0142prac\u0119 europos\u0142anki z \u0141otwy \u2013 Rosjanki ze s\u0142u\u017cbami specjalnymi Federacji Rosyjskiej. W mediach \u2013 sensacja. Wzruszam ramionami, bo o tej pani pisa\u0142em w polskich gazetach i portalach od lat. Tatiana Zdanoka \u2013 a po rosyjsku po prostu: Zdanok &#8211; by\u0142a najcz\u0119\u015bciej wypowiadaj\u0105c\u0105 si\u0119 dla rosyjskich medi\u00f3w deputowan\u0105 do PE. Zawsze \u2013 zgodnie z narracj\u0105 Kremla. Gdy \u201ezielone ludziki\u201d zaatakowa\u0142y Krym, gdy w Odessie podpalono budynek z Rosjanami w \u015brodku, kt\u00f3rzy chcieli przy\u0142\u0105czy\u0107 to miasto do swojego pa\u0144stwa, gdy Putin zaatakowa\u0142 naszego wschodniego s\u0105siada \u2013 Zdanoka by\u0142a zawsze na pierwszej linii rosyjskiego frontu medialnego. Nie udawa\u0142a obiektywizmu \u2013 spe\u0142nia\u0142a rol\u0119 propagandystki Kremla.<\/p>\n\n\n\n<p>Charakterystyczne, \u017ce anga\u017cowa\u0142a si\u0119 w prac\u0119 tych delegacji w Parlamencie Europejskim, kt\u00f3re zajmowa\u0142y si\u0119 obszarem postsowieckim \u2013 na przyk\u0142ad Azj\u0105 \u015arodkow\u0105, a wi\u0119c krajami takimi, jak Kazachstan, Kirgistan, Uzbekistan, Tad\u017cykistan, Turkmenistan \u2013 a wi\u0119c tam, gdzie Rosjanie mieli i maj\u0105 wp\u0142ywy historyczne, kulturowe, j\u0119zykowe, gospodarcze, militarne i geopolityczne.<\/p>\n\n\n\n<p>Oczywi\u015bcie nie jest to jedyna Rosjanka (Rosjanin) w\u015br\u00f3d eurodeputowanych. W ka\u017cdej kadencji jest takich kilkoro \u2013 w zasadzie zawsze z dw\u00f3ch kraj\u00f3w: \u0141otwy i Litwy. Zwykle jest dwoje \u2013 troje Rosjan z \u0141otwy i jeden z Litwy. Z tej ostatniej jest lider tamtejszej Partii Pracy Wiktor Uspaskich, kt\u00f3ry nie kryje nie tylko tego, \u017ce jest Rosjaninem, ale \u017ce ma mieszkanie w Moskwie. By\u0142 nawet kandydatem na prezydenta swojego kraju. Paradoksalnie jego Partia Pracy nie nale\u017cy do socjalist\u00f3w , tylko do&#8230; libera\u0142\u00f3w.<\/p>\n\n\n<div class=\"wp-block-image\">\n<figure class=\"alignleft size-full\"><img decoding=\"async\" width=\"292\" height=\"173\" src=\"https:\/\/kuriercodziennychicago.com\/wp-content\/uploads\/2024\/02\/Untitled.jpg\" alt=\"\" class=\"wp-image-5172\"\/><\/figure>\n<\/div>\n\n\n<p>Przez wiele lat obecno\u015b\u0107 &nbsp;Rosjan z kraj\u00f3w ba\u0142tyckich nie przeszkadza\u0142a bardzo wa\u017cnym grupom politycznym z unijnego \u201emainstreamu\u201d. Chodzi o libera\u0142\u00f3w i Zielonych.<\/p>\n\n\n\n<p>Ju\u017c po agresji Rosji na Ukrain\u0119 by\u0142em \u015bwiadkiem, jak by\u0142a minister obrony Litwy, europos\u0142anka z Europejskiej Partii Ludowej na posiedzeniu jednej z komisji publicznie zaatakowa\u0142a Rosjank\u0119 z Estonii z grupy RENEW (libera\u0142owie) za publiczne wspieranie Kremla. Dosz\u0142o do awantury.<\/p>\n\n\n\n<p>W zesz\u0142ej kadencji by\u0142em wraz z delegacj\u0105 Parlamentu Europejskiego w Mongolii. By\u0142a te\u017c tam obecna \u201ebohaterka\u201d europarlamentarnej afery szpiegowskiej. Po ca\u0142ym dniu spotka\u0144 w U\u0142an Bator wr\u00f3cili\u015bmy do hotelu. Kolejni europos\u0142owie wysiadali z windy na kolejnych pi\u0119trach. W ko\u0144cu zostali\u015bmy w windzie sami z ow\u0105 Rosjank\u0105 z \u0141otwy . I wtedy us\u0142ysza\u0142em pytanie: \u201eCzemu Pan tak nienawidzi Rosji, Gaspodin Czarnecki?\u201d\u2026<\/p>\n","protected":false},"excerpt":{"rendered":"<p>Ryszard Czarnecki Znowu w UE nag\u0142e przebudzenie odno\u015bnie Rosji. Dziennikarskie \u015bledztwo wykaza\u0142o wsp\u00f3\u0142prac\u0119 europos\u0142anki z \u0141otwy \u2013 Rosjanki<\/p>\n","protected":false},"author":1,"featured_media":5172,"comment_status":"closed","ping_status":"closed","sticky":false,"template":"","format":"standard","meta":{"footnotes":""},"categories":[2,9],"tags":[],"class_list":["post-5171","post","type-post","status-publish","format-standard","has-post-thumbnail","hentry","category-polityka","category-start"],"_links":{"self":[{"href":"https:\/\/kuriercodziennychicago.com\/index.php\/wp-json\/wp\/v2\/posts\/5171","targetHints":{"allow":["GET"]}}],"collection":[{"href":"https:\/\/kuriercodziennychicago.com\/index.php\/wp-json\/wp\/v2\/posts"}],"about":[{"href":"https:\/\/kuriercodziennychicago.com\/index.php\/wp-json\/wp\/v2\/types\/post"}],"author":[{"embeddable":true,"href":"https:\/\/kuriercodziennychicago.com\/index.php\/wp-json\/wp\/v2\/users\/1"}],"replies":[{"embeddable":true,"href":"https:\/\/kuriercodziennychicago.com\/index.php\/wp-json\/wp\/v2\/comments?post=5171"}],"version-history":[{"count":1,"href":"https:\/\/kuriercodziennychicago.com\/index.php\/wp-json\/wp\/v2\/posts\/5171\/revisions"}],"predecessor-version":[{"id":5173,"href":"https:\/\/kuriercodziennychicago.com\/index.php\/wp-json\/wp\/v2\/posts\/5171\/revisions\/5173"}],"wp:featuredmedia":[{"embeddable":true,"href":"https:\/\/kuriercodziennychicago.com\/index.php\/wp-json\/wp\/v2\/media\/5172"}],"wp:attachment":[{"href":"https:\/\/kuriercodziennychicago.com\/index.php\/wp-json\/wp\/v2\/media?parent=5171"}],"wp:term":[{"taxonomy":"category","embeddable":true,"href":"https:\/\/kuriercodziennychicago.com\/index.php\/wp-json\/wp\/v2\/categories?post=5171"},{"taxonomy":"post_tag","embeddable":true,"href":"https:\/\/kuriercodziennychicago.com\/index.php\/wp-json\/wp\/v2\/tags?post=5171"}],"curies":[{"name":"wp","href":"https:\/\/api.w.org\/{rel}","templated":true}]}}