{"id":625,"date":"2022-06-25T05:20:46","date_gmt":"2022-06-25T03:20:46","guid":{"rendered":"https:\/\/kuriercodziennychicago.com\/?p=625"},"modified":"2022-06-25T05:20:48","modified_gmt":"2022-06-25T03:20:48","slug":"musimy-odrzucic-zielony-fundamentalizm","status":"publish","type":"post","link":"https:\/\/kuriercodziennychicago.com\/index.php\/2022\/06\/25\/musimy-odrzucic-zielony-fundamentalizm\/","title":{"rendered":"Musimy odrzuci\u0107 zielony fundamentalizm"},"content":{"rendered":"<div class=\"wp-block-image\">\n<figure class=\"alignleft size-full\"><img decoding=\"async\" width=\"120\" height=\"120\" src=\"https:\/\/kuriercodziennychicago.com\/wp-content\/uploads\/2022\/05\/Kloc-Izabela.jpeg\" alt=\"\" class=\"wp-image-170\"\/><\/figure>\n<\/div>\n\n\n<h3 class=\"wp-block-heading\"><a href=\"https:\/\/wpolityce.pl\/autorzy\/278-izabela-kloc\">Izabela Kloc<\/a><\/h3>\n\n\n\n<p><strong>Kolejne, unijne kraje przepraszaj\u0105 si\u0119 z\u00a0w\u0119glem, a\u00a0Niemcy zapowiadaj\u0105 nawet reglamentacj\u0119 gazu. Szkoda, \u017ce\u00a0trzeba by\u0142o wojny, aby obudzi\u0107 w\u00a0Europejczykach resztki rozs\u0105dku i\u00a0os\u0142abi\u0107 ich wiar\u0119 w\u00a0energetyk\u0119 odnawialn\u0105. Czy Zielony \u0141ad przestanie by\u0107 \u015bwi\u0119tym Graalem unijnej polityki? To\u00a0jedno z\u00a0najwa\u017cniejszych obecnie\u00a0pyta\u0144.<\/strong><\/p>\n\n\n\n<p>S\u0142owo wiara zosta\u0142o wcze\u015bniej u\u017cyte celowo. Entuzjazm i&nbsp;bezkrytyczne przyjmowanie nawet najbardziej absurdalnych, \u201ezielonych\u201d mrzonek nigdy nie mia\u0142o nic wsp\u00f3lnego z&nbsp;rozs\u0105dkiem i&nbsp;logik\u0105. Jeszcze na&nbsp;pocz\u0105tku wojny wielu unijnych polityk\u00f3w, zw\u0142aszcza niemieckich, przekonywa\u0142o, \u017ce&nbsp;najlepszym lekarstwem na&nbsp;kryzys surowcowy b\u0119dzie ca\u0142kowite przej\u015bcie na&nbsp;energetyk\u0119 odnawialn\u0105. By\u0107 mo\u017ce by\u0142a to&nbsp;dobra mina do&nbsp;z\u0142ej gry. M\u00f3wili tak, bo&nbsp;liczyli na&nbsp;szybk\u0105 kapitulacj\u0119 Ukrainy i&nbsp;powr\u00f3t do&nbsp;interes\u00f3w z&nbsp;Rosj\u0105, kt\u00f3ra energetycznie \u017cyrowa\u0142a Zielony \u0141ad. Wojna trwa ju\u017c jednak czwarty miesi\u0105c, a&nbsp;jej ko\u0144ca nie wida\u0107. Z&nbsp;ka\u017cdym dniem komplikuje si\u0119 sytuacja polityczna i&nbsp;pog\u0142\u0119bia kryzys gospodarczy. Mieszka\u0144cy Unii Europejskiej pakuj\u0105 walizki na&nbsp;wakacje, ale szefowie rz\u0105d\u00f3w wybiegaj\u0105 my\u015blami dalej i&nbsp;martwi\u0105 si\u0119 jak przetrwa\u0107 najbli\u017cszy sezon grzewczy. Ich pomys\u0142y sprowadzaj\u0105 si\u0119&nbsp;do&nbsp;jednego.<\/p>\n\n\n\n<figure class=\"wp-block-image size-large\"><img decoding=\"async\" width=\"1024\" height=\"682\" src=\"https:\/\/kuriercodziennychicago.com\/wp-content\/uploads\/2022\/06\/farma-wiatrakow-w-polsce-1024x682.jpg\" alt=\"\" class=\"wp-image-626\" srcset=\"https:\/\/kuriercodziennychicago.com\/wp-content\/uploads\/2022\/06\/farma-wiatrakow-w-polsce-1024x682.jpg 1024w, https:\/\/kuriercodziennychicago.com\/wp-content\/uploads\/2022\/06\/farma-wiatrakow-w-polsce-300x200.jpg 300w, https:\/\/kuriercodziennychicago.com\/wp-content\/uploads\/2022\/06\/farma-wiatrakow-w-polsce-768x512.jpg 768w, https:\/\/kuriercodziennychicago.com\/wp-content\/uploads\/2022\/06\/farma-wiatrakow-w-polsce-1536x1023.jpg 1536w, https:\/\/kuriercodziennychicago.com\/wp-content\/uploads\/2022\/06\/farma-wiatrakow-w-polsce-2048x1364.jpg 2048w, https:\/\/kuriercodziennychicago.com\/wp-content\/uploads\/2022\/06\/farma-wiatrakow-w-polsce-370x246.jpg 370w\" sizes=\"(max-width: 1024px) 100vw, 1024px\" \/><\/figure>\n\n\n\n<h3 class=\"wp-block-heading\">Do&nbsp;gry wraca tradycyjna&nbsp;energetyka<\/h3>\n\n\n\n<p>Niderlandzki rz\u0105d zapowiedzia\u0142, \u017ce&nbsp;zwi\u0119kszy produkcj\u0119 energii w&nbsp;trzech dzia\u0142aj\u0105cych w&nbsp;tym kraju elektrowniach w\u0119glowych. Maj\u0105 pracowa\u0107 na&nbsp;pe\u0142nych obrotach do&nbsp;2024 roku. Podobny ruch wykona\u0142a Austria. Tamtejszy minister energetyki zakomunikowa\u0142 o&nbsp;planach ponownego uruchomienia elektrociep\u0142owni w&nbsp;Mellach. zamkni\u0119tej w&nbsp;2020 roku. Ponowne uruchomienie tak pot\u0119\u017cnego zak\u0142adu jest sporym i&nbsp;skomplikowanym wyzwaniem. Skoro Austriacy decyduj\u0105 si\u0119 taki krok oznacza to, \u017ce&nbsp;powr\u00f3t w\u0119gla niekoniecznie b\u0119dzie kr\u00f3tkotrwa\u0142ym epizodem. Przypomnijmy, \u017ce&nbsp;jeszcze dwa lata temu tamtejsze w\u0142adze chwali\u0142y si\u0119 ca\u0142kowitym wyeliminowaniem w\u0119gla&nbsp;z&nbsp;energetyki.<\/p>\n\n\n\n<p><strong>Zielone \u015bwiat\u0142o dla \u201eniezielonej\u201d energii da\u0142y te\u017c Niemcy, unijny lider i&nbsp;globalny, gospodarczy&nbsp;gigant<\/strong><\/p>\n\n\n\n<p>Wywodz\u0105cy si\u0119 z&nbsp;partii Zielonych minister gospodarki i&nbsp;klimatu Robert Habeck zapowiedzia\u0142 zmniejszenie produkcji energii elektrycznej z&nbsp;gazu i&nbsp;jednoczesne zwi\u0119kszenie wykorzystania elektrowni zasilanych w\u0119glem brunatnym i&nbsp;kamiennym. To&nbsp;nie wszystko. Niemcy rozwa\u017caj\u0105 wprowadzenie ustawy nakazuj\u0105cej oszcz\u0119dzanie gazu, by&nbsp;zapewni\u0107 bezpiecze\u0144stwo dostaw do&nbsp;kraju. To&nbsp;radykalny krok. Skoro jednak decyduj\u0105 si\u0119 na&nbsp;to&nbsp;Niemcy, pozosta\u0142e kraje zapewne p\u00f3jd\u0105&nbsp;t\u0105&nbsp;drog\u0105.<\/p>\n\n\n\n<p>Wymuszone oszcz\u0119dno\u015bci gazu i&nbsp;cz\u0119\u015bciowy powr\u00f3t do&nbsp;w\u0119gla mog\u0105 wyznacza\u0107 kierunek polityki energetycznej Unii Europejskiej na&nbsp;najbli\u017csze&nbsp;lata.<\/p>\n\n\n\n<p>Na&nbsp;razie mentalnie nie s\u0105&nbsp;do&nbsp;tego przygotowane brukselskie elity. Przewodnicz\u0105ca Komisji Europejskiej Ursula von der Leyen przestrzega, \u017ce&nbsp;nie ma&nbsp;mowy o&nbsp;rezygnacji z&nbsp;klimatycznych priorytet\u00f3w. Z&nbsp;jej \u017carliwej wiary w&nbsp;Zielony \u0141ad nie b\u0119dzie jednak cudu. Putin si\u0119 nie uspokoi, a&nbsp;energetyka odnawialna nie pokona technologicznej bariery, jak\u0105 jest magazynowanie pr\u0105du na&nbsp;masowa skal\u0119. Wi\u0119kszo\u015b\u0107 analityk\u00f3w jest przekonana, \u017ce&nbsp;wojna na&nbsp;Ukrainie mo\u017ce potrwa\u0107 latami i&nbsp;ro\u015bnie ryzyko rosyjskiej agresji na&nbsp;inne kraje. W&nbsp;dodatku na&nbsp;\u015bwiecie pojawiaj\u0105 si\u0119 kolejne ogniska zapalne. Ro\u015bnie napi\u0119cie na&nbsp;linii Turcja \u2013 Iran, nie m\u00f3wi\u0105c ju\u017c o&nbsp;wisz\u0105cej gro\u017abie starcia gigant\u00f3w: Chin i&nbsp;Stan\u00f3w Zjednoczonych. Wniosek z&nbsp;tego jest&nbsp;jeden.<\/p>\n\n\n\n<p><strong>Ostatnie trzydzie\u015bci lat wzgl\u0119dnego spokoju na&nbsp;\u015bwiecie by\u0142o historyczn\u0105 anomali\u0105, a&nbsp;nie dziejowym&nbsp;trendem.<\/strong><\/p>\n\n\n\n<p>Oznacza to, \u017ce&nbsp;musimy by\u0107 gotowi nie tylko na&nbsp;redukcj\u0119 dwutlenku w\u0119gla o&nbsp;55&nbsp;proc., jak g\u0142osi sztandarowe has\u0142o unijnej, zielonej rewolucji. Musimy by\u0107 gotowi na&nbsp;wszystko. W&nbsp;tym pakiecie na&nbsp;ci\u0119\u017ckie czasy nale\u017cy przede wszystkim zadba\u0107 o&nbsp;bezpiecze\u0144stwo energetyczne, o&nbsp;tani i&nbsp;dost\u0119pny pr\u0105d dla ludzi oraz&nbsp;gospodarki.<\/p>\n\n\n\n<p>Na&nbsp;d\u0142ugo przed wybuchem wojny, w&nbsp;czasie perturbacji spowodowanych pandemi\u0105 opublikowa\u0142am artyku\u0142 zatytu\u0142owany \u201eJak trwoga to&nbsp;do\u2026w\u0119gla\u201d. Tre\u015b\u0107 ju\u017c si\u0119 troch\u0119 zdezaktualizowa\u0142a. Za&nbsp;to&nbsp;tytu\u0142 okaza\u0142 si\u0119&nbsp;proroczy.<\/p>\n\n\n\n<h3 class=\"wp-block-heading\"><a href=\"https:\/\/wpolityce.pl\/autorzy\/278-izabela-kloc\">Izabela Kloc<\/a><\/h3>\n\n\n\n<p>Pose\u0142 do Parlamentu Europejskiego, Prawo i Sprawiedliwo\u015b\u0107.<\/p>\n","protected":false},"excerpt":{"rendered":"<p>Izabela Kloc Kolejne, unijne kraje przepraszaj\u0105 si\u0119 z\u00a0w\u0119glem, a\u00a0Niemcy zapowiadaj\u0105 nawet reglamentacj\u0119 gazu. Szkoda, \u017ce\u00a0trzeba by\u0142o wojny, aby<\/p>\n","protected":false},"author":1,"featured_media":0,"comment_status":"closed","ping_status":"closed","sticky":false,"template":"","format":"standard","meta":{"footnotes":""},"categories":[2,9],"tags":[],"class_list":["post-625","post","type-post","status-publish","format-standard","hentry","category-polityka","category-start"],"_links":{"self":[{"href":"https:\/\/kuriercodziennychicago.com\/index.php\/wp-json\/wp\/v2\/posts\/625","targetHints":{"allow":["GET"]}}],"collection":[{"href":"https:\/\/kuriercodziennychicago.com\/index.php\/wp-json\/wp\/v2\/posts"}],"about":[{"href":"https:\/\/kuriercodziennychicago.com\/index.php\/wp-json\/wp\/v2\/types\/post"}],"author":[{"embeddable":true,"href":"https:\/\/kuriercodziennychicago.com\/index.php\/wp-json\/wp\/v2\/users\/1"}],"replies":[{"embeddable":true,"href":"https:\/\/kuriercodziennychicago.com\/index.php\/wp-json\/wp\/v2\/comments?post=625"}],"version-history":[{"count":1,"href":"https:\/\/kuriercodziennychicago.com\/index.php\/wp-json\/wp\/v2\/posts\/625\/revisions"}],"predecessor-version":[{"id":627,"href":"https:\/\/kuriercodziennychicago.com\/index.php\/wp-json\/wp\/v2\/posts\/625\/revisions\/627"}],"wp:attachment":[{"href":"https:\/\/kuriercodziennychicago.com\/index.php\/wp-json\/wp\/v2\/media?parent=625"}],"wp:term":[{"taxonomy":"category","embeddable":true,"href":"https:\/\/kuriercodziennychicago.com\/index.php\/wp-json\/wp\/v2\/categories?post=625"},{"taxonomy":"post_tag","embeddable":true,"href":"https:\/\/kuriercodziennychicago.com\/index.php\/wp-json\/wp\/v2\/tags?post=625"}],"curies":[{"name":"wp","href":"https:\/\/api.w.org\/{rel}","templated":true}]}}