{"id":728,"date":"2022-07-04T11:01:35","date_gmt":"2022-07-04T09:01:35","guid":{"rendered":"https:\/\/kuriercodziennychicago.com\/?p=728"},"modified":"2022-07-04T11:03:44","modified_gmt":"2022-07-04T09:03:44","slug":"wiesci-z-frontu","status":"publish","type":"post","link":"https:\/\/kuriercodziennychicago.com\/index.php\/2022\/07\/04\/wiesci-z-frontu\/","title":{"rendered":"Wie\u015bci z frontu"},"content":{"rendered":"\n<h3 class=\"wp-block-heading\">Ryszard Czarnecki<\/h3>\n\n\n<div class=\"wp-block-image\">\n<figure class=\"alignleft size-full is-resized\"><img decoding=\"async\" src=\"https:\/\/kuriercodziennychicago.com\/wp-content\/uploads\/2022\/05\/czarnecki-ryszard.jpg\" alt=\"\" class=\"wp-image-39\" width=\"110\" height=\"83\"\/><\/figure>\n<\/div>\n\n\n<p>Niemcy. Sklep Lidla. Pier\u015b z kurczaka kosztowa\u0142 6 euro\/kg \u2013teraz 12 euro. To wzrost o 100%. Serek podobny do naszego \u201ewiejskiego\u201d: kosztowa\u0142 0,59 euro, teraz 0,79 euro. A to jest wzrost o 33%. Ale pono\u0107 tylko w Polsce jest dro\u017cyzna. Opozycjo, jak to m\u00f3wi\u0142y nasze babcie \u201ewyjmij oczy z puzdra\u201d, nie b\u0105d\u017a za\u015bciankiem, rozejrzyj si\u0119 woko\u0142o, inni maj\u0105 trudno\u015bci nie mniejsze, a nie raz wi\u0119ksze ni\u017c my. Oczy s\u0105 od patrzenia i widzenia, a nie od zamykania na rzeczywisto\u015b\u0107.<\/p>\n\n\n\n<p>Niemcy. Berlin. Na miejskim k\u0105pielisku \u2013 alarmuj\u0105 miejscowe media, kt\u00f3re tym razem nie schowa\u0142y g\u0142owy w piasek, jak po serii gwa\u0142t\u00f3w w s\u0142ynn\u0105 noc sylwestrowa kilka lat temu \u2013 pobi\u0142a si\u0119 setka m\u0119\u017cczyzn- imigrant\u00f3w. Matki z dzie\u0107mi ucieka\u0142y w pop\u0142ochu. W Polsce&nbsp; obecna w\u0142adza podj\u0119\u0142a kiedy\u015b decyzj\u0119, aby nie zgadza\u0107 si\u0119 na \u017c\u0105dania Brukseli i imigrant\u00f3w z Afryki i Azji nie przyjmowa\u0107, jak uczyni\u0142y to w owczym p\u0119dzie kraje po\u0142o\u017cone na zach\u00f3d od nas. Oni maj\u0105 problemy \u2013 my nie. Ale skoro dzi\u015b dowiadujemy si\u0119 od Tuska i jego akolit\u00f3w, \u017ce \u201e500+\u201d to zas\u0142uga PO, wi\u0119c mo\u017ce te\u017c za par\u0119 lat dowiemy si\u0119, \u017ce maj\u0105 jeszcze jedn\u0105 zas\u0142ug\u0119: \u017ce nie ma u nas imigrant\u00f3w spoza Europy i burd z tym zwi\u0105zanych.<\/p>\n\n\n\n<figure class=\"wp-block-image size-full\"><img decoding=\"async\" width=\"624\" height=\"467\" src=\"https:\/\/kuriercodziennychicago.com\/wp-content\/uploads\/2022\/07\/jpeg-2lw20030-20090818-img_22124078.original.large-4-3-800-111-247-1613-1373.jpg\" alt=\"\" class=\"wp-image-729\" srcset=\"https:\/\/kuriercodziennychicago.com\/wp-content\/uploads\/2022\/07\/jpeg-2lw20030-20090818-img_22124078.original.large-4-3-800-111-247-1613-1373.jpg 624w, https:\/\/kuriercodziennychicago.com\/wp-content\/uploads\/2022\/07\/jpeg-2lw20030-20090818-img_22124078.original.large-4-3-800-111-247-1613-1373-300x225.jpg 300w, https:\/\/kuriercodziennychicago.com\/wp-content\/uploads\/2022\/07\/jpeg-2lw20030-20090818-img_22124078.original.large-4-3-800-111-247-1613-1373-334x250.jpg 334w\" sizes=\"(max-width: 624px) 100vw, 624px\" \/><\/figure>\n\n\n\n<p>Niemcy. Monachium. Tutejszy arcybiskup kardyna\u0142 Reinhard Marx stwierdzi\u0142 w\u0142a\u015bnie w wywiadzie dla w\u0142oskiej \u201eLa Stampy\u201d, \u017ce trzeba znie\u015b\u0107 celibat i otworzy\u0107 si\u0119 na LGBT. Karol Marks pewnie by si\u0119 ucieszy\u0142, zak\u0142adaj\u0105c, \u017ce do piek\u0142a dochodz\u0105 informacje z ziemskiego pado\u0142u. Jakby zareagowali bracia Groucho Marx? Jak to komicy \u2013 pewnie by si\u0119 roze\u015bmieli.<\/p>\n\n\n\n<p>Bruksela. UE zapali\u0142a \u201ezielone \u015bwiat\u0142o\u201d dla Ukrainy i Mo\u0142dawii, ale \u201eczerwone\u201d dla Gruzji. Na Kremlu strzeli\u0142y korki od szampan\u00f3w. Jak kto\u015b kiedy\u015b napisze: \u201eDzieje g\u0142upoty w Unii Europejskiej\u201d to czwartek 23 czerwca A.D. 2022 na pewno b\u0119dzie tam wyeksponowany.<\/p>\n","protected":false},"excerpt":{"rendered":"<p>Ryszard Czarnecki Niemcy. Sklep Lidla. Pier\u015b z kurczaka kosztowa\u0142 6 euro\/kg \u2013teraz 12 euro. To wzrost o 100%.<\/p>\n","protected":false},"author":1,"featured_media":729,"comment_status":"closed","ping_status":"closed","sticky":false,"template":"","format":"standard","meta":{"footnotes":""},"categories":[2,9],"tags":[],"class_list":["post-728","post","type-post","status-publish","format-standard","has-post-thumbnail","hentry","category-polityka","category-start"],"_links":{"self":[{"href":"https:\/\/kuriercodziennychicago.com\/index.php\/wp-json\/wp\/v2\/posts\/728","targetHints":{"allow":["GET"]}}],"collection":[{"href":"https:\/\/kuriercodziennychicago.com\/index.php\/wp-json\/wp\/v2\/posts"}],"about":[{"href":"https:\/\/kuriercodziennychicago.com\/index.php\/wp-json\/wp\/v2\/types\/post"}],"author":[{"embeddable":true,"href":"https:\/\/kuriercodziennychicago.com\/index.php\/wp-json\/wp\/v2\/users\/1"}],"replies":[{"embeddable":true,"href":"https:\/\/kuriercodziennychicago.com\/index.php\/wp-json\/wp\/v2\/comments?post=728"}],"version-history":[{"count":1,"href":"https:\/\/kuriercodziennychicago.com\/index.php\/wp-json\/wp\/v2\/posts\/728\/revisions"}],"predecessor-version":[{"id":730,"href":"https:\/\/kuriercodziennychicago.com\/index.php\/wp-json\/wp\/v2\/posts\/728\/revisions\/730"}],"wp:featuredmedia":[{"embeddable":true,"href":"https:\/\/kuriercodziennychicago.com\/index.php\/wp-json\/wp\/v2\/media\/729"}],"wp:attachment":[{"href":"https:\/\/kuriercodziennychicago.com\/index.php\/wp-json\/wp\/v2\/media?parent=728"}],"wp:term":[{"taxonomy":"category","embeddable":true,"href":"https:\/\/kuriercodziennychicago.com\/index.php\/wp-json\/wp\/v2\/categories?post=728"},{"taxonomy":"post_tag","embeddable":true,"href":"https:\/\/kuriercodziennychicago.com\/index.php\/wp-json\/wp\/v2\/tags?post=728"}],"curies":[{"name":"wp","href":"https:\/\/api.w.org\/{rel}","templated":true}]}}