{"id":758,"date":"2022-07-07T16:21:49","date_gmt":"2022-07-07T14:21:49","guid":{"rendered":"https:\/\/kuriercodziennychicago.com\/?p=758"},"modified":"2022-07-07T16:21:51","modified_gmt":"2022-07-07T14:21:51","slug":"pe-debatowal-jak-zwiekszyc-mozliwosci-eksportu-ukrainskiego-zboza","status":"publish","type":"post","link":"https:\/\/kuriercodziennychicago.com\/index.php\/2022\/07\/07\/pe-debatowal-jak-zwiekszyc-mozliwosci-eksportu-ukrainskiego-zboza\/","title":{"rendered":"PE debatowa\u0142, jak zwi\u0119kszy\u0107 mo\u017cliwo\u015bci eksportu ukrai\u0144skiego zbo\u017ca"},"content":{"rendered":"<div class=\"wp-block-image\">\n<figure class=\"alignleft size-large is-resized\"><img decoding=\"async\" src=\"https:\/\/kuriercodziennychicago.com\/wp-content\/uploads\/2022\/05\/Zbigniew_Kuzmiuk_Sejm_2015-edited-768x1024.jpg\" alt=\"\" class=\"wp-image-126\" width=\"68\" height=\"91\"\/><\/figure>\n<\/div>\n\n\n<h3 class=\"wp-block-heading\"><a href=\"https:\/\/wpolityce.pl\/autorzy\/274-zbigniew-kuzmiuk\">Zbigniew Ku\u017amiuk<\/a><\/h3>\n\n\n\n<p><strong>Wczoraj w&nbsp;Parlamencie Europejskim odby\u0142a si\u0119 debata o&nbsp;u\u0142atwieniach w&nbsp;sprawie eksportu ukrai\u0144skich produkt\u00f3w rolnych, szczeg\u00f3lnie zbo\u017ca, w&nbsp;sytuacji zablokowania przez Rosj\u0119 ukrai\u0144skich port\u00f3w nad Morzem Czarnym, przez kt\u00f3re do&nbsp;wybuchu wojny przechodzi\u0142a zasadnicza cz\u0119\u015b\u0107 tego&nbsp;eksportu.<\/strong><\/p>\n\n\n\n<p>Chodzi nie tylko o&nbsp;eksport zbo\u017ca z&nbsp;ubieg\u0142orocznych zbior\u00f3w, kt\u00f3re zalega w&nbsp;wielu magazynach i&nbsp;b\u0119dzie utrudnia\u0142o tegoroczne zbiory, ale tak\u017ce eksport zbo\u017ca z&nbsp;obecnych zbior\u00f3w, kt\u00f3re w\u0142a\u015bnie na&nbsp;Ukrainie si\u0119&nbsp;rozpocz\u0119\u0142y.<\/p>\n\n\n\n<p>Jest to&nbsp;wyzwanie tak\u017ce przed instytucjami unijnymi na&nbsp;najbli\u017csze przynajmniej 3&nbsp;kwarta\u0142y, a&nbsp;dotychczasowe dzia\u0142ania w&nbsp;postaci chocia\u017cby otwarcia od&nbsp;po\u0142owy maja tzw. korytarzy solidarno\u015bci dla ukrai\u0144skiego zbo\u017ca, tylko w&nbsp;niewielkim stopniu poprawi\u0142o mo\u017cliwo\u015bci jego&nbsp;wywozu.<\/p>\n\n\n\n<p>Zabiera\u0142em g\u0142os w&nbsp;tej debacie i&nbsp;w&nbsp;swojej wypowiedzi podkre\u015bli\u0142em, \u017ce&nbsp;wed\u0142ug szacunk\u00f3w ekspert\u00f3w, Ukraina stoi przed konieczno\u015bci\u0105 wywiezienia w&nbsp;ci\u0105gu najbli\u017cszych 9&nbsp;miesi\u0119cy ok. 50&nbsp;mln ton zb\u00f3\u017c z&nbsp;zesz\u0142orocznych i&nbsp;tegorocznych zbior\u00f3w, czyli ok. 5&nbsp;mln ton&nbsp;miesi\u0119cznie.<\/p>\n\n\n\n<figure class=\"wp-block-image size-full\"><img decoding=\"async\" width=\"940\" height=\"626\" src=\"https:\/\/kuriercodziennychicago.com\/wp-content\/uploads\/2022\/07\/054964_940.jpg\" alt=\"\" class=\"wp-image-759\" srcset=\"https:\/\/kuriercodziennychicago.com\/wp-content\/uploads\/2022\/07\/054964_940.jpg 940w, https:\/\/kuriercodziennychicago.com\/wp-content\/uploads\/2022\/07\/054964_940-300x200.jpg 300w, https:\/\/kuriercodziennychicago.com\/wp-content\/uploads\/2022\/07\/054964_940-768x511.jpg 768w, https:\/\/kuriercodziennychicago.com\/wp-content\/uploads\/2022\/07\/054964_940-370x246.jpg 370w\" sizes=\"(max-width: 940px) 100vw, 940px\" \/><\/figure>\n\n\n\n<p>Zwr\u00f3ci\u0142em r\u00f3wnie\u017c uwag\u0119, \u017ce&nbsp;ca\u0142kowite przekierowanie transportu zbo\u017ca z&nbsp;dotychczasowych szlak\u00f3w morskich na&nbsp;alternatywne szlaki kolejowe i&nbsp;drogowe, to&nbsp;nie tylko przedsi\u0119wzi\u0119cie bezprecedensowe w&nbsp;historii ostatnich kilkudziesi\u0119ciu lat, w&nbsp;zwi\u0105zku z&nbsp;tym w&nbsp;pe\u0142ni niemo\u017cliwe&nbsp;do&nbsp;realizacji.<\/p>\n\n\n\n<p>Podkre\u015bli\u0142em tak\u017ce, \u017ce&nbsp;m\u00f3j kraj Polska, podj\u0105\u0142 ju\u017c wszelkie mo\u017cliwe dzia\u0142ania dotycz\u0105ce poprawy przepustowo\u015bci naszej granicy, dzi\u0119ki czemu przez 4&nbsp;wydzielone polskie przej\u015bcia graniczne jest mo\u017cliwe przewiezienie miesi\u0119cznie ok&nbsp;1,5&nbsp;mln ton zb\u00f3\u017c, ale mo\u017cliwo\u015bci te&nbsp;s\u0105&nbsp;wykorzystywane zaledwie&nbsp;w&nbsp;po\u0142owie.<\/p>\n\n\n\n<h3 class=\"wp-block-heading\">Problemy po&nbsp;stronie&nbsp;ukrai\u0144skiej<\/h3>\n\n\n\n<p>Ponadto zwr\u00f3ci\u0142em uwag\u0119, \u017ce&nbsp;trudno\u015bci zwi\u0105zane z&nbsp;wykorzystaniem mo\u017cliwo\u015bci tranzytu zbo\u017ca przez granic\u0119 ukrai\u0144sko-polsk\u0105, niestety s\u0105&nbsp;po&nbsp;stronie&nbsp;ukrai\u0144skiej.<\/p>\n\n\n\n<p>Powoduje to&nbsp;miedzy innymi, cz\u0119\u015bciowo zniszczona wojn\u0105 infrastruktura drogowa i&nbsp;kolejowa, niedostosowany do&nbsp;tych wyzwa\u0144 transport kolejowy (brak wagon\u00f3w zbo\u017cowych i&nbsp;infrastruktury prze\u0142adunkowej na&nbsp;granicy), oraz rosn\u0105ce lawinowo koszty obowi\u0105zkowych ubezpiecze\u0144 dla tych&nbsp;transport\u00f3w.<\/p>\n\n\n\n<p>Podkre\u015bli\u0142em, \u017ce&nbsp;w&nbsp;tej sytuacji wr\u0119cz dramatycznym wyzwaniem jest odblokowanie drogi morskiej do&nbsp;transportu zbo\u017ca przez ukrai\u0144skie porty nad Morzem Czarnym z&nbsp;udzia\u0142em UE, ONZ, a&nbsp;by\u0107 mo\u017ce tak\u017ce&nbsp;NATO.<\/p>\n\n\n\n<p>Bez tego jak si\u0119 wydaje, oko\u0142o 80&nbsp;proc. czyli ok&nbsp;40&nbsp;mln ton ukrai\u0144skiego zbo\u017ca przeznaczonego na&nbsp;eksport, nie zostanie wywiezione, a&nbsp;to&nbsp;oznacza kl\u0119sk\u0119 g\u0142odu w&nbsp;Afryce P\u00f3\u0142nocnej i&nbsp;na&nbsp;Bliskim Wschodzie, ze&nbsp;wszystkimi tego negatywnymi konsekwencjami, g\u0142\u00f3wnie w&nbsp;postaci nowej masowej fali emigracji, szczeg\u00f3lnie dla kraj\u00f3w Po\u0142udnia&nbsp;UE.<\/p>\n\n\n\n<h3 class=\"wp-block-heading\">Co&nbsp;przekaza\u0142a&nbsp;KE?<\/h3>\n\n\n\n<p>Reprezentantka KE, komisarz Kadri Simson z&nbsp;Estonii, wprawdzie potwierdzi\u0142a skal\u0119 wyzwa\u0144 jakie stoj\u0105 zar\u00f3wno przez Ukrain\u0105 jak i&nbsp;KE&nbsp;w&nbsp;zwi\u0105zku z&nbsp;eksportem ukrai\u0144skiego zbo\u017ca ale twierdzi\u0142a, \u017ce&nbsp;trzeba poprawia\u0107 dro\u017cno\u015b\u0107 istniej\u0105cych l\u0105dowych kana\u0142\u00f3w transportowych ale tak\u017ce tworzy\u0107&nbsp;nowe.<\/p>\n\n\n\n<p>Poinformowa\u0142a, \u017ce&nbsp;w\u0142a\u015bnie KE&nbsp;podpisa\u0142a porozumienie z&nbsp;ze&nbsp;stowarzyszon\u0105 z&nbsp;UE&nbsp;Mo\u0142dawi\u0105 o&nbsp;u\u0142atwieniach dla ukrai\u0144skiego eksportu zbo\u017ca przez ten kraj oraz o&nbsp;wsparciu dla transportu przez Rumuni\u0119 z&nbsp;wykorzystaniem rzeki&nbsp;Dunaj.<\/p>\n\n\n\n<p>Potwierdzi\u0142a, \u017ce&nbsp;w&nbsp;przew\u00f3z zbo\u017ca drog\u0105 l\u0105dow\u0105 (kolej\u0105 i&nbsp;ci\u0119\u017car\u00f3wkami) jest zaanga\u017cowane ponad 400 prywatnych firm (w&nbsp;tym ponad 200 pochodz\u0105cych z&nbsp;Ukrainy), kt\u00f3re zarejestrowa\u0142y si\u0119 na&nbsp;specjalnie uruchomionej przez KE&nbsp;platformie&nbsp;informatycznej.<\/p>\n\n\n\n<p>Podkre\u015bli\u0142a tak\u017ce, \u017ce&nbsp;KE&nbsp;dok\u0142ada stara\u0144 aby ukrai\u0144skie zbo\u017ce, nie by\u0142o spekulacyjnie sprzedawane na&nbsp;rynkach kraj\u00f3w przez, kt\u00f3re odbywa si\u0119 jego tranzyt, poniewa\u017c miejscami docelowymi jego transportu s\u0105&nbsp;kraje Afryki P\u00f3\u0142nocnej i&nbsp;Bliskiego&nbsp;Wschodu.<\/p>\n\n\n\n<p>Nie ustosunkowa\u0142a si\u0119 jednak do&nbsp;pomys\u0142u aby UE, a&nbsp;tak\u017ce ONZ, zdecydowa\u0142y si\u0119 wykupi\u0107 ukrai\u0144skie zbo\u017ce dla \u015awiatowego Programu \u017bywno\u015bciowego i&nbsp;w&nbsp;ten spos\u00f3b ustabilizowa\u0107 jego cen\u0119 oraz zagwarantowa\u0107, \u017ce&nbsp;wcze\u015bniej czy p\u00f3\u017aniej, okre\u015blona jego ilo\u015b\u0107 trafi do&nbsp;kraj\u00f3w najbardziej&nbsp;go&nbsp;potrzebuj\u0105cych.<\/p>\n","protected":false},"excerpt":{"rendered":"<p>Zbigniew Ku\u017amiuk Wczoraj w&nbsp;Parlamencie Europejskim odby\u0142a si\u0119 debata o&nbsp;u\u0142atwieniach w&nbsp;sprawie eksportu ukrai\u0144skich produkt\u00f3w rolnych, szczeg\u00f3lnie zbo\u017ca, w&nbsp;sytuacji zablokowania<\/p>\n","protected":false},"author":1,"featured_media":759,"comment_status":"closed","ping_status":"closed","sticky":false,"template":"","format":"standard","meta":{"footnotes":""},"categories":[2,9],"tags":[],"class_list":["post-758","post","type-post","status-publish","format-standard","has-post-thumbnail","hentry","category-polityka","category-start"],"_links":{"self":[{"href":"https:\/\/kuriercodziennychicago.com\/index.php\/wp-json\/wp\/v2\/posts\/758","targetHints":{"allow":["GET"]}}],"collection":[{"href":"https:\/\/kuriercodziennychicago.com\/index.php\/wp-json\/wp\/v2\/posts"}],"about":[{"href":"https:\/\/kuriercodziennychicago.com\/index.php\/wp-json\/wp\/v2\/types\/post"}],"author":[{"embeddable":true,"href":"https:\/\/kuriercodziennychicago.com\/index.php\/wp-json\/wp\/v2\/users\/1"}],"replies":[{"embeddable":true,"href":"https:\/\/kuriercodziennychicago.com\/index.php\/wp-json\/wp\/v2\/comments?post=758"}],"version-history":[{"count":1,"href":"https:\/\/kuriercodziennychicago.com\/index.php\/wp-json\/wp\/v2\/posts\/758\/revisions"}],"predecessor-version":[{"id":760,"href":"https:\/\/kuriercodziennychicago.com\/index.php\/wp-json\/wp\/v2\/posts\/758\/revisions\/760"}],"wp:featuredmedia":[{"embeddable":true,"href":"https:\/\/kuriercodziennychicago.com\/index.php\/wp-json\/wp\/v2\/media\/759"}],"wp:attachment":[{"href":"https:\/\/kuriercodziennychicago.com\/index.php\/wp-json\/wp\/v2\/media?parent=758"}],"wp:term":[{"taxonomy":"category","embeddable":true,"href":"https:\/\/kuriercodziennychicago.com\/index.php\/wp-json\/wp\/v2\/categories?post=758"},{"taxonomy":"post_tag","embeddable":true,"href":"https:\/\/kuriercodziennychicago.com\/index.php\/wp-json\/wp\/v2\/tags?post=758"}],"curies":[{"name":"wp","href":"https:\/\/api.w.org\/{rel}","templated":true}]}}