{"id":873,"date":"2022-07-15T01:40:57","date_gmt":"2022-07-14T23:40:57","guid":{"rendered":"https:\/\/kuriercodziennychicago.com\/?p=873"},"modified":"2022-07-15T01:40:58","modified_gmt":"2022-07-14T23:40:58","slug":"francja-koscioly-popadaja-w-ruine-nawet-5-tys-do-rozbiorki-w-ciagu-8-lat","status":"publish","type":"post","link":"https:\/\/kuriercodziennychicago.com\/index.php\/2022\/07\/15\/francja-koscioly-popadaja-w-ruine-nawet-5-tys-do-rozbiorki-w-ciagu-8-lat\/","title":{"rendered":"Francja. Ko\u015bcio\u0142y popadaj\u0105 w ruin\u0119 \u2013 nawet 5 tys. do rozbi\u00f3rki w ci\u0105gu 8 lat"},"content":{"rendered":"\n<p><strong>2,5 tys., a nawet 5 tys. ko\u015bcio\u0142\u00f3w we Francji mo\u017ce zosta\u0107 przeznaczonych do rozbi\u00f3rki w ci\u0105gu najbli\u017cszych 8 lat \u2013 wynika z raportu przedstawionego w senacie. Nie s\u0105 to liczby horrendalne, je\u015bli we\u017amie si\u0119 pod uwag\u0119, \u017ce w kraju tym istnieje 100 tys. miejsc kultu, przewa\u017cnie ko\u015bcio\u0142\u00f3w. Autorzy senackiego raportu apeluj\u0105 do pa\u0144stwa o uruchomienie program\u00f3w, kt\u00f3re mog\u0142yby powstrzyma\u0107 degradacj\u0119 religijnego dziedzictwa Francji.<\/strong><\/p>\n\n\n\n<p>W 1905 r. na mocy prawa o rozdziale pa\u0144stwa od Ko\u015bcio\u0142a obiekty sakralne sta\u0142y si\u0119 w\u0142asno\u015bci\u0105 pa\u0144stwa i to lokalne w\u0142adze s\u0105 odpowiedzialne za ich konserwacje. Dzi\u0119ki temu \u015bwi\u0105tynie wybudowane przed t\u0105 dat\u0105 s\u0105 zasadniczo w lepszym stanie, bo \u0142atwiej uzyska\u0107 \u015brodki na najbardziej niezb\u0119dne remonty. Takich ko\u015bcio\u0142\u00f3w jest 45 tys.<\/p>\n\n\n\n<figure class=\"wp-block-image size-full\"><img decoding=\"async\" width=\"970\" height=\"542\" src=\"https:\/\/kuriercodziennychicago.com\/wp-content\/uploads\/2022\/07\/Kosciol-w-Poitiers.-Fot.-wikimedia-1-970x542-1.jpg\" alt=\"\" class=\"wp-image-874\" srcset=\"https:\/\/kuriercodziennychicago.com\/wp-content\/uploads\/2022\/07\/Kosciol-w-Poitiers.-Fot.-wikimedia-1-970x542-1.jpg 970w, https:\/\/kuriercodziennychicago.com\/wp-content\/uploads\/2022\/07\/Kosciol-w-Poitiers.-Fot.-wikimedia-1-970x542-1-300x168.jpg 300w, https:\/\/kuriercodziennychicago.com\/wp-content\/uploads\/2022\/07\/Kosciol-w-Poitiers.-Fot.-wikimedia-1-970x542-1-768x429.jpg 768w, https:\/\/kuriercodziennychicago.com\/wp-content\/uploads\/2022\/07\/Kosciol-w-Poitiers.-Fot.-wikimedia-1-970x542-1-370x207.jpg 370w\" sizes=\"(max-width: 970px) 100vw, 970px\" \/><\/figure>\n\n\n\n<p>W gorszym stanie s\u0105 \u015bwi\u0105tynie z XX w., kt\u00f3re nie nale\u017c\u0105 ju\u017c do pa\u0144stwa, posiadaj\u0105 mniejsz\u0105 warto\u015b\u0107 artystyczn\u0105 i niekiedy zosta\u0142y wybudowane z gorszych materia\u0142\u00f3w. Na skutek sekularyzacji w wielu z nich nie odprawia si\u0119 ju\u017c liturgii, niekt\u00f3re, r\u00f3wnie\u017c w obawie przed aktami wandalizmu, pozostaj\u0105 na sta\u0142e zamkni\u0119te, co przy\u015bpiesza ich zniszczenie, poniewa\u017c nie s\u0105 regularnie wietrzone i nikt nie reaguje na post\u0119puj\u0105ce zniszczenia. Najwi\u0119cej takich opuszczonych ko\u015bcio\u0142\u00f3w jest na prowincji, na terenach wiejskich.<\/p>\n\n\n\n<p>Raport senatu postuluje wi\u0119c uruchomienie og\u00f3lnokrajowego programu ochrony religijnego dziedzictwa Francji. Zak\u0142ada on w pierwszym rz\u0119dzie przeprowadzenie szczeg\u00f3\u0142owej inwentaryzacji. Wnioskuje te\u017c o udost\u0119pnianie ko\u015bcio\u0142\u00f3w dla zwiedzaj\u0105cych, na zaj\u0119cia szkolne, a tak\u017ce dla r\u00f3\u017cnych inicjatyw kulturalnych i spo\u0142ecznych. Autorzy raportu wskazuj\u0105 bowiem, \u017ce \u015bwi\u0105tynie, kt\u00f3re kompletnie zosta\u0142y wy\u0142\u0105czone z u\u017cytku, szybciej popadaj\u0105 w ruin\u0119.<\/p>\n\n\n\n<p>Senat nie opowiada si\u0119 natomiast za sprzeda\u017c\u0105 i desakralizacj\u0105 ko\u015bcio\u0142\u00f3w, poniewa\u017c na trwa\u0142e zmieni\u0142oby to ich charakter. We Francji los taki spotka\u0142 250 ko\u015bcio\u0142\u00f3w, czyli zaledwie 0,6 proc. wszystkich obiekt\u00f3w sakralnych. Senat wskazuje natomiast na potrzeb\u0119 odg\u00f3rnego wspierania ma\u0142ych gmin wiejskich, kt\u00f3re nie maja zasob\u00f3w finansowych i ludzkich, by w nale\u017cyty spos\u00f3b zadba\u0107 o obecne na ich terenie opustosza\u0142e \u015bwi\u0105tynie.<\/p>\n\n\n\n<p>Vatican News\/Krzysztof Bronk \u2013 Watykan<\/p>\n","protected":false},"excerpt":{"rendered":"<p>2,5 tys., a nawet 5 tys. ko\u015bcio\u0142\u00f3w we Francji mo\u017ce zosta\u0107 przeznaczonych do rozbi\u00f3rki w ci\u0105gu najbli\u017cszych 8<\/p>\n","protected":false},"author":1,"featured_media":874,"comment_status":"closed","ping_status":"closed","sticky":false,"template":"","format":"standard","meta":{"footnotes":""},"categories":[3,9],"tags":[],"class_list":["post-873","post","type-post","status-publish","format-standard","has-post-thumbnail","hentry","category-religia","category-start"],"_links":{"self":[{"href":"https:\/\/kuriercodziennychicago.com\/index.php\/wp-json\/wp\/v2\/posts\/873","targetHints":{"allow":["GET"]}}],"collection":[{"href":"https:\/\/kuriercodziennychicago.com\/index.php\/wp-json\/wp\/v2\/posts"}],"about":[{"href":"https:\/\/kuriercodziennychicago.com\/index.php\/wp-json\/wp\/v2\/types\/post"}],"author":[{"embeddable":true,"href":"https:\/\/kuriercodziennychicago.com\/index.php\/wp-json\/wp\/v2\/users\/1"}],"replies":[{"embeddable":true,"href":"https:\/\/kuriercodziennychicago.com\/index.php\/wp-json\/wp\/v2\/comments?post=873"}],"version-history":[{"count":1,"href":"https:\/\/kuriercodziennychicago.com\/index.php\/wp-json\/wp\/v2\/posts\/873\/revisions"}],"predecessor-version":[{"id":875,"href":"https:\/\/kuriercodziennychicago.com\/index.php\/wp-json\/wp\/v2\/posts\/873\/revisions\/875"}],"wp:featuredmedia":[{"embeddable":true,"href":"https:\/\/kuriercodziennychicago.com\/index.php\/wp-json\/wp\/v2\/media\/874"}],"wp:attachment":[{"href":"https:\/\/kuriercodziennychicago.com\/index.php\/wp-json\/wp\/v2\/media?parent=873"}],"wp:term":[{"taxonomy":"category","embeddable":true,"href":"https:\/\/kuriercodziennychicago.com\/index.php\/wp-json\/wp\/v2\/categories?post=873"},{"taxonomy":"post_tag","embeddable":true,"href":"https:\/\/kuriercodziennychicago.com\/index.php\/wp-json\/wp\/v2\/tags?post=873"}],"curies":[{"name":"wp","href":"https:\/\/api.w.org\/{rel}","templated":true}]}}